{"id":24112,"date":"2023-09-30T17:54:19","date_gmt":"2023-09-30T22:54:19","guid":{"rendered":"https:\/\/politicosaldesnudo.com.mx\/?p=24112"},"modified":"2023-09-30T17:55:25","modified_gmt":"2023-09-30T22:55:25","slug":"se-inauguro-la-jornada-integral-de-salud-mes-rosa-en-beneficio-de-familias-tuxpenas","status":"publish","type":"post","link":"https:\/\/politicosaldesnudo.com.mx\/index.php\/2023\/09\/30\/se-inauguro-la-jornada-integral-de-salud-mes-rosa-en-beneficio-de-familias-tuxpenas\/","title":{"rendered":"Se inaugur\u00f3 la Jornada Integral de Salud-Mes Rosa en beneficio de familias tuxpe\u00f1as"},"content":{"rendered":"<p><span style=\"font-size: 14pt;\">Tuxpan, Ver.- El Gobierno de Veracruz, la Secretar\u00eda de Salud, los Servicios de Salud de Veracruz (SESVER), el H. Ayuntamiento de Tuxpan y el DIF Municipal inauguraron la ma\u00f1ana de este s\u00e1bado una Jornada Integral de Salud.<\/span><\/p>\n<p><span style=\"font-size: 14pt;\">Esta jornada se realizar\u00e1 el s\u00e1bado 30 de septiembre y domingo 1\u00ba de octubre en la Unidad Deportiva, de 8:00 de la ma\u00f1ana a 3:00 de la tarde.<\/span><\/p>\n<p><span style=\"font-size: 14pt;\">Quienes as\u00ed lo requieran tendr\u00e1n acceso a consultas m\u00e9dicas generales, as\u00ed como de especialidades en Pediatr\u00eda y Medicina Interna; consultas odontol\u00f3gicas, estudios de mastograf\u00edas; ex\u00e1menes de detecci\u00f3n de VIH, s\u00edfilis y hepatitis C; detecci\u00f3n de ant\u00edgeno prost\u00e1tico; y pl\u00e1ticas preventivas para diversas enfermedades, entre muchos otros servicios m\u00e9dicos m\u00e1s.<\/span><\/p>\n<p><span style=\"font-size: 14pt;\">En la inauguraci\u00f3n estuvieron presentes el Lic. Jorge Eduardo Sisniega Fern\u00e1ndez, director administrativo de SESVER; el alcalde Jos\u00e9 Manuel Pozos Castro; Pamela Morales Huesca, presidenta del DIF Tuxpan; la regidora Lucero Res\u00e9ndis Ambrocio, comisionada den Desarrollo Social; los regidores Axel Bernal Herrera, comisionado en Salud y Asistencia P\u00fablica y Luis Demetrio L\u00f3pez Mar\u00edn.<\/span><\/p>\n<p><span style=\"font-size: 14pt;\">As\u00ed mismo, el Dr. Cuauht\u00e9moc P\u00e9rez Ju\u00e1rez, jefe de la Jurisdicci\u00f3n Sanitaria N\u00fam. 2 en Tuxpan y el Dr. Meynardo Maldonado M\u00e9ndez, secretario general de la Secci\u00f3n 26 Zona Norte del Sindicato Nacional de Trabajadores de la Secretar\u00eda de Salud (SNTSA).<\/span><\/p>\n<p><img data-recalc-dims=\"1\" loading=\"lazy\" decoding=\"async\" class=\"aligncenter size-large wp-image-24116\" src=\"https:\/\/i0.wp.com\/politicosaldesnudo.com.mx\/wp-content\/uploads\/2023\/09\/WhatsApp-Image-2023-09-30-at-15.27.56-1024x682.jpeg?resize=800%2C533&#038;ssl=1\" alt=\"\" width=\"800\" height=\"533\" srcset=\"https:\/\/i0.wp.com\/politicosaldesnudo.com.mx\/wp-content\/uploads\/2023\/09\/WhatsApp-Image-2023-09-30-at-15.27.56.jpeg?resize=1024%2C682&amp;ssl=1 1024w, https:\/\/i0.wp.com\/politicosaldesnudo.com.mx\/wp-content\/uploads\/2023\/09\/WhatsApp-Image-2023-09-30-at-15.27.56.jpeg?resize=300%2C200&amp;ssl=1 300w, https:\/\/i0.wp.com\/politicosaldesnudo.com.mx\/wp-content\/uploads\/2023\/09\/WhatsApp-Image-2023-09-30-at-15.27.56.jpeg?resize=768%2C512&amp;ssl=1 768w, https:\/\/i0.wp.com\/politicosaldesnudo.com.mx\/wp-content\/uploads\/2023\/09\/WhatsApp-Image-2023-09-30-at-15.27.56.jpeg?resize=1536%2C1023&amp;ssl=1 1536w, https:\/\/i0.wp.com\/politicosaldesnudo.com.mx\/wp-content\/uploads\/2023\/09\/WhatsApp-Image-2023-09-30-at-15.27.56.jpeg?w=1600&amp;ssl=1 1600w\" sizes=\"auto, (max-width: 800px) 100vw, 800px\" \/><\/p>\n<p><span style=\"font-size: 14pt;\">Durante el evento, las autoridades hicieron entrega de aparatos funcionales y de movilidad como sillas de ruedas, muletas, andaderas, bastones.<\/span><\/p>\n<p><span style=\"font-size: 14pt;\">Al hacer uso de la voz, el alcalde Jos\u00e9 Manuel Pozos Castro refiri\u00f3 que es a trav\u00e9s de las jornadas de salud que se atiende a la poblaci\u00f3n con servicios m\u00e9dicos gratuitos que permiten mejorar la calidad de vida y el bienestar de las personas.<\/span><\/p>\n<p><span style=\"font-size: 14pt;\">\u201cLa Secretar\u00eda de Salud y SESVER han puesto a disposici\u00f3n de las familias tuxpe\u00f1as m\u00e1s de 25 servicios y unidades m\u00f3viles de Mastograf\u00eda, Dental, Ultrasonido y Laboratorio. Esta es una gran oportunidad para que las mujeres participen en los programas de prevenci\u00f3n de C\u00e1ncer de Mama y C\u00e1ncer Cervicouterino\u201d, se\u00f1al\u00f3.<\/span><\/p>\n<p><span style=\"font-size: 14pt;\">Destac\u00f3 que, \u201cacercando los servicios de salud a la poblaci\u00f3n, bajo criterios de equidad, inclusi\u00f3n e igualdad de g\u00e9nero, se est\u00e1 logrando acortar la brecha de desigualdad, lo que antes no era posible\u201d.<\/span><\/p>\n<p><img data-recalc-dims=\"1\" loading=\"lazy\" decoding=\"async\" class=\"aligncenter size-large wp-image-24113\" src=\"https:\/\/i0.wp.com\/politicosaldesnudo.com.mx\/wp-content\/uploads\/2023\/09\/WhatsApp-Image-2023-09-30-at-15.27.541-1024x681.jpeg?resize=800%2C532&#038;ssl=1\" alt=\"\" width=\"800\" height=\"532\" srcset=\"https:\/\/i0.wp.com\/politicosaldesnudo.com.mx\/wp-content\/uploads\/2023\/09\/WhatsApp-Image-2023-09-30-at-15.27.541.jpeg?resize=1024%2C681&amp;ssl=1 1024w, https:\/\/i0.wp.com\/politicosaldesnudo.com.mx\/wp-content\/uploads\/2023\/09\/WhatsApp-Image-2023-09-30-at-15.27.541.jpeg?resize=300%2C199&amp;ssl=1 300w, https:\/\/i0.wp.com\/politicosaldesnudo.com.mx\/wp-content\/uploads\/2023\/09\/WhatsApp-Image-2023-09-30-at-15.27.541.jpeg?resize=768%2C511&amp;ssl=1 768w, https:\/\/i0.wp.com\/politicosaldesnudo.com.mx\/wp-content\/uploads\/2023\/09\/WhatsApp-Image-2023-09-30-at-15.27.541.jpeg?w=1280&amp;ssl=1 1280w\" sizes=\"auto, (max-width: 800px) 100vw, 800px\" \/><\/p>\n<p><span style=\"font-size: 14pt;\">En ese sentido record\u00f3 que el Gobierno de Tuxpan y los Servicios de Salud de Veracruz han rehabilitado los centros de salud de varias comunidades del municipio: \u201cvamos a seguir con ese programa, porque no podemos descuidar la salud de los habitantes. Estas acciones son lo que llamamos una verdadera transformaci\u00f3n que beneficie a todas y a todos. Tengamos siempre presente que una comunidad sana es una comunidad fuerte\u201d.<\/span><\/p>\n<p><span style=\"font-size: 14pt;\">Pozos Castro reconoci\u00f3 al gobernador Cuitl\u00e1huac Garc\u00eda Jim\u00e9nez \u201cporque en solo 5 a\u00f1os ha logrado un cambio hist\u00f3rico en los Servicios de Salud en el estado, por lo que el pueblo de Tuxpan le env\u00eda un saludo y un reconocimiento\u201d, expres\u00f3.<\/span><\/p>\n<p><span style=\"font-size: 14pt;\">De la misma manera agradeci\u00f3 a todo el personal de salud que labora durante esta jornada: \u201cgracias por este esfuerzo de atender a las ciudadanas y los ciudadanos de Tuxpan\u201d.<\/span><\/p>\n<p><span style=\"font-size: 14pt;\">Por su parte, el director administrativo de SESVER, Lic. Jorge Eduardo Sisniega Fern\u00e1ndez exhort\u00f3 a la poblaci\u00f3n a atenderse en esta jornada que les brinda la oportunidad de detectar y prevenir diversas enfermedades, sin costo alguno.\u00a0<\/span><\/p>\n<p><span style=\"font-size: 14pt;\">Indic\u00f3 que la Secretar\u00eda de Salud trabaja con el ejemplo del gobernador, quien les instruy\u00f3 ir casa por casa para conocer las necesidades de la ciudadan\u00eda, \u201cpor eso hoy estamos aqu\u00ed cumpli\u00e9ndoles\u201d, mencion\u00f3.<\/span><\/p>\n<p><span style=\"font-size: 14pt;\">Agradeci\u00f3 al gobierno de Tuxpan y al alcalde Pozos Castro por trabajar de manera eficiente y colaborar para llevar a cabo estas jornadas.<\/span><\/p>\n<p><img data-recalc-dims=\"1\" loading=\"lazy\" decoding=\"async\" class=\"aligncenter size-large wp-image-24114\" src=\"https:\/\/i0.wp.com\/politicosaldesnudo.com.mx\/wp-content\/uploads\/2023\/09\/WhatsApp-Image-2023-09-30-at-15.27.542-1024x681.jpeg?resize=800%2C532&#038;ssl=1\" alt=\"\" width=\"800\" height=\"532\" srcset=\"https:\/\/i0.wp.com\/politicosaldesnudo.com.mx\/wp-content\/uploads\/2023\/09\/WhatsApp-Image-2023-09-30-at-15.27.542.jpeg?resize=1024%2C681&amp;ssl=1 1024w, https:\/\/i0.wp.com\/politicosaldesnudo.com.mx\/wp-content\/uploads\/2023\/09\/WhatsApp-Image-2023-09-30-at-15.27.542.jpeg?resize=300%2C199&amp;ssl=1 300w, https:\/\/i0.wp.com\/politicosaldesnudo.com.mx\/wp-content\/uploads\/2023\/09\/WhatsApp-Image-2023-09-30-at-15.27.542.jpeg?resize=768%2C511&amp;ssl=1 768w, https:\/\/i0.wp.com\/politicosaldesnudo.com.mx\/wp-content\/uploads\/2023\/09\/WhatsApp-Image-2023-09-30-at-15.27.542.jpeg?w=1280&amp;ssl=1 1280w\" sizes=\"auto, (max-width: 800px) 100vw, 800px\" \/><\/p>\n","protected":false},"excerpt":{"rendered":"<p>Tuxpan, Ver.- El Gobierno de Veracruz, la Secretar\u00eda de Salud, los Servicios de Salud de Veracruz (SESVER), el H. Ayuntamiento<\/p>\n","protected":false},"author":4,"featured_media":24117,"comment_status":"closed","ping_status":"closed","sticky":false,"template":"","format":"standard","meta":{"colormag_page_container_layout":"default_layout","colormag_page_sidebar_layout":"default_layout","_jetpack_memberships_contains_paid_content":false,"footnotes":"","jetpack_publicize_message":"","jetpack_publicize_feature_enabled":true,"jetpack_social_post_already_shared":false,"jetpack_social_options":{"image_generator_settings":{"template":"highway","default_image_id":0,"font":"","enabled":false},"version":2}},"categories":[1082],"tags":[],"class_list":["post-24112","post","type-post","status-publish","format-standard","has-post-thumbnail","hentry","category-tuxpan"],"jetpack_publicize_connections":[],"jetpack_featured_media_url":"https:\/\/i0.wp.com\/politicosaldesnudo.com.mx\/wp-content\/uploads\/2023\/09\/WhatsApp-Image-2023-09-30-at-15.27.561.jpeg?fit=1600%2C1066&ssl=1","jetpack-related-posts":[],"jetpack_sharing_enabled":true,"_links":{"self":[{"href":"https:\/\/politicosaldesnudo.com.mx\/index.php\/wp-json\/wp\/v2\/posts\/24112","targetHints":{"allow":["GET"]}}],"collection":[{"href":"https:\/\/politicosaldesnudo.com.mx\/index.php\/wp-json\/wp\/v2\/posts"}],"about":[{"href":"https:\/\/politicosaldesnudo.com.mx\/index.php\/wp-json\/wp\/v2\/types\/post"}],"author":[{"embeddable":true,"href":"https:\/\/politicosaldesnudo.com.mx\/index.php\/wp-json\/wp\/v2\/users\/4"}],"replies":[{"embeddable":true,"href":"https:\/\/politicosaldesnudo.com.mx\/index.php\/wp-json\/wp\/v2\/comments?post=24112"}],"version-history":[{"count":0,"href":"https:\/\/politicosaldesnudo.com.mx\/index.php\/wp-json\/wp\/v2\/posts\/24112\/revisions"}],"wp:featuredmedia":[{"embeddable":true,"href":"https:\/\/politicosaldesnudo.com.mx\/index.php\/wp-json\/wp\/v2\/media\/24117"}],"wp:attachment":[{"href":"https:\/\/politicosaldesnudo.com.mx\/index.php\/wp-json\/wp\/v2\/media?parent=24112"}],"wp:term":[{"taxonomy":"category","embeddable":true,"href":"https:\/\/politicosaldesnudo.com.mx\/index.php\/wp-json\/wp\/v2\/categories?post=24112"},{"taxonomy":"post_tag","embeddable":true,"href":"https:\/\/politicosaldesnudo.com.mx\/index.php\/wp-json\/wp\/v2\/tags?post=24112"}],"curies":[{"name":"wp","href":"https:\/\/api.w.org\/{rel}","templated":true}]}}