{"id":24140,"date":"2023-10-02T01:42:49","date_gmt":"2023-10-02T06:42:49","guid":{"rendered":"https:\/\/politicosaldesnudo.com.mx\/?p=24140"},"modified":"2023-10-02T01:42:49","modified_gmt":"2023-10-02T06:42:49","slug":"donaciones-a-cuba","status":"publish","type":"post","link":"https:\/\/politicosaldesnudo.com.mx\/index.php\/2023\/10\/02\/donaciones-a-cuba\/","title":{"rendered":"Donaciones a Cuba"},"content":{"rendered":"<p><span style=\"font-size: 14pt;\"><strong>Por: Ricardo Homs<\/strong><\/span><\/p>\n<p><span style=\"font-size: 14pt;\">Ha trascendido que desde 2019 M\u00e9xico ha estado donando millones de barriles de petr\u00f3leo a Cuba y como muestra se ha dado a conocer que en junio le ha obsequiado 350 mil barriles y un mes despu\u00e9s 700 mil, lo cual suma un mill\u00f3n con cincuenta mil barriles en dos meses.<\/span><\/p>\n<p><span style=\"font-size: 14pt;\">Si en dos meses suman m\u00e1s de un mill\u00f3n de barriles, \u00bfCu\u00e1ntos millones se habr\u00e1n regalado s\u00f3lo a Cuba en casi cinco a\u00f1os que lleva este gobierno?&#8230; \u00bf30 millones de barriles?<\/span><\/p>\n<p><span style=\"font-size: 14pt;\">Nos hemos enterado de estas donaciones porque la canciller mexicana Alicia B\u00e1rcena reconoci\u00f3 a la agencia Bloomberg que nuestro pa\u00eds \u201ceval\u00faa opciones\u201d para empezar a vender el petr\u00f3leo que env\u00eda a Cuba. Sin embargo, las donaciones hasta ahora realizadas se han llevado a cabo a trav\u00e9s de la Agencia de Cooperaci\u00f3n Internacional para el Desarrollo de la Naci\u00f3n.<\/span><\/p>\n<p><span style=\"font-size: 14pt;\">Se vuelve urgente que la presidencia de la rep\u00fablica defina y transparente de forma sustentada y con documentos estas interrogantes.<\/span><\/p>\n<p><span style=\"font-size: 14pt;\">Los reportajes period\u00edsticos aclaran tambi\u00e9n que durante este 2023 M\u00e9xico ha enviado a Cuba petr\u00f3leo por 200 millones de d\u00f3lares, sin saberse si fue en calidad de donaci\u00f3n o en venta, lo cual ha sido una investigaci\u00f3n realizada por el Instituto de Energ\u00eda de la Universidad de Texas.<\/span><\/p>\n<p><span style=\"font-size: 14pt;\">La duda es si estos \u00faltimos env\u00edos corresponden a un acuerdo bilateral o siguen siendo un \u201cgeneroso regalo del pueblo de M\u00e9xico\u201d a la hermana rep\u00fablica de Cuba.<\/span><\/p>\n<p><span style=\"font-size: 14pt;\">\u00bfExiste constitucionalmente esta atribuci\u00f3n presidencial?<\/span><\/p>\n<p><span style=\"font-size: 14pt;\">La generosidad se vuelve un valor que enaltece a un pa\u00eds que la pr\u00e1ctica como respuesta de coyuntura a circunstancias fortuitas, como son los fen\u00f3menos clim\u00e1ticos y los desastres naturales, pero no como una actitud cotidiana.<\/span><\/p>\n<p><span style=\"font-size: 14pt;\">Esto nos vuelve a enfrentar a una problem\u00e1tica nacional: \u00bflos pa\u00edses amigos del presidente son amigos de M\u00e9xico?<\/span><\/p>\n<p><span style=\"font-size: 14pt;\">De este modo volvemos a los cuestionamientos que han generado una confusa pol\u00edtica exterior durante este gobierno, como lo ha sido la protecci\u00f3n a un r\u00e9gimen dictatorial y absolutista, -como lo es el del autoritario mandatario nicarag\u00fcense Daniel Ortega-, que est\u00e1 violando derechos humanos para mantenerse en el poder.<\/span><\/p>\n<p><span style=\"font-size: 14pt;\">Sin embargo, la tendencia de la comunidad internacional se ha manifestado como un rechazo a la legitimidad de ese gobierno sudamericano que ya lleva, -sumando los dos periodos que ha gobernado Ortega-, 26 a\u00f1os en el poder.<\/span><\/p>\n<p><span style=\"font-size: 14pt;\">Por otra parte, la err\u00e1tica actitud del gobierno mexicano, que en la ONU respalda como v\u00edctima de una invasi\u00f3n rusa, a Ucrania, ni es clara ni comprometida. Sin embargo, en la pr\u00e1ctica vemos que este gobierno de la 4T invit\u00f3 a nuestra celebraci\u00f3n del inicio independentista del cura Miguel Hidalgo, a un regimiento del ej\u00e9rcito ruso, generando una pol\u00e9mica que culmin\u00f3 con la molestia de la representaci\u00f3n de Ucrania en M\u00e9xico, en voz de la embajadora Oksana Dramaretska, que lament\u00f3 la ambig\u00fcedad de la pol\u00edtica exterior de M\u00e9xico y la ofensiva invitaci\u00f3n al ej\u00e9rcito ruso para participar de nuestro m\u00e1s importante festejo nacional.<\/span><\/p>\n<p><span style=\"font-size: 14pt;\">Hoy son tiempos de definiciones y la noticia que describe la protecci\u00f3n de M\u00e9xico hacia Cuba, Venezuela y Nicaragua, -que tanto conflicto gener\u00f3 a M\u00e9xico durante la \u00faltima Cumbre de las Am\u00e9ricas, realizada en Estados Unidos-, es uno de tantos indicadores de la amistad del presidente L\u00f3pez Obrador con los dictadores Miguel D\u00edaz Canel, Nicol\u00e1s Maduro y Daniel Ortega, la cual, manifestada p\u00fablicamente, compromete a nuestro pa\u00eds.<\/span><\/p>\n<p><span style=\"font-size: 14pt;\">\u00bfA usted qu\u00e9 le parece?<\/span><\/p>\n<p><img data-recalc-dims=\"1\" loading=\"lazy\" decoding=\"async\" class=\"aligncenter size-full wp-image-24086\" src=\"https:\/\/i0.wp.com\/politicosaldesnudo.com.mx\/wp-content\/uploads\/2023\/09\/FIRMA-EDITORIAL-PD.jpg?resize=800%2C98&#038;ssl=1\" alt=\"\" width=\"800\" height=\"98\" srcset=\"https:\/\/i0.wp.com\/politicosaldesnudo.com.mx\/wp-content\/uploads\/2023\/09\/FIRMA-EDITORIAL-PD.jpg?w=1024&amp;ssl=1 1024w, https:\/\/i0.wp.com\/politicosaldesnudo.com.mx\/wp-content\/uploads\/2023\/09\/FIRMA-EDITORIAL-PD.jpg?resize=300%2C37&amp;ssl=1 300w, https:\/\/i0.wp.com\/politicosaldesnudo.com.mx\/wp-content\/uploads\/2023\/09\/FIRMA-EDITORIAL-PD.jpg?resize=768%2C94&amp;ssl=1 768w\" sizes=\"auto, (max-width: 800px) 100vw, 800px\" \/><\/p>\n","protected":false},"excerpt":{"rendered":"<p>Por: Ricardo Homs Ha trascendido que desde 2019 M\u00e9xico ha estado donando millones de barriles de petr\u00f3leo a Cuba y<\/p>\n","protected":false},"author":4,"featured_media":3778,"comment_status":"closed","ping_status":"closed","sticky":false,"template":"","format":"standard","meta":{"colormag_page_container_layout":"default_layout","colormag_page_sidebar_layout":"default_layout","_jetpack_memberships_contains_paid_content":false,"footnotes":"","jetpack_publicize_message":"","jetpack_publicize_feature_enabled":true,"jetpack_social_post_already_shared":false,"jetpack_social_options":{"image_generator_settings":{"template":"highway","default_image_id":0,"font":"","enabled":false},"version":2}},"categories":[26],"tags":[],"class_list":["post-24140","post","type-post","status-publish","format-standard","has-post-thumbnail","hentry","category-columnistas"],"jetpack_publicize_connections":[],"jetpack_featured_media_url":"https:\/\/i0.wp.com\/politicosaldesnudo.com.mx\/wp-content\/uploads\/2022\/04\/RICARDO-HOMS.png?fit=1816%2C1016&ssl=1","jetpack-related-posts":[],"jetpack_sharing_enabled":true,"_links":{"self":[{"href":"https:\/\/politicosaldesnudo.com.mx\/index.php\/wp-json\/wp\/v2\/posts\/24140","targetHints":{"allow":["GET"]}}],"collection":[{"href":"https:\/\/politicosaldesnudo.com.mx\/index.php\/wp-json\/wp\/v2\/posts"}],"about":[{"href":"https:\/\/politicosaldesnudo.com.mx\/index.php\/wp-json\/wp\/v2\/types\/post"}],"author":[{"embeddable":true,"href":"https:\/\/politicosaldesnudo.com.mx\/index.php\/wp-json\/wp\/v2\/users\/4"}],"replies":[{"embeddable":true,"href":"https:\/\/politicosaldesnudo.com.mx\/index.php\/wp-json\/wp\/v2\/comments?post=24140"}],"version-history":[{"count":0,"href":"https:\/\/politicosaldesnudo.com.mx\/index.php\/wp-json\/wp\/v2\/posts\/24140\/revisions"}],"wp:featuredmedia":[{"embeddable":true,"href":"https:\/\/politicosaldesnudo.com.mx\/index.php\/wp-json\/wp\/v2\/media\/3778"}],"wp:attachment":[{"href":"https:\/\/politicosaldesnudo.com.mx\/index.php\/wp-json\/wp\/v2\/media?parent=24140"}],"wp:term":[{"taxonomy":"category","embeddable":true,"href":"https:\/\/politicosaldesnudo.com.mx\/index.php\/wp-json\/wp\/v2\/categories?post=24140"},{"taxonomy":"post_tag","embeddable":true,"href":"https:\/\/politicosaldesnudo.com.mx\/index.php\/wp-json\/wp\/v2\/tags?post=24140"}],"curies":[{"name":"wp","href":"https:\/\/api.w.org\/{rel}","templated":true}]}}