{"id":24146,"date":"2023-10-02T02:28:29","date_gmt":"2023-10-02T07:28:29","guid":{"rendered":"https:\/\/politicosaldesnudo.com.mx\/?p=24146"},"modified":"2023-10-02T02:28:29","modified_gmt":"2023-10-02T07:28:29","slug":"embargan-cibanco-por-deudas-de-pemex-y-su-pleito-con-hacienda","status":"publish","type":"post","link":"https:\/\/politicosaldesnudo.com.mx\/index.php\/2023\/10\/02\/embargan-cibanco-por-deudas-de-pemex-y-su-pleito-con-hacienda\/","title":{"rendered":"Embargan CIBanco por deudas de Pemex y su pleito con Hacienda"},"content":{"rendered":"<h2><span style=\"font-size: 14pt;\">Por: Jos\u00e9 Ure\u00f1a<\/span><\/h2>\n<p><span style=\"font-size: 14pt;\">Un mandato judicial exhibe grillas al m\u00e1s alto nivel.<\/span><\/p>\n<p><span style=\"font-size: 14pt;\">El Juez S\u00e9ptimo de Distrito en Materia Civil de la Ciudad de M\u00e9xico orden\u00f3 embargar a CIBanco por deudas a empresas petroleras.<\/span><\/p>\n<p><span style=\"font-size: 14pt;\">El monto no es alto: 33 millones 541 mil d\u00f3lares, pero son parte de una factura pendiente y un litigio superior a 120 millones de d\u00f3lares.<\/span><\/p>\n<p><span style=\"font-size: 14pt;\">Los reclaman las empresas Trese de Ricardo Alfredo Silva y Grupo Empresarial Anacar representado por Antonio Fuentes Rodr\u00edguez.<\/span><\/p>\n<p><span style=\"font-size: 14pt;\">El pleito avanza y alg\u00fan d\u00eda, a tiros y tirones, deber\u00e1n pagarse esos contratos celebrados en el sexenio antepasado pero metidos en un intr\u00edngulis jur\u00eddico.<\/span><\/p>\n<p><span style=\"font-size: 14pt;\">Sobre todo porque el mandato judicial ha pedido al Registro P\u00fablico de la Propiedad una lista de bienes inmuebles de CIBanco, la ha proporcionado y est\u00e1n en capilla alrededor de 65.<\/span><\/p>\n<p><span style=\"font-size: 14pt;\">La situaci\u00f3n estar\u00eda m\u00e1s simple si Petr\u00f3leos Mexicanos (Pemex) hubiese entregado el dinero de manera directa, pero lo deposit\u00f3 en pesos y en un juzgado local a pesar de ventilarse el pleito en uno federal y en d\u00f3lares, como indica el contrato.<\/span><\/p>\n<p><span style=\"font-size: 14pt;\">\u00bfPlan ama\u00f1ado de Octavio Romero Oropeza?<\/span><\/p>\n<h4><span style=\"font-size: 14pt;\">PEMEX vs. HACIENDA<\/span><\/h4>\n<p><span style=\"font-size: 14pt;\">La semana pasada dimos cuenta aqu\u00ed de la mala situaci\u00f3n financiera de Pemex.<\/span><\/p>\n<p><span style=\"font-size: 14pt;\">Octavio Romero Oropeza pidi\u00f3 una cita urgente con el secretario de Hacienda y Cr\u00e9dito P\u00fablico, Rogelio Ram\u00edrez de la O, de la cual no se tiene noticia.<\/span><\/p>\n<p><span style=\"font-size: 14pt;\">Los acreedores de la empresa de Estado cuentan en voz alta un fen\u00f3meno: hay muy malas relaciones entre Romero Oropeza y Ram\u00edrez de la O.<\/span><\/p>\n<p><span style=\"font-size: 14pt;\">-Por eso Pemex se hunde. No recibe el dinero que necesita para operar y cubrir costos -dice un empresario en lista de espera de pagos.<\/span><\/p>\n<p><span style=\"font-size: 14pt;\">Ser\u00eda una mala noticia para el pa\u00eds reeditar un conflicto como el habido en el sexenio anterior entre Emilio Lozoya y Luis Videgaray, cuyas consecuencias conocemos por escandalosas.<\/span><\/p>\n<p><span style=\"font-size: 14pt;\">Con una acotaci\u00f3n de esta columna: nadie compara a ambos directores en t\u00e9rminos de corrupci\u00f3n y con Odebrecht al acecho en pos de grandes contratos y enormes beneficios.<\/span><\/p>\n<p><span style=\"font-size: 14pt;\">Y menos a fines del sexenio.<\/span><\/p>\n<h4><span style=\"font-size: 14pt;\">PLAZA A UN MILL\u00d3N<\/span><\/h4>\n<p><span style=\"font-size: 14pt;\">1.- El secretario general del Sindicato Nacional de Trabajadores de la Educaci\u00f3n (SNTE), Alfonso Cepeda, ha apostado muy alto.<\/span><\/p>\n<p><span style=\"font-size: 14pt;\">En v\u00edspera del 80 aniversario del organismo m\u00e1s numeroso de Am\u00e9rica Latina, inform\u00f3 sobre la basificaci\u00f3n de 913 mil 106 maestros.<\/span><\/p>\n<p><span style=\"font-size: 14pt;\">Pero va por un mill\u00f3n y le faltan menos de 87 mil y, seg\u00fan Cepeda Salas, se lograr\u00e1n sin menoscabo de incrementos salarios superiores a la inflaci\u00f3n y a la media en la revisi\u00f3n de contratos.<\/span><\/p>\n<p><span style=\"font-size: 14pt;\">Las celebraciones del octog\u00e9simo aniversario ser\u00e1n en febrero del a\u00f1o pr\u00f3ximo, pero el 5 de octubre se conmemorar\u00e1 el D\u00eda Mundial de los Docentes con premios a los maestros destacados.<\/span><\/p>\n<p><span style=\"font-size: 14pt;\">2.- Dante Delgado remiti\u00f3 a las especulaciones iniciales sobre su promesa de llevar solo a Movimiento Ciudadano en las elecciones del 2024.<\/span><\/p>\n<p><span style=\"font-size: 14pt;\">Abrir\u00e1 la inscripci\u00f3n de aspirantes a Marcelo Ebrard, pero su participaci\u00f3n servir\u00e1 a la causa del gobierno, de su partido y de su candidata Claudia Sheinbaum\u2026 o contra la oposici\u00f3n hoy liderada por X\u00f3chitl G\u00e1lvez.<\/span><\/p>\n<p><span style=\"font-size: 14pt;\">Y 3.- Puntero en todas las encuestas, el senador Alejandro Armenta ha reforzado sus recorridos por el estado de Puebla para buscar la candidatura a gobernador.<\/span><\/p>\n<p><span style=\"font-size: 14pt;\">El Consejo Estatal de Morena ya lo incorpor\u00f3 y est\u00e1 listo para ser ratificado en las encuestas por la direcci\u00f3n nacional de su partido.<\/span><\/p>\n<p><img data-recalc-dims=\"1\" loading=\"lazy\" decoding=\"async\" class=\"aligncenter size-full wp-image-24086\" src=\"https:\/\/i0.wp.com\/politicosaldesnudo.com.mx\/wp-content\/uploads\/2023\/09\/FIRMA-EDITORIAL-PD.jpg?resize=800%2C98&#038;ssl=1\" alt=\"\" width=\"800\" height=\"98\" srcset=\"https:\/\/i0.wp.com\/politicosaldesnudo.com.mx\/wp-content\/uploads\/2023\/09\/FIRMA-EDITORIAL-PD.jpg?w=1024&amp;ssl=1 1024w, https:\/\/i0.wp.com\/politicosaldesnudo.com.mx\/wp-content\/uploads\/2023\/09\/FIRMA-EDITORIAL-PD.jpg?resize=300%2C37&amp;ssl=1 300w, https:\/\/i0.wp.com\/politicosaldesnudo.com.mx\/wp-content\/uploads\/2023\/09\/FIRMA-EDITORIAL-PD.jpg?resize=768%2C94&amp;ssl=1 768w\" sizes=\"auto, (max-width: 800px) 100vw, 800px\" \/><\/p>\n","protected":false},"excerpt":{"rendered":"<p>Por: Jos\u00e9 Ure\u00f1a Un mandato judicial exhibe grillas al m\u00e1s alto nivel. El Juez S\u00e9ptimo de Distrito en Materia Civil<\/p>\n","protected":false},"author":4,"featured_media":4036,"comment_status":"closed","ping_status":"closed","sticky":false,"template":"","format":"standard","meta":{"colormag_page_container_layout":"default_layout","colormag_page_sidebar_layout":"default_layout","_jetpack_memberships_contains_paid_content":false,"footnotes":"","jetpack_publicize_message":"","jetpack_publicize_feature_enabled":true,"jetpack_social_post_already_shared":false,"jetpack_social_options":{"image_generator_settings":{"template":"highway","default_image_id":0,"font":"","enabled":false},"version":2}},"categories":[26],"tags":[],"class_list":["post-24146","post","type-post","status-publish","format-standard","has-post-thumbnail","hentry","category-columnistas"],"jetpack_publicize_connections":[],"jetpack_featured_media_url":"https:\/\/i0.wp.com\/politicosaldesnudo.com.mx\/wp-content\/uploads\/2022\/04\/JOSE%CC%81-UREN%CC%83A-1.png?fit=1816%2C1016&ssl=1","jetpack-related-posts":[],"jetpack_sharing_enabled":true,"_links":{"self":[{"href":"https:\/\/politicosaldesnudo.com.mx\/index.php\/wp-json\/wp\/v2\/posts\/24146","targetHints":{"allow":["GET"]}}],"collection":[{"href":"https:\/\/politicosaldesnudo.com.mx\/index.php\/wp-json\/wp\/v2\/posts"}],"about":[{"href":"https:\/\/politicosaldesnudo.com.mx\/index.php\/wp-json\/wp\/v2\/types\/post"}],"author":[{"embeddable":true,"href":"https:\/\/politicosaldesnudo.com.mx\/index.php\/wp-json\/wp\/v2\/users\/4"}],"replies":[{"embeddable":true,"href":"https:\/\/politicosaldesnudo.com.mx\/index.php\/wp-json\/wp\/v2\/comments?post=24146"}],"version-history":[{"count":0,"href":"https:\/\/politicosaldesnudo.com.mx\/index.php\/wp-json\/wp\/v2\/posts\/24146\/revisions"}],"wp:featuredmedia":[{"embeddable":true,"href":"https:\/\/politicosaldesnudo.com.mx\/index.php\/wp-json\/wp\/v2\/media\/4036"}],"wp:attachment":[{"href":"https:\/\/politicosaldesnudo.com.mx\/index.php\/wp-json\/wp\/v2\/media?parent=24146"}],"wp:term":[{"taxonomy":"category","embeddable":true,"href":"https:\/\/politicosaldesnudo.com.mx\/index.php\/wp-json\/wp\/v2\/categories?post=24146"},{"taxonomy":"post_tag","embeddable":true,"href":"https:\/\/politicosaldesnudo.com.mx\/index.php\/wp-json\/wp\/v2\/tags?post=24146"}],"curies":[{"name":"wp","href":"https:\/\/api.w.org\/{rel}","templated":true}]}}