{"id":24247,"date":"2023-10-03T10:01:10","date_gmt":"2023-10-03T15:01:10","guid":{"rendered":"https:\/\/politicosaldesnudo.com.mx\/?p=24247"},"modified":"2023-10-03T10:01:10","modified_gmt":"2023-10-03T15:01:10","slug":"fuera-de-control-los-enfrentamientos-entre-civiles-en-michoacan","status":"publish","type":"post","link":"https:\/\/politicosaldesnudo.com.mx\/index.php\/2023\/10\/03\/fuera-de-control-los-enfrentamientos-entre-civiles-en-michoacan\/","title":{"rendered":"Fuera de control los enfrentamientos entre civiles en Michoac\u00e1n"},"content":{"rendered":"<p><span style=\"font-size: 14pt;\">Los enfrentamientos entre civiles en Michoac\u00e1n se est\u00e1n saliendo del control de las autoridades, situaci\u00f3n que muestra que el gobierno de Alfredo Ram\u00edrez Bedolla es incapaz de resolver a favor de la ciudadan\u00eda.<\/span><\/p>\n<p><span style=\"font-size: 14pt;\">Este pasado 30 de septiembre se report\u00f3 una agresi\u00f3n a balazos en la avenida Camelinas, en la que seg\u00fan los primeros reportes se vieron involucrados los ocupantes de dos camionetas, con saldo preliminar de un masculino lesionado.<\/span><\/p>\n<p><img data-recalc-dims=\"1\" loading=\"lazy\" decoding=\"async\" class=\"aligncenter size-large wp-image-24248\" src=\"https:\/\/i0.wp.com\/politicosaldesnudo.com.mx\/wp-content\/uploads\/2023\/10\/enfrentamiento-michoacan-7muertos3-1024x640.jpg?resize=800%2C500&#038;ssl=1\" alt=\"\" width=\"800\" height=\"500\" srcset=\"https:\/\/i0.wp.com\/politicosaldesnudo.com.mx\/wp-content\/uploads\/2023\/10\/enfrentamiento-michoacan-7muertos3.jpg?resize=1024%2C640&amp;ssl=1 1024w, https:\/\/i0.wp.com\/politicosaldesnudo.com.mx\/wp-content\/uploads\/2023\/10\/enfrentamiento-michoacan-7muertos3.jpg?resize=300%2C188&amp;ssl=1 300w, https:\/\/i0.wp.com\/politicosaldesnudo.com.mx\/wp-content\/uploads\/2023\/10\/enfrentamiento-michoacan-7muertos3.jpg?resize=768%2C480&amp;ssl=1 768w, https:\/\/i0.wp.com\/politicosaldesnudo.com.mx\/wp-content\/uploads\/2023\/10\/enfrentamiento-michoacan-7muertos3.jpg?w=1200&amp;ssl=1 1200w\" sizes=\"auto, (max-width: 800px) 100vw, 800px\" \/><\/p>\n<p><span style=\"font-size: 14pt;\">Los hechos fueron a la altura de Ceconexpo, donde qued\u00f3 atravesada sobre carriles centrales y con m\u00faltiples impactos de proyectil de arma de grueso calibre, una camioneta RAM de color blanco con negro, de reciente modelo, y a unos metros sobre la banqueta se localiz\u00f3 tirada un arma larga, presuntamente arrojada por los atacantes.<\/span><\/p>\n<p><span style=\"font-size: 14pt;\">Extraoficialmente se mencion\u00f3 que los agresores habr\u00edan huido en otra camioneta. La circulaci\u00f3n fue cerrada al tr\u00e1nsito debido a que en el \u00e1rea quedaron m\u00faltiples indicios, que posteriormente fueron recolectados por personal pericial.<\/span><\/p>\n<p><span style=\"font-size: 14pt;\">Hasta el momento, se ignora el m\u00f3vil de la agresi\u00f3n. La Fiscal\u00eda General del Estado inici\u00f3 la respectiva carpeta de investigaci\u00f3n.<\/span><\/p>\n","protected":false},"excerpt":{"rendered":"<p>Los enfrentamientos entre civiles en Michoac\u00e1n se est\u00e1n saliendo del control de las autoridades, situaci\u00f3n que muestra que el gobierno<\/p>\n","protected":false},"author":4,"featured_media":24249,"comment_status":"closed","ping_status":"closed","sticky":false,"template":"","format":"standard","meta":{"colormag_page_container_layout":"default_layout","colormag_page_sidebar_layout":"default_layout","_jetpack_memberships_contains_paid_content":false,"footnotes":"","jetpack_publicize_message":"","jetpack_publicize_feature_enabled":true,"jetpack_social_post_already_shared":false,"jetpack_social_options":{"image_generator_settings":{"template":"highway","default_image_id":0,"font":"","enabled":false},"version":2}},"categories":[30],"tags":[],"class_list":["post-24247","post","type-post","status-publish","format-standard","has-post-thumbnail","hentry","category-estados"],"jetpack_publicize_connections":[],"jetpack_featured_media_url":"https:\/\/i0.wp.com\/politicosaldesnudo.com.mx\/wp-content\/uploads\/2023\/10\/WhatsApp-Image-2023-06-12-at-1.48.52-PM.jpeg?fit=1599%2C899&ssl=1","jetpack-related-posts":[],"jetpack_sharing_enabled":true,"_links":{"self":[{"href":"https:\/\/politicosaldesnudo.com.mx\/index.php\/wp-json\/wp\/v2\/posts\/24247","targetHints":{"allow":["GET"]}}],"collection":[{"href":"https:\/\/politicosaldesnudo.com.mx\/index.php\/wp-json\/wp\/v2\/posts"}],"about":[{"href":"https:\/\/politicosaldesnudo.com.mx\/index.php\/wp-json\/wp\/v2\/types\/post"}],"author":[{"embeddable":true,"href":"https:\/\/politicosaldesnudo.com.mx\/index.php\/wp-json\/wp\/v2\/users\/4"}],"replies":[{"embeddable":true,"href":"https:\/\/politicosaldesnudo.com.mx\/index.php\/wp-json\/wp\/v2\/comments?post=24247"}],"version-history":[{"count":0,"href":"https:\/\/politicosaldesnudo.com.mx\/index.php\/wp-json\/wp\/v2\/posts\/24247\/revisions"}],"wp:featuredmedia":[{"embeddable":true,"href":"https:\/\/politicosaldesnudo.com.mx\/index.php\/wp-json\/wp\/v2\/media\/24249"}],"wp:attachment":[{"href":"https:\/\/politicosaldesnudo.com.mx\/index.php\/wp-json\/wp\/v2\/media?parent=24247"}],"wp:term":[{"taxonomy":"category","embeddable":true,"href":"https:\/\/politicosaldesnudo.com.mx\/index.php\/wp-json\/wp\/v2\/categories?post=24247"},{"taxonomy":"post_tag","embeddable":true,"href":"https:\/\/politicosaldesnudo.com.mx\/index.php\/wp-json\/wp\/v2\/tags?post=24247"}],"curies":[{"name":"wp","href":"https:\/\/api.w.org\/{rel}","templated":true}]}}