{"id":24298,"date":"2023-10-03T18:29:14","date_gmt":"2023-10-03T23:29:14","guid":{"rendered":"https:\/\/politicosaldesnudo.com.mx\/?p=24298"},"modified":"2023-10-03T18:29:14","modified_gmt":"2023-10-03T23:29:14","slug":"la-extraordinaria-sinfonia-titan-de-mahler-llega-a-la-osx","status":"publish","type":"post","link":"https:\/\/politicosaldesnudo.com.mx\/index.php\/2023\/10\/03\/la-extraordinaria-sinfonia-titan-de-mahler-llega-a-la-osx\/","title":{"rendered":"La extraordinaria Sinfon\u00eda \u201cTit\u00e1n\u201d de Mahler llega a la OSX"},"content":{"rendered":"<p><span style=\"font-size: 14pt;\">-Una de las sinfon\u00edas m\u00e1s revolucionarias, colosales y populares de Mahler<\/span><\/p>\n<p><span style=\"font-size: 14pt;\">-Bajo la batuta de Martin Lebel, Director Titular.<\/span><\/p>\n<p><span style=\"font-size: 14pt;\">Xalapa, Ver. 03 de octubre de 2023. Llega a Tlaqn\u00e1 la majestuosa epopeya musical de Gustav Mahler, monumental obra de colosales proporciones mel\u00f3dicas: la Sinfon\u00eda No. 1,\u201dTit\u00e1n\u201d. Acompa\u00f1ada del interludio sinf\u00f3nico, \u201cIntermezzo\u201d de Suor Ang\u00e9lica de Giacomo Puccini, en un concierto que promete emociones \u00fanicas para el p\u00fablico. Concierto dirigido por Martin Lebel, Director Titular de la OSX.<\/span><br \/>\n<span style=\"font-size: 14pt;\">Este concierto se realizar\u00e1 el viernes 6 de octubre a las 20:00 hr.<\/span><\/p>\n<p><span style=\"font-size: 14pt;\">Respecto al programa se comenta, \u00abLa \u00f3pera no solamente es canto y voz, es interpretaci\u00f3n en el sentido m\u00e1s amplio y multidimensional del t\u00e9rmino; es caracterizaci\u00f3n, interiorizaci\u00f3n psicol\u00f3gica, transmutaci\u00f3n, todo esto para proyectarlo hacia el p\u00fablico tambi\u00e9n a trav\u00e9s de la orquesta. Suor Angelica (1918) de Giacomo Puccini (1858-1924) se ambienta en la Italia del siglo XVII, donde la implacable condena social ha ca\u00eddo sobre una mujer por tener un hijo fuera del matrimonio; En menos de cinco minutos esta pieza logra sumergir al escucha (y acaso a las y los propios int\u00e9rpretes) en un clima emocional intenso y variado, por momentos l\u00edrico, en el cual tambi\u00e9n resuena el inconfundible rumor de la muerte\u00bb. <em>Texto por el Dr. Le\u00f3n A. Colorado, Director General de Difusi\u00f3n Cultural de la Universidad Veracruzana.<\/em><\/span><\/p>\n<p><img data-recalc-dims=\"1\" loading=\"lazy\" decoding=\"async\" class=\"aligncenter size-large wp-image-24300\" src=\"https:\/\/i0.wp.com\/politicosaldesnudo.com.mx\/wp-content\/uploads\/2023\/10\/8.-Puccini-Mahler-9494-1024x683.jpg?resize=800%2C534&#038;ssl=1\" alt=\"\" width=\"800\" height=\"534\" srcset=\"https:\/\/i0.wp.com\/politicosaldesnudo.com.mx\/wp-content\/uploads\/2023\/10\/8.-Puccini-Mahler-9494-scaled.jpg?resize=1024%2C683&amp;ssl=1 1024w, https:\/\/i0.wp.com\/politicosaldesnudo.com.mx\/wp-content\/uploads\/2023\/10\/8.-Puccini-Mahler-9494-scaled.jpg?resize=300%2C200&amp;ssl=1 300w, https:\/\/i0.wp.com\/politicosaldesnudo.com.mx\/wp-content\/uploads\/2023\/10\/8.-Puccini-Mahler-9494-scaled.jpg?resize=768%2C512&amp;ssl=1 768w, https:\/\/i0.wp.com\/politicosaldesnudo.com.mx\/wp-content\/uploads\/2023\/10\/8.-Puccini-Mahler-9494-scaled.jpg?resize=1536%2C1024&amp;ssl=1 1536w, https:\/\/i0.wp.com\/politicosaldesnudo.com.mx\/wp-content\/uploads\/2023\/10\/8.-Puccini-Mahler-9494-scaled.jpg?resize=2048%2C1365&amp;ssl=1 2048w, https:\/\/i0.wp.com\/politicosaldesnudo.com.mx\/wp-content\/uploads\/2023\/10\/8.-Puccini-Mahler-9494-scaled.jpg?w=1600&amp;ssl=1 1600w, https:\/\/i0.wp.com\/politicosaldesnudo.com.mx\/wp-content\/uploads\/2023\/10\/8.-Puccini-Mahler-9494-scaled.jpg?w=2400&amp;ssl=1 2400w\" sizes=\"auto, (max-width: 800px) 100vw, 800px\" \/><\/p>\n<p><span style=\"font-size: 14pt;\">Y respecto a la Sinfon\u00eda \u201cTit\u00e1n\u201d, \u00abLa partitura de Mahler es rica en propuestas sonoras novedosas, busca deliberadamente \u201cprovocar el asombro\u201d de auditorio\u2026 Tratando de explicar mejor su prop\u00f3sito, Mahler mismo escribir\u00e1 una nota destinada a acompa\u00f1ar futuras presentaciones de la obra. Por medio de ella nos enteramos que la primera parte del Tit\u00e1n corresponde a los \u201cd\u00edas de juventud\u201d con su secuencia alternada de \u201cflores y espinas\u201d; de igual manera, sabemos que durante su segunda mitad se ilustra una \u201cCommedia umana\u201d con su correspondiente marcha f\u00fanebre \u2013motivo recurrente en la obra mahleriana\u2013 y su feroz tr\u00e1nsito Dall\u2019inferno al paradiso, en lejana imitaci\u00f3n de aquel otro c\u00e9lebre viaje de la literatura medieval que, justo a la mitad del camino de su vida, emprendiera Dante Alighieri. Con el paso de los a\u00f1os, Mahler finalmente se atrever\u00e1 a ser heredero de Beethoven y Bruckner: llamar\u00e1 sinfon\u00eda a su Tit\u00e1n y la reducir\u00e1 a los cuatro movimientos tradicionales del g\u00e9nero\u2026\u201d\u00bb. <em>Texto por el Mtro. Guillermo Cuevas, Acad\u00e9mico de la Universidad Veracruzana, quien escribi\u00f3 las notas al programa para el Programa VI en la Cuarta Serie de Conciertos del 3 de diciembre de 1993 de la Orquesta Sinf\u00f3nica de Xalapa<\/em>.<\/span><\/p>\n<p><img data-recalc-dims=\"1\" loading=\"lazy\" decoding=\"async\" class=\"aligncenter size-large wp-image-24299\" src=\"https:\/\/i0.wp.com\/politicosaldesnudo.com.mx\/wp-content\/uploads\/2023\/10\/8.-Puccini-Mahler-9455-1024x683.jpg?resize=800%2C534&#038;ssl=1\" alt=\"\" width=\"800\" height=\"534\" srcset=\"https:\/\/i0.wp.com\/politicosaldesnudo.com.mx\/wp-content\/uploads\/2023\/10\/8.-Puccini-Mahler-9455-scaled.jpg?resize=1024%2C683&amp;ssl=1 1024w, https:\/\/i0.wp.com\/politicosaldesnudo.com.mx\/wp-content\/uploads\/2023\/10\/8.-Puccini-Mahler-9455-scaled.jpg?resize=300%2C200&amp;ssl=1 300w, https:\/\/i0.wp.com\/politicosaldesnudo.com.mx\/wp-content\/uploads\/2023\/10\/8.-Puccini-Mahler-9455-scaled.jpg?resize=768%2C512&amp;ssl=1 768w, https:\/\/i0.wp.com\/politicosaldesnudo.com.mx\/wp-content\/uploads\/2023\/10\/8.-Puccini-Mahler-9455-scaled.jpg?resize=1536%2C1024&amp;ssl=1 1536w, https:\/\/i0.wp.com\/politicosaldesnudo.com.mx\/wp-content\/uploads\/2023\/10\/8.-Puccini-Mahler-9455-scaled.jpg?resize=2048%2C1365&amp;ssl=1 2048w, https:\/\/i0.wp.com\/politicosaldesnudo.com.mx\/wp-content\/uploads\/2023\/10\/8.-Puccini-Mahler-9455-scaled.jpg?w=1600&amp;ssl=1 1600w, https:\/\/i0.wp.com\/politicosaldesnudo.com.mx\/wp-content\/uploads\/2023\/10\/8.-Puccini-Mahler-9455-scaled.jpg?w=2400&amp;ssl=1 2400w\" sizes=\"auto, (max-width: 800px) 100vw, 800px\" \/><\/p>\n<p><span style=\"font-size: 14pt;\">Asiste a la Charla de Concierto OSX realizada desde la Sala Did\u00e1ctica de Tlaqn\u00e1, Centro Cultural los viernes de concierto, a las 19:00 h. La cual contar\u00e1 con el panelista: Mtro. Rub\u00e9n Flores, Director Titular de la Orquesta Universitaria de M\u00fasica Popular y reciente Director Invitado de la OSX.<\/span><\/p>\n<p><span style=\"font-size: 14pt;\">Puedes comprar tus boletos en l\u00ednea en www.orquestasinfonicadexalapa.com, Tienda UV, Tienda UV Museo de Antropolog\u00eda y Taquilla Tlaqn\u00e1.<\/span><\/p>\n<p><span style=\"font-size: 14pt;\">Correo electr\u00f3nico: mercadotecnia.osx@gmail.com.<\/span><\/p>\n","protected":false},"excerpt":{"rendered":"<p>-Una de las sinfon\u00edas m\u00e1s revolucionarias, colosales y populares de Mahler -Bajo la batuta de Martin Lebel, Director Titular. Xalapa,<\/p>\n","protected":false},"author":4,"featured_media":24301,"comment_status":"closed","ping_status":"closed","sticky":false,"template":"","format":"standard","meta":{"colormag_page_container_layout":"default_layout","colormag_page_sidebar_layout":"default_layout","_jetpack_memberships_contains_paid_content":false,"footnotes":"","jetpack_publicize_message":"","jetpack_publicize_feature_enabled":true,"jetpack_social_post_already_shared":false,"jetpack_social_options":{"image_generator_settings":{"template":"highway","default_image_id":0,"font":"","enabled":false},"version":2}},"categories":[474],"tags":[],"class_list":["post-24298","post","type-post","status-publish","format-standard","has-post-thumbnail","hentry","category-cultura"],"jetpack_publicize_connections":[],"jetpack_featured_media_url":"https:\/\/i0.wp.com\/politicosaldesnudo.com.mx\/wp-content\/uploads\/2023\/10\/8.-Puccini-Mahler-9504-scaled.jpg?fit=2560%2C1707&ssl=1","jetpack-related-posts":[],"jetpack_sharing_enabled":true,"_links":{"self":[{"href":"https:\/\/politicosaldesnudo.com.mx\/index.php\/wp-json\/wp\/v2\/posts\/24298","targetHints":{"allow":["GET"]}}],"collection":[{"href":"https:\/\/politicosaldesnudo.com.mx\/index.php\/wp-json\/wp\/v2\/posts"}],"about":[{"href":"https:\/\/politicosaldesnudo.com.mx\/index.php\/wp-json\/wp\/v2\/types\/post"}],"author":[{"embeddable":true,"href":"https:\/\/politicosaldesnudo.com.mx\/index.php\/wp-json\/wp\/v2\/users\/4"}],"replies":[{"embeddable":true,"href":"https:\/\/politicosaldesnudo.com.mx\/index.php\/wp-json\/wp\/v2\/comments?post=24298"}],"version-history":[{"count":0,"href":"https:\/\/politicosaldesnudo.com.mx\/index.php\/wp-json\/wp\/v2\/posts\/24298\/revisions"}],"wp:featuredmedia":[{"embeddable":true,"href":"https:\/\/politicosaldesnudo.com.mx\/index.php\/wp-json\/wp\/v2\/media\/24301"}],"wp:attachment":[{"href":"https:\/\/politicosaldesnudo.com.mx\/index.php\/wp-json\/wp\/v2\/media?parent=24298"}],"wp:term":[{"taxonomy":"category","embeddable":true,"href":"https:\/\/politicosaldesnudo.com.mx\/index.php\/wp-json\/wp\/v2\/categories?post=24298"},{"taxonomy":"post_tag","embeddable":true,"href":"https:\/\/politicosaldesnudo.com.mx\/index.php\/wp-json\/wp\/v2\/tags?post=24298"}],"curies":[{"name":"wp","href":"https:\/\/api.w.org\/{rel}","templated":true}]}}