{"id":24359,"date":"2023-10-04T19:41:56","date_gmt":"2023-10-05T00:41:56","guid":{"rendered":"https:\/\/politicosaldesnudo.com.mx\/?p=24359"},"modified":"2023-10-04T19:41:56","modified_gmt":"2023-10-05T00:41:56","slug":"gran-respuesta-a-la-jornada-de-adoptacion-de-perros-y-gatos-un-hogar-para-todos","status":"publish","type":"post","link":"https:\/\/politicosaldesnudo.com.mx\/index.php\/2023\/10\/04\/gran-respuesta-a-la-jornada-de-adoptacion-de-perros-y-gatos-un-hogar-para-todos\/","title":{"rendered":"Gran respuesta a la jornada de adoptaci\u00f3n de perros y gatos \u201cUn Hogar para Todos\u201d"},"content":{"rendered":"<p><span style=\"font-size: 14pt;\">Tuxpan, Ver., 4 octubre 2023.- Una excelente respuesta por parte de la ciudadan\u00eda tuvo la convocatoria a la jornada de adopci\u00f3n de perros y gatos \u201cUn Hogar para Todos; No Compres, Adopta\u201d.<\/span><\/p>\n<p><span style=\"font-size: 14pt;\">Esta campa\u00f1a fue realizada por el Gobierno de Tuxpan que encabeza el Lic. Jos\u00e9 Manuel Pozos Castro, a trav\u00e9s de la Regidur\u00eda Sexta, en coordinaci\u00f3n del DIF Municipal; las asociaciones \u201cKissapir\u201d y \u201cGatito Vaguito\u201d y la agrupaci\u00f3n \u201cAnimal Contento\u201d.<\/span><\/p>\n<p><img data-recalc-dims=\"1\" loading=\"lazy\" decoding=\"async\" class=\"aligncenter size-large wp-image-24361\" src=\"https:\/\/i0.wp.com\/politicosaldesnudo.com.mx\/wp-content\/uploads\/2023\/10\/WhatsApp-Image-2023-10-04-at-15.56.20-1024x683.jpeg?resize=800%2C534&#038;ssl=1\" alt=\"\" width=\"800\" height=\"534\" srcset=\"https:\/\/i0.wp.com\/politicosaldesnudo.com.mx\/wp-content\/uploads\/2023\/10\/WhatsApp-Image-2023-10-04-at-15.56.20.jpeg?resize=1024%2C683&amp;ssl=1 1024w, https:\/\/i0.wp.com\/politicosaldesnudo.com.mx\/wp-content\/uploads\/2023\/10\/WhatsApp-Image-2023-10-04-at-15.56.20.jpeg?resize=300%2C200&amp;ssl=1 300w, https:\/\/i0.wp.com\/politicosaldesnudo.com.mx\/wp-content\/uploads\/2023\/10\/WhatsApp-Image-2023-10-04-at-15.56.20.jpeg?resize=768%2C512&amp;ssl=1 768w, https:\/\/i0.wp.com\/politicosaldesnudo.com.mx\/wp-content\/uploads\/2023\/10\/WhatsApp-Image-2023-10-04-at-15.56.20.jpeg?w=1500&amp;ssl=1 1500w\" sizes=\"auto, (max-width: 800px) 100vw, 800px\" \/><\/p>\n<p><span style=\"font-size: 14pt;\">El prop\u00f3sito es abonar al desaliento de la compraventa de cachorros de perros y gatos, y transformar h\u00e1bitos, concienciando a la poblaci\u00f3n acerca de la responsabilidad que implica tener un animal bajo resguardo.<\/span><\/p>\n<p><span style=\"font-size: 14pt;\">El evento estuvo encabezado por la directora de Juventud y Recreaci\u00f3n, Ing. Carla Hern\u00e1ndez Mart\u00ednez, en representaci\u00f3n del alcalde Jos\u00e9 Manuel Pozos Castro; Pamela Morales Huesca, presidenta del DIF Tuxpan; la regidora sexta Lucero Res\u00e9ndis Ambrocio, comisionada en Desarrollo Social.<\/span><\/p>\n<p><span style=\"font-size: 14pt;\">Asimismo, los regidores Luis Demetrio L\u00f3pez Mar\u00edn y Axel Bernal Herrera; el Dr. Jes\u00fas Fomperoza Torres, director de Salud y Asistencia P\u00fablica, y Evelia Ortega Bonifacia, representante de la asociaci\u00f3n Kissapir.<\/span><\/p>\n<p><img data-recalc-dims=\"1\" loading=\"lazy\" decoding=\"async\" class=\"aligncenter size-large wp-image-24362\" src=\"https:\/\/i0.wp.com\/politicosaldesnudo.com.mx\/wp-content\/uploads\/2023\/10\/WhatsApp-Image-2023-10-04-at-15.56.21-1-1024x682.jpeg?resize=800%2C533&#038;ssl=1\" alt=\"\" width=\"800\" height=\"533\" srcset=\"https:\/\/i0.wp.com\/politicosaldesnudo.com.mx\/wp-content\/uploads\/2023\/10\/WhatsApp-Image-2023-10-04-at-15.56.21-1.jpeg?resize=1024%2C682&amp;ssl=1 1024w, https:\/\/i0.wp.com\/politicosaldesnudo.com.mx\/wp-content\/uploads\/2023\/10\/WhatsApp-Image-2023-10-04-at-15.56.21-1.jpeg?resize=300%2C200&amp;ssl=1 300w, https:\/\/i0.wp.com\/politicosaldesnudo.com.mx\/wp-content\/uploads\/2023\/10\/WhatsApp-Image-2023-10-04-at-15.56.21-1.jpeg?resize=768%2C512&amp;ssl=1 768w, https:\/\/i0.wp.com\/politicosaldesnudo.com.mx\/wp-content\/uploads\/2023\/10\/WhatsApp-Image-2023-10-04-at-15.56.21-1.jpeg?resize=1536%2C1023&amp;ssl=1 1536w, https:\/\/i0.wp.com\/politicosaldesnudo.com.mx\/wp-content\/uploads\/2023\/10\/WhatsApp-Image-2023-10-04-at-15.56.21-1.jpeg?w=1600&amp;ssl=1 1600w\" sizes=\"auto, (max-width: 800px) 100vw, 800px\" \/><\/p>\n<p><span style=\"font-size: 14pt;\">La presidenta del DIF Tuxpan, Pamela Morales Huesca invit\u00f3 a la ciudadan\u00eda, a dar una segunda oportunidad y un nuevo hogar a las mascotas abandonadas \u201cporque brindar un hogar a los animales de compa\u00f1\u00eda no solo es un acto de generosidad y empat\u00eda, tambi\u00e9n nos hace ser verdaderamente humanos\u201d, se\u00f1al\u00f3.<\/span><\/p>\n<p><span style=\"font-size: 14pt;\">Destac\u00f3 que se debe asumir la responsabilidad \u00e9tica y moral de no comprar mascotas, porque los animales no son mercanc\u00eda, sino seres que merecen una buena vida.<\/span><\/p>\n<p><span style=\"font-size: 14pt;\">Al respecto mencion\u00f3: \u201cla adopci\u00f3n responsable permite brindar un hogar amoroso a perros y gatos, como los que tenemos hoy aqu\u00ed, listos para ser la alegr\u00eda de cualquier familia. Adoptar un animal conlleva la responsabilidad de cuidarlo, amarlo y darle una vida digna\u201d.<\/span><\/p>\n<p><span style=\"font-size: 14pt;\">Pamela Morales felicit\u00f3 a quienes sumaron esfuerzos para llevar a cabo la campa\u00f1a \u201cUn Hogar para Todos\u201d, y reconoci\u00f3 a las organizaciones dedicadas al rescate y protecci\u00f3n de animales que han sido v\u00edctimas del abandono y maltrato.<\/span><\/p>\n<p><span style=\"font-size: 14pt;\">Por su parte, la regidora Lucero Res\u00e9ndis Ambrocio agradeci\u00f3 a quienes asistieron a adoptar en esta ocasi\u00f3n, ya que con esta acci\u00f3n se contribuye a reducir la sobrepoblaci\u00f3n y se pone fin a un sufrimiento innecesario.<\/span><\/p>\n<p><img data-recalc-dims=\"1\" loading=\"lazy\" decoding=\"async\" class=\"aligncenter size-large wp-image-24360\" src=\"https:\/\/i0.wp.com\/politicosaldesnudo.com.mx\/wp-content\/uploads\/2023\/10\/WhatsApp-Image-2023-10-04-at-15.56.18-1024x683.jpeg?resize=800%2C534&#038;ssl=1\" alt=\"\" width=\"800\" height=\"534\" srcset=\"https:\/\/i0.wp.com\/politicosaldesnudo.com.mx\/wp-content\/uploads\/2023\/10\/WhatsApp-Image-2023-10-04-at-15.56.18.jpeg?resize=1024%2C683&amp;ssl=1 1024w, https:\/\/i0.wp.com\/politicosaldesnudo.com.mx\/wp-content\/uploads\/2023\/10\/WhatsApp-Image-2023-10-04-at-15.56.18.jpeg?resize=300%2C200&amp;ssl=1 300w, https:\/\/i0.wp.com\/politicosaldesnudo.com.mx\/wp-content\/uploads\/2023\/10\/WhatsApp-Image-2023-10-04-at-15.56.18.jpeg?resize=768%2C512&amp;ssl=1 768w, https:\/\/i0.wp.com\/politicosaldesnudo.com.mx\/wp-content\/uploads\/2023\/10\/WhatsApp-Image-2023-10-04-at-15.56.18.jpeg?w=1500&amp;ssl=1 1500w\" sizes=\"auto, (max-width: 800px) 100vw, 800px\" \/><\/p>\n<p><span style=\"font-size: 14pt;\">\u201cLa adopci\u00f3n no solo enriquece nuestras vidas, sino que tambi\u00e9n salva la vida de innumerables animales necesitados. Juntos podemos construir un mundo en el que todos los seres vivos sean tratados con compasi\u00f3n y dignidad\u201d.<\/span><\/p>\n<p><span style=\"font-size: 14pt;\">Adem\u00e1s de la adopci\u00f3n canina y felina, se realizaron servicios de vacunaci\u00f3n antirr\u00e1bica y desparasitaciones.<\/span><\/p>\n<p><span style=\"font-size: 14pt;\">Gracias a esta jornada se recaud\u00f3 alimento, juguetes y art\u00edculos de limpieza que ser\u00e1n entregados a los refugios de animales de nuestra ciudad.<\/span><\/p>\n","protected":false},"excerpt":{"rendered":"<p>Tuxpan, Ver., 4 octubre 2023.- Una excelente respuesta por parte de la ciudadan\u00eda tuvo la convocatoria a la jornada de<\/p>\n","protected":false},"author":4,"featured_media":24363,"comment_status":"closed","ping_status":"closed","sticky":false,"template":"","format":"standard","meta":{"colormag_page_container_layout":"default_layout","colormag_page_sidebar_layout":"default_layout","_jetpack_memberships_contains_paid_content":false,"footnotes":"","jetpack_publicize_message":"","jetpack_publicize_feature_enabled":true,"jetpack_social_post_already_shared":false,"jetpack_social_options":{"image_generator_settings":{"template":"highway","default_image_id":0,"font":"","enabled":false},"version":2}},"categories":[1082],"tags":[],"class_list":["post-24359","post","type-post","status-publish","format-standard","has-post-thumbnail","hentry","category-tuxpan"],"jetpack_publicize_connections":[],"jetpack_featured_media_url":"https:\/\/i0.wp.com\/politicosaldesnudo.com.mx\/wp-content\/uploads\/2023\/10\/WhatsApp-Image-2023-10-04-at-15.56.21.jpeg?fit=1600%2C1066&ssl=1","jetpack-related-posts":[],"jetpack_sharing_enabled":true,"_links":{"self":[{"href":"https:\/\/politicosaldesnudo.com.mx\/index.php\/wp-json\/wp\/v2\/posts\/24359","targetHints":{"allow":["GET"]}}],"collection":[{"href":"https:\/\/politicosaldesnudo.com.mx\/index.php\/wp-json\/wp\/v2\/posts"}],"about":[{"href":"https:\/\/politicosaldesnudo.com.mx\/index.php\/wp-json\/wp\/v2\/types\/post"}],"author":[{"embeddable":true,"href":"https:\/\/politicosaldesnudo.com.mx\/index.php\/wp-json\/wp\/v2\/users\/4"}],"replies":[{"embeddable":true,"href":"https:\/\/politicosaldesnudo.com.mx\/index.php\/wp-json\/wp\/v2\/comments?post=24359"}],"version-history":[{"count":0,"href":"https:\/\/politicosaldesnudo.com.mx\/index.php\/wp-json\/wp\/v2\/posts\/24359\/revisions"}],"wp:featuredmedia":[{"embeddable":true,"href":"https:\/\/politicosaldesnudo.com.mx\/index.php\/wp-json\/wp\/v2\/media\/24363"}],"wp:attachment":[{"href":"https:\/\/politicosaldesnudo.com.mx\/index.php\/wp-json\/wp\/v2\/media?parent=24359"}],"wp:term":[{"taxonomy":"category","embeddable":true,"href":"https:\/\/politicosaldesnudo.com.mx\/index.php\/wp-json\/wp\/v2\/categories?post=24359"},{"taxonomy":"post_tag","embeddable":true,"href":"https:\/\/politicosaldesnudo.com.mx\/index.php\/wp-json\/wp\/v2\/tags?post=24359"}],"curies":[{"name":"wp","href":"https:\/\/api.w.org\/{rel}","templated":true}]}}