{"id":24444,"date":"2023-10-06T15:44:06","date_gmt":"2023-10-06T20:44:06","guid":{"rendered":"https:\/\/politicosaldesnudo.com.mx\/?p=24444"},"modified":"2023-10-06T15:44:06","modified_gmt":"2023-10-06T20:44:06","slug":"segundo-viaje-de-amlo-en-tren-maya-para-supervision","status":"publish","type":"post","link":"https:\/\/politicosaldesnudo.com.mx\/index.php\/2023\/10\/06\/segundo-viaje-de-amlo-en-tren-maya-para-supervision\/","title":{"rendered":"Segundo viaje de AMLO en Tren Maya para supervisi\u00f3n"},"content":{"rendered":"<p><span style=\"font-size: 14pt;\">Canc\u00fan, Q Roo. Por segunda ocasi\u00f3n, el presidente Andr\u00e9s Manuel L\u00f3pez Obrador se subi\u00f3 al Tren Maya para una nueva supervisi\u00f3n con la plana mayor del gobierno federal.<\/span><\/p>\n<p><span style=\"font-size: 14pt;\">Parti\u00f3 desde la estaci\u00f3n Canc\u00fan, que est\u00e1 a unos kil\u00f3metros de la terminal a\u00e9rea de este paradis\u00edaco punto del Caribe mexicano.<\/span><\/p>\n<p><img data-recalc-dims=\"1\" loading=\"lazy\" decoding=\"async\" class=\"aligncenter size-full wp-image-24446\" src=\"https:\/\/i0.wp.com\/politicosaldesnudo.com.mx\/wp-content\/uploads\/2023\/10\/tm2.jpg?resize=474%2C287&#038;ssl=1\" alt=\"\" width=\"474\" height=\"287\" srcset=\"https:\/\/i0.wp.com\/politicosaldesnudo.com.mx\/wp-content\/uploads\/2023\/10\/tm2.jpg?w=474&amp;ssl=1 474w, https:\/\/i0.wp.com\/politicosaldesnudo.com.mx\/wp-content\/uploads\/2023\/10\/tm2.jpg?resize=300%2C182&amp;ssl=1 300w\" sizes=\"auto, (max-width: 474px) 100vw, 474px\" \/><\/p>\n<p><span style=\"font-size: 14pt;\">El trayecto para este viernes incluye una parada en Valladolid, Yucat\u00e1n, y cerrar\u00e1 su primera jornada en M\u00e9rida.<\/span><\/p>\n<p><span style=\"font-size: 14pt;\">Funcionarnos federales y la gobernadora de Quintana Roo, Mara Lezama, han posteado videos del recorrido en sus cuentas de la red social X.<\/span><\/p>\n<p><span style=\"font-size: 14pt;\">En los materiales, se nota que el convoy avanza a buena velocidad, superior a la que anduvo los pasados 1, 2 y 3 se septiembre, cuando el mandatario, sus colaboradores y empresarios cuyas firmas participan en la construcci\u00f3n del proyecto estrenaron el tren.<\/span><\/p>\n<p><span style=\"font-size: 14pt;\">En esta segunda jornada de supervisi\u00f3n sobre v\u00eda, se espera que cierre el domingo en Esc\u00e1rcega, Campeche, con lo que se cubrir\u00e1 el trayecto de los tramos 2 a 4.<\/span><\/p>\n<p><span style=\"font-size: 14pt;\">Por la ma\u00f1ana, en su conferencia matutina que se realiz\u00f3 en Canc\u00fan, el jefe del Ejecutivo asever\u00f3 que el proyecto se inaugurar\u00e1 el etapas: una primera el 15 de diciembre pr\u00f3ximo, que estim\u00f3 ser\u00e1 del tramo 1 al 4, es decir de Palenque, Chiapas, a Canc\u00fan; y para febrero del a\u00f1o siguiente estar\u00edan listos los tramos 5, 6 y 7.<\/span><\/p>\n","protected":false},"excerpt":{"rendered":"<p>Canc\u00fan, Q Roo. Por segunda ocasi\u00f3n, el presidente Andr\u00e9s Manuel L\u00f3pez Obrador se subi\u00f3 al Tren Maya para una nueva<\/p>\n","protected":false},"author":4,"featured_media":24446,"comment_status":"closed","ping_status":"closed","sticky":false,"template":"","format":"standard","meta":{"colormag_page_container_layout":"default_layout","colormag_page_sidebar_layout":"default_layout","_jetpack_memberships_contains_paid_content":false,"footnotes":"","jetpack_publicize_message":"","jetpack_publicize_feature_enabled":true,"jetpack_social_post_already_shared":false,"jetpack_social_options":{"image_generator_settings":{"template":"highway","default_image_id":0,"font":"","enabled":false},"version":2}},"categories":[30],"tags":[],"class_list":["post-24444","post","type-post","status-publish","format-standard","has-post-thumbnail","hentry","category-estados"],"jetpack_publicize_connections":[],"jetpack_featured_media_url":"https:\/\/i0.wp.com\/politicosaldesnudo.com.mx\/wp-content\/uploads\/2023\/10\/tm2.jpg?fit=474%2C287&ssl=1","jetpack-related-posts":[],"jetpack_sharing_enabled":true,"_links":{"self":[{"href":"https:\/\/politicosaldesnudo.com.mx\/index.php\/wp-json\/wp\/v2\/posts\/24444","targetHints":{"allow":["GET"]}}],"collection":[{"href":"https:\/\/politicosaldesnudo.com.mx\/index.php\/wp-json\/wp\/v2\/posts"}],"about":[{"href":"https:\/\/politicosaldesnudo.com.mx\/index.php\/wp-json\/wp\/v2\/types\/post"}],"author":[{"embeddable":true,"href":"https:\/\/politicosaldesnudo.com.mx\/index.php\/wp-json\/wp\/v2\/users\/4"}],"replies":[{"embeddable":true,"href":"https:\/\/politicosaldesnudo.com.mx\/index.php\/wp-json\/wp\/v2\/comments?post=24444"}],"version-history":[{"count":0,"href":"https:\/\/politicosaldesnudo.com.mx\/index.php\/wp-json\/wp\/v2\/posts\/24444\/revisions"}],"wp:featuredmedia":[{"embeddable":true,"href":"https:\/\/politicosaldesnudo.com.mx\/index.php\/wp-json\/wp\/v2\/media\/24446"}],"wp:attachment":[{"href":"https:\/\/politicosaldesnudo.com.mx\/index.php\/wp-json\/wp\/v2\/media?parent=24444"}],"wp:term":[{"taxonomy":"category","embeddable":true,"href":"https:\/\/politicosaldesnudo.com.mx\/index.php\/wp-json\/wp\/v2\/categories?post=24444"},{"taxonomy":"post_tag","embeddable":true,"href":"https:\/\/politicosaldesnudo.com.mx\/index.php\/wp-json\/wp\/v2\/tags?post=24444"}],"curies":[{"name":"wp","href":"https:\/\/api.w.org\/{rel}","templated":true}]}}