{"id":24448,"date":"2023-10-06T16:22:03","date_gmt":"2023-10-06T21:22:03","guid":{"rendered":"https:\/\/politicosaldesnudo.com.mx\/?p=24448"},"modified":"2023-10-06T16:22:03","modified_gmt":"2023-10-06T21:22:03","slug":"18-muertos-por-volcadura-en-oaxaca-son-migrantes","status":"publish","type":"post","link":"https:\/\/politicosaldesnudo.com.mx\/index.php\/2023\/10\/06\/18-muertos-por-volcadura-en-oaxaca-son-migrantes\/","title":{"rendered":"18 muertos por volcadura en Oaxaca; son migrantes"},"content":{"rendered":"<p><span style=\"font-size: 14pt;\">La\u00a0volcadura de autob\u00fas en Oaxaca\u00a0que se registr\u00f3 la madrugada de este viernes 6 de octubre\u00a0dej\u00f3 un total de\u00a018 personas muertas, informaron autoridades del estado tras un nuevo balance y confirmaron que las\u00a0v\u00edctimas son migrantes, quienes se trasladaban a bordo de la unidad accidentada.<\/span><\/p>\n<p><span style=\"font-size: 14pt;\">El accidente ocurri\u00f3 en la\u00a0carretera Oaxaca-Cuacnopalan, en el kil\u00f3metro 88+500, donde el autob\u00fas con\u00a0migrantes originarios de Venezuela y Hait\u00ed\u00a0volc\u00f3 alrededor de las 5:00 horas de este viernes.<\/span><\/p>\n<p><span style=\"font-size: 14pt;\">La Fiscal\u00eda de Oaxaca detall\u00f3 que de los 18 migrantes que murieron en el accidente,\u00a013 de ellos son hombres, dos mujeres y tres menores de edad, de quienes hasta ahora se desconoce su identidad y edades.<\/span><\/p>\n<p><span style=\"font-size: 14pt;\">En el lugar contin\u00faan los servicios de emergencia, los cuales trabajan para el\u00a0traslado de los cuerpos de las 18 v\u00edctimas a la Direcci\u00f3n de Servicios Periciales, en donde se realizar\u00e1 el reconocimiento de los mismos.<\/span><\/p>\n<p><img data-recalc-dims=\"1\" loading=\"lazy\" decoding=\"async\" class=\"aligncenter size-full wp-image-24450\" src=\"https:\/\/i0.wp.com\/politicosaldesnudo.com.mx\/wp-content\/uploads\/2023\/10\/v2.jpg?resize=474%2C316&#038;ssl=1\" alt=\"\" width=\"474\" height=\"316\" srcset=\"https:\/\/i0.wp.com\/politicosaldesnudo.com.mx\/wp-content\/uploads\/2023\/10\/v2.jpg?w=474&amp;ssl=1 474w, https:\/\/i0.wp.com\/politicosaldesnudo.com.mx\/wp-content\/uploads\/2023\/10\/v2.jpg?resize=300%2C200&amp;ssl=1 300w\" sizes=\"auto, (max-width: 474px) 100vw, 474px\" \/><\/p>\n<h2><span style=\"font-size: 14pt;\">Heridos por volcadura\u00a0en Oaxaca van a varios hospitales<\/span><\/h2>\n<p><span style=\"font-size: 14pt;\">Producto del accidente del autob\u00fas con placas de circulaci\u00f3n 938-RP-5 en la carretera Oaxaca-Cuacnopalan, se reporta que al menos\u00a027 migrantes m\u00e1s resultaron lesionados, los cuales fueron trasladados a hospitales cercanos para su atenci\u00f3n m\u00e9dica.<\/span><\/p>\n<p><span style=\"font-size: 14pt;\">La Fiscal\u00eda de Oaxaca indic\u00f3 que se realizan labores periciales en la zona del accidente para \u201ctener certeza cient\u00edfica\u201d sobre la manera en la que ocurrieron los hechos y \u201cestablecer las responsabilidades resultantes\u201d del accidente.<\/span><\/p>\n","protected":false},"excerpt":{"rendered":"<p>La\u00a0volcadura de autob\u00fas en Oaxaca\u00a0que se registr\u00f3 la madrugada de este viernes 6 de octubre\u00a0dej\u00f3 un total de\u00a018 personas muertas,<\/p>\n","protected":false},"author":4,"featured_media":24449,"comment_status":"closed","ping_status":"closed","sticky":false,"template":"","format":"standard","meta":{"colormag_page_container_layout":"default_layout","colormag_page_sidebar_layout":"default_layout","_jetpack_memberships_contains_paid_content":false,"footnotes":"","jetpack_publicize_message":"","jetpack_publicize_feature_enabled":true,"jetpack_social_post_already_shared":false,"jetpack_social_options":{"image_generator_settings":{"template":"highway","default_image_id":0,"font":"","enabled":false},"version":2}},"categories":[30],"tags":[],"class_list":["post-24448","post","type-post","status-publish","format-standard","has-post-thumbnail","hentry","category-estados"],"jetpack_publicize_connections":[],"jetpack_featured_media_url":"https:\/\/i0.wp.com\/politicosaldesnudo.com.mx\/wp-content\/uploads\/2023\/10\/v.jpg?fit=474%2C213&ssl=1","jetpack-related-posts":[],"jetpack_sharing_enabled":true,"_links":{"self":[{"href":"https:\/\/politicosaldesnudo.com.mx\/index.php\/wp-json\/wp\/v2\/posts\/24448","targetHints":{"allow":["GET"]}}],"collection":[{"href":"https:\/\/politicosaldesnudo.com.mx\/index.php\/wp-json\/wp\/v2\/posts"}],"about":[{"href":"https:\/\/politicosaldesnudo.com.mx\/index.php\/wp-json\/wp\/v2\/types\/post"}],"author":[{"embeddable":true,"href":"https:\/\/politicosaldesnudo.com.mx\/index.php\/wp-json\/wp\/v2\/users\/4"}],"replies":[{"embeddable":true,"href":"https:\/\/politicosaldesnudo.com.mx\/index.php\/wp-json\/wp\/v2\/comments?post=24448"}],"version-history":[{"count":0,"href":"https:\/\/politicosaldesnudo.com.mx\/index.php\/wp-json\/wp\/v2\/posts\/24448\/revisions"}],"wp:featuredmedia":[{"embeddable":true,"href":"https:\/\/politicosaldesnudo.com.mx\/index.php\/wp-json\/wp\/v2\/media\/24449"}],"wp:attachment":[{"href":"https:\/\/politicosaldesnudo.com.mx\/index.php\/wp-json\/wp\/v2\/media?parent=24448"}],"wp:term":[{"taxonomy":"category","embeddable":true,"href":"https:\/\/politicosaldesnudo.com.mx\/index.php\/wp-json\/wp\/v2\/categories?post=24448"},{"taxonomy":"post_tag","embeddable":true,"href":"https:\/\/politicosaldesnudo.com.mx\/index.php\/wp-json\/wp\/v2\/tags?post=24448"}],"curies":[{"name":"wp","href":"https:\/\/api.w.org\/{rel}","templated":true}]}}