{"id":24464,"date":"2023-10-07T13:37:10","date_gmt":"2023-10-07T18:37:10","guid":{"rendered":"https:\/\/politicosaldesnudo.com.mx\/?p=24464"},"modified":"2023-10-07T13:37:10","modified_gmt":"2023-10-07T18:37:10","slug":"apertura-parcial-del-tren-maya-en-diciembre-amlo","status":"publish","type":"post","link":"https:\/\/politicosaldesnudo.com.mx\/index.php\/2023\/10\/07\/apertura-parcial-del-tren-maya-en-diciembre-amlo\/","title":{"rendered":"Apertura parcial del Tren Maya en diciembre: AMLO"},"content":{"rendered":"<p><span style=\"font-size: 14pt;\">Valladolid, Yuc. El Expreso de Oriente mexicano volvi\u00f3 al camino. Alist\u00e1ndose para su viaje inaugural en diciembre, si los siempre inexactos tiempos de la construcci\u00f3n lo permiten, ayer se someti\u00f3 a su segunda prueba con pasajeros a bordo.<\/span><\/p>\n<p><span style=\"font-size: 14pt;\">La primera plana de la 4T subi\u00f3 al Tren Maya y al filo de las 11 y media de la ma\u00f1ana (hora local), el convoy inici\u00f3 el viaje desde la estaci\u00f3n en Canc\u00fan, a unos kil\u00f3metros de la terminal a\u00e9rea. La m\u00e1quina corri\u00f3 y, tras poco m\u00e1s de dos horas, lleg\u00f3 a Valladolid, cubriendo los 143 kil\u00f3metros que la separan del paradisiaco puerto del Caribe nacional.<\/span><\/p>\n<p><span style=\"font-size: 14pt;\">Relanzar en el sureste este medio de transporte ha sido una de las principales banderas del gobierno de Andr\u00e9s Manuel L\u00f3pez Obrador, que 173 a\u00f1os despu\u00e9s de la inauguraci\u00f3n del primer tramo ferroviario en el pa\u00eds, en 1850, se ha empe\u00f1ado en concretar a como d\u00e9 lugar este proyecto.<\/span><\/p>\n<p><span style=\"font-size: 14pt;\">El mandatario encabez\u00f3 as\u00ed el segundo recorrido de prueba del Tren Maya, que sorprendi\u00f3 incluso a los m\u00e1s optimistas.<\/span><\/p>\n<p><span style=\"font-size: 14pt;\">Quienes viajaron en el primer trayecto \u2013entre el 1 y 3 de septiembre\u2013 constataron que en esta nueva ocasi\u00f3n el convoy se abri\u00f3 paso entre la selva maya a unos 80 kil\u00f3metros por hora, velocidad mayor a la pasada. Otra novedad fue que funcion\u00f3 el aire acondicionado, necesario ante el incesante calor que com\u00fanmente azota la regi\u00f3n y que ayer super\u00f3 34 grados.<\/span><\/p>\n<p><span style=\"font-size: 14pt;\">Al llegar a Valladolid, L\u00f3pez Obrador tuvo una reuni\u00f3n de evaluaci\u00f3n del proyecto, que se prolong\u00f3 por m\u00e1s de tres horas. Lo acompa\u00f1aron en el recorrido miembros de su gabinete; los gobernadores de Yucat\u00e1n, Mauricio Vila, y de Quintana Roo, Mara Lezama, y los l\u00edderes de algunas de las empresas que participan en su construcci\u00f3n.<\/span><\/p>\n<p><span style=\"font-size: 14pt;\">Con los tiempos encima, algunos estimaron que apret\u00f3 tuercas entre los mandos militares a cargo del proyecto, as\u00ed como a contratistas, ingenieros y trabajadores de la construcci\u00f3n para cumplir su compromiso: inaugurar el tren en diciembre.<\/span><\/p>\n<p><span style=\"font-size: 14pt;\">Horas antes, en su ma\u00f1anera en Canc\u00fan, por primera vez el mandatario dej\u00f3 abierta la posibilidad de que la inauguraci\u00f3n podr\u00eda darse por etapas: una a mediados de diciembre y otra el primer bimestre de 2024.<\/span><\/p>\n<p><img data-recalc-dims=\"1\" loading=\"lazy\" decoding=\"async\" class=\"aligncenter size-large wp-image-24466\" src=\"https:\/\/i0.wp.com\/politicosaldesnudo.com.mx\/wp-content\/uploads\/2023\/10\/imagen-conceptual-del-tren-maya-1024x718.jpg?resize=800%2C561&#038;ssl=1\" alt=\"\" width=\"800\" height=\"561\" srcset=\"https:\/\/i0.wp.com\/politicosaldesnudo.com.mx\/wp-content\/uploads\/2023\/10\/imagen-conceptual-del-tren-maya.jpg?resize=1024%2C718&amp;ssl=1 1024w, https:\/\/i0.wp.com\/politicosaldesnudo.com.mx\/wp-content\/uploads\/2023\/10\/imagen-conceptual-del-tren-maya.jpg?resize=300%2C210&amp;ssl=1 300w, https:\/\/i0.wp.com\/politicosaldesnudo.com.mx\/wp-content\/uploads\/2023\/10\/imagen-conceptual-del-tren-maya.jpg?resize=768%2C539&amp;ssl=1 768w, https:\/\/i0.wp.com\/politicosaldesnudo.com.mx\/wp-content\/uploads\/2023\/10\/imagen-conceptual-del-tren-maya.jpg?resize=130%2C90&amp;ssl=1 130w, https:\/\/i0.wp.com\/politicosaldesnudo.com.mx\/wp-content\/uploads\/2023\/10\/imagen-conceptual-del-tren-maya.jpg?w=1032&amp;ssl=1 1032w\" sizes=\"auto, (max-width: 800px) 100vw, 800px\" \/><\/p>\n<p class=\"sumario\"><span style=\"font-size: 14pt;\"><strong>Orgullo de la fuerza obrera<\/strong><\/span><\/p>\n<p class=\"s-s\"><span style=\"font-size: 14pt;\">La fuerza obrera no ocult\u00f3 su emoci\u00f3n por la visita del tabasque\u00f1o. Su presencia fue motivo para hacer un alto en los trabajos que <q>a marchas forzadas<\/q> realizan desde hace meses y que, ante la inminente fecha l\u00edmite, habr\u00e1 que redoblar esfuerzos.<\/span><\/p>\n<p><span style=\"font-size: 14pt;\">Oriundos de Valladolid, Julio y Rafael son parte de una cuadrilla de trabajadores de la construcci\u00f3n que colaboran para apresurar la conclusi\u00f3n de la obra. Enfundados en los ropajes aptos para su pesada labor, se les vio expectantes ante la presencia del Presidente. A lo lejos, estiraban el pescuezo para tratar de ver aunque sea un poco de lo que suced\u00eda bajo enormes carpas dispuestas para la reuni\u00f3n con el mandatario.<\/span><\/p>\n<p><span style=\"font-size: 14pt;\">Se dijeron orgullosos de participar en <q>un proyecto de semejante magnitud<\/q>. Y revelaron que los empe\u00f1os no han sido nada sencillos, sobre todo por el inclemente calor, pues en algunos tiempos del a\u00f1o los trabajos se daban bajo temperaturas hasta de 40 grados. <q>A veces es pesado, otras es tranquilo, pero hay que terminar, es el compromiso<\/q>, se\u00f1al\u00f3 el segundo en el muy particular y melodioso tono de los habitantes de esta zona.<\/span><\/p>\n<p><span style=\"font-size: 14pt;\">Su compa\u00f1ero confes\u00f3 que los obreros lugare\u00f1os son capaces de soportar las extremas condiciones climatol\u00f3gicas, pero para quienes vienen de otros puntos del pa\u00eds resulta imposible. <q>A los de ac\u00e1 se nos carga la mano por eso<\/q>.<\/span><\/p>\n<p class=\"sumario\"><span style=\"font-size: 14pt;\"><strong>Espera bajo el sol<\/strong><\/span><\/p>\n<p class=\"s-s\"><span style=\"font-size: 14pt;\">Algunas personas se dieron cita para ver el paso de la moderna locomotora. X\u00f3chitl Vite y Adri\u00e1n L\u00f3pez fueron dos de ellos. Originarios del Puerto de Veracruz, hicieron una pausa en sus vacaciones para ver el paso del Tren Maya y conocer al Presidente.<\/span><\/p>\n<p><span style=\"font-size: 14pt;\">Se hab\u00edan hospedado en la vecina Izamal y ayer, a temprana hora, cuando se preparaban para salir a una nueva aventura, se enteraron por la ma\u00f1anera de que har\u00eda escala en Valladolid. Ni siquiera lo pensaron. <q>Interrumpimos las vacaciones para venir a ver el tren<\/q>.<\/span><\/p>\n<p><span style=\"font-size: 14pt;\">Pacientes, esperaron bajo el intenso sol las tres horas que L\u00f3pez Obrador estuvo en Valladolid. Se conformaron con ver al jefe del Ejecutivo a lo lejos y presenciar por un minuto el paso del tren hacia su nueva parada, Teya, en M\u00e9rida.<\/span><\/p>\n<p><span style=\"font-size: 14pt;\">Adri\u00e1n confi\u00f3 en que el proyecto sea un polo de desarrollo para la regi\u00f3n y que favorezca el turismo, pues los costos por traslados, renta de autos o taxis es alt\u00edsimo. <q>Esperamos que el tren facilite el turismo<\/q>. La pareja asegur\u00f3 que cuando el Tren Maya est\u00e9 operando totalmente, estar\u00e1n de regreso para hacer el viaje a bordo.<\/span><\/p>\n","protected":false},"excerpt":{"rendered":"<p>Valladolid, Yuc. El Expreso de Oriente mexicano volvi\u00f3 al camino. Alist\u00e1ndose para su viaje inaugural en diciembre, si los siempre<\/p>\n","protected":false},"author":4,"featured_media":24465,"comment_status":"closed","ping_status":"closed","sticky":false,"template":"","format":"standard","meta":{"colormag_page_container_layout":"default_layout","colormag_page_sidebar_layout":"default_layout","_jetpack_memberships_contains_paid_content":false,"footnotes":"","jetpack_publicize_message":"","jetpack_publicize_feature_enabled":true,"jetpack_social_post_already_shared":false,"jetpack_social_options":{"image_generator_settings":{"template":"highway","default_image_id":0,"font":"","enabled":false},"version":2}},"categories":[30],"tags":[],"class_list":["post-24464","post","type-post","status-publish","format-standard","has-post-thumbnail","hentry","category-estados"],"jetpack_publicize_connections":[],"jetpack_featured_media_url":"https:\/\/i0.wp.com\/politicosaldesnudo.com.mx\/wp-content\/uploads\/2023\/10\/apertura-parcial-del-tren-maya-en-diciembre-amlo-1010html-tren-mayajpg-596html-476d2eb4-9032-4f3b-93b8-54e5afdd50d9.jpg?fit=1024%2C683&ssl=1","jetpack-related-posts":[],"jetpack_sharing_enabled":true,"_links":{"self":[{"href":"https:\/\/politicosaldesnudo.com.mx\/index.php\/wp-json\/wp\/v2\/posts\/24464","targetHints":{"allow":["GET"]}}],"collection":[{"href":"https:\/\/politicosaldesnudo.com.mx\/index.php\/wp-json\/wp\/v2\/posts"}],"about":[{"href":"https:\/\/politicosaldesnudo.com.mx\/index.php\/wp-json\/wp\/v2\/types\/post"}],"author":[{"embeddable":true,"href":"https:\/\/politicosaldesnudo.com.mx\/index.php\/wp-json\/wp\/v2\/users\/4"}],"replies":[{"embeddable":true,"href":"https:\/\/politicosaldesnudo.com.mx\/index.php\/wp-json\/wp\/v2\/comments?post=24464"}],"version-history":[{"count":0,"href":"https:\/\/politicosaldesnudo.com.mx\/index.php\/wp-json\/wp\/v2\/posts\/24464\/revisions"}],"wp:featuredmedia":[{"embeddable":true,"href":"https:\/\/politicosaldesnudo.com.mx\/index.php\/wp-json\/wp\/v2\/media\/24465"}],"wp:attachment":[{"href":"https:\/\/politicosaldesnudo.com.mx\/index.php\/wp-json\/wp\/v2\/media?parent=24464"}],"wp:term":[{"taxonomy":"category","embeddable":true,"href":"https:\/\/politicosaldesnudo.com.mx\/index.php\/wp-json\/wp\/v2\/categories?post=24464"},{"taxonomy":"post_tag","embeddable":true,"href":"https:\/\/politicosaldesnudo.com.mx\/index.php\/wp-json\/wp\/v2\/tags?post=24464"}],"curies":[{"name":"wp","href":"https:\/\/api.w.org\/{rel}","templated":true}]}}