{"id":24492,"date":"2023-10-09T03:21:34","date_gmt":"2023-10-09T08:21:34","guid":{"rendered":"https:\/\/politicosaldesnudo.com.mx\/?p=24492"},"modified":"2023-10-09T03:21:34","modified_gmt":"2023-10-09T08:21:34","slug":"los-derechos-de-la-naturaleza","status":"publish","type":"post","link":"https:\/\/politicosaldesnudo.com.mx\/index.php\/2023\/10\/09\/los-derechos-de-la-naturaleza\/","title":{"rendered":"Los derechos de la naturaleza"},"content":{"rendered":"<p><span style=\"font-size: 14pt;\"><strong>Por: Ricardo Homs<\/strong><\/span><\/p>\n<p><span style=\"font-size: 14pt;\">Empiezan a fortalecerse las cr\u00edticas internacionales y las manifestaciones en contra de la construcci\u00f3n del Tren Maya por la depredaci\u00f3n de la naturaleza y su impacto en el patrimonio arqueol\u00f3gico y en los derechos de los pueblos originarios que habitan ese territorio.<\/span><\/p>\n<p><span style=\"font-size: 14pt;\">El Tribunal Internacional de Derechos de la Naturaleza ya entreg\u00f3 a la presidencia de la rep\u00fablica una sentencia firmada por 23 jueces, exigiendo la suspensi\u00f3n de la obra.<\/span><\/p>\n<p><span style=\"font-size: 14pt;\">Este veredicto fue dado a conocer globalmente por la argentina Maristella Svampa, presidenta de este tribunal internacional, sustentado en los trabajos realizados del 09 al 12 de marzo del 2023 en la ciudad de Valladolid, Yucat\u00e1n, durante su octava audiencia.<\/span><\/p>\n<p><span style=\"font-size: 14pt;\">La naturaleza, -como ecosistema-, es un patrimonio de la humanidad. Por lo tanto, los da\u00f1os a la naturaleza en cualquier parte del mundo se convierten en una responsabilidad global y por ello, esto genera derechos a la comunidad internacional para manifestarse y quiz\u00e1 emitir jurisprudencia de alcance global.<\/span><\/p>\n<p><span style=\"font-size: 14pt;\">La naturaleza est\u00e1 interconectada y lo que sucede en un pa\u00eds, impacta al resto del planeta. De este modo, el \u201cecocidio\u201d que se est\u00e1 perpetrando en la ruta del Tren Maya, tendr\u00e1 implicaciones en el planeta por el gran tama\u00f1o de la obra, 1,500 kil\u00f3metros de extensi\u00f3n.<\/span><\/p>\n<p><span style=\"font-size: 14pt;\">Es evidente que este gobierno ignorar\u00e1 esta sentencia y todas las que interponga cualquier organismo, nacional o internacional.<\/span><\/p>\n<p><span style=\"font-size: 14pt;\">Sin embargo, es importante que la sociedad mexicana tome conciencia de la responsabilidad que significa el cuidado de la naturaleza como un compromiso con las pr\u00f3ximas generaciones de mexicanos, pero tambi\u00e9n con la comunidad internacional.<\/span><\/p>\n<p><span style=\"font-size: 14pt;\">El impacto que est\u00e1 teniendo la irresponsable depredaci\u00f3n de la naturaleza no es percibida por la sociedad. Sin embargo, es evidente que el cambio clim\u00e1tico est\u00e1 modificando el equilibrio que hasta hace pocos a\u00f1os exist\u00eda. Lo que sucede en una parte del mundo, repercute en el resto del planeta.<\/span><\/p>\n<p><span style=\"font-size: 14pt;\">Cuando dentro de unos a\u00f1os descubramos que fue un proyecto fallido pues no est\u00e1 respaldado ni siquiera por un estudio de factibilidad comercial que garantice que los ingresos derivados de su operaci\u00f3n alcanzar\u00e1n para cubrir los altos costos de operaci\u00f3n, que implican mantener en buen estado la infraestructura ferroviaria, los salarios del personal incluyendo sus prestaciones, los costos financieros y otros, ya ser\u00e1 tarde .<\/span><\/p>\n<p><span style=\"font-size: 14pt;\">Los derechos de la naturaleza se refieren a la necesidad de protegerla como un todo territorial que debe ser protegido legalmente.<\/span><\/p>\n<p><span style=\"font-size: 14pt;\">Esta es una tendencia jur\u00eddica que responde a la creciente preocupaci\u00f3n por la degradaci\u00f3n ambiental, la p\u00e9rdida de biodiversidad y el cambio clim\u00e1tico. Los defensores de los derechos de la naturaleza argumentan que la naturaleza tiene un valor intr\u00ednseco y que no debe ser vista simplemente como un recurso para el beneficio humano.<\/span><\/p>\n<p><span style=\"font-size: 14pt;\">A continuaci\u00f3n, se mencionan algunos aspectos relacionados con los derechos de la naturaleza:<\/span><\/p>\n<p><span style=\"font-size: 14pt;\">Entre las instituciones y las ONGs ambientalistas existe la percepci\u00f3n de que las leyes y regulaciones ambientales existentes generalmente no son suficientes para proteger los ecosistemas y la biodiversidad. Se considera que la naturaleza debe ser protegida independientemente de su utilidad para los seres humanos, pues la experiencia muestra que los intereses econ\u00f3micos y empresariales generalmente se ponen por encima de la responsabilidad de proteger el medio ambiente y la naturaleza y con ello se justifica la depredaci\u00f3n y los da\u00f1os al ecosistema.<\/span><\/p>\n<p><span style=\"font-size: 14pt;\">En algunos pa\u00edses se han promulgado leyes que otorgan derechos legales a la naturaleza. Por ejemplo, en 2008, Ecuador se convirti\u00f3 en el primer pa\u00eds en incluir los derechos de la naturaleza en su Constituci\u00f3n. La Constituci\u00f3n ecuatoriana reconoce a la naturaleza como un sujeto de derechos y establece que el Estado tiene la responsabilidad de garantizar su preservaci\u00f3n.<\/span><\/p>\n<p><span style=\"font-size: 14pt;\">Otros ejemplos incluyen la declaraci\u00f3n de los derechos legales del r\u00edo Whanganui en Nueva Zelanda y la designaci\u00f3n de la Gran Barrera de Coral en Australia como una entidad legal con derechos, que fueron reconocidos en 2019. Estos casos demuestran c\u00f3mo los derechos de la naturaleza est\u00e1n siendo reconocidos en diferentes partes del mundo.<\/span><\/p>\n<p><span style=\"font-size: 14pt;\">Reconocer los derechos de la naturaleza debe tener implicaciones legales y \u00e9ticas. Esto significa que instituciones ambientalistas y ONGs tienen la capacidad legal y jur\u00eddica de presentar demandas en nombre de la naturaleza, para evitar da\u00f1os ambientales. Urge equilibrar los derechos de la naturaleza con los derechos humanos y con el desarrollo econ\u00f3mico.<\/span><\/p>\n<p><span style=\"font-size: 14pt;\">Sin embargo, los derechos de la naturaleza no est\u00e1n exentos de controversia. Los gobiernos argumentan que esto podr\u00eda tener consecuencias econ\u00f3micas negativas al limitar la explotaci\u00f3n de recursos naturales. Otros cuestionan la capacidad de la naturaleza, -como sujeto de derechos jur\u00eddicos-, para ejercer acciones legales para protegerse a s\u00ed misma.<\/span><\/p>\n<p><span style=\"font-size: 14pt;\">En resumen, los derechos de la naturaleza representan un novedoso enfoque jur\u00eddico en la conservaci\u00f3n y protecci\u00f3n del medio ambiente, que busca otorgar a los ecosistemas y elementos naturales un estatus legal y moral similar al de los seres humanos. Su reconocimiento y aplicaci\u00f3n var\u00edan seg\u00fan el pa\u00eds y su sistema jur\u00eddico.<\/span><\/p>\n<p><span style=\"font-size: 14pt;\">Sin embargo, en M\u00e9xico necesitamos crear conciencia de ello para evitar la depredaci\u00f3n y la explotaci\u00f3n indiscriminada y sin control de nuestros recursos naturales, como tambi\u00e9n est\u00e1 sucediendo con nuestros bosques y con el agua, as\u00ed como la contaminaci\u00f3n de r\u00edos y lagunas.<\/span><\/p>\n<p><span style=\"font-size: 14pt;\">Sin embargo, quien debiese dar el ejemplo es el gobierno federal, pero con la construcci\u00f3n del Tren Maya ha mostrado el poco respeto que se tiene para con los derechos de la naturaleza.<\/span><\/p>\n<p><span style=\"font-size: 14pt;\">La creaci\u00f3n de leyes ambientalistas es urgente.<\/span><\/p>\n<p><span style=\"font-size: 14pt;\">\u00bfA usted qu\u00e9 le parece?<\/span><\/p>\n","protected":false},"excerpt":{"rendered":"<p>Por: Ricardo Homs Empiezan a fortalecerse las cr\u00edticas internacionales y las manifestaciones en contra de la construcci\u00f3n del Tren Maya<\/p>\n","protected":false},"author":4,"featured_media":3778,"comment_status":"closed","ping_status":"closed","sticky":false,"template":"","format":"standard","meta":{"colormag_page_container_layout":"default_layout","colormag_page_sidebar_layout":"default_layout","_jetpack_memberships_contains_paid_content":false,"footnotes":"","jetpack_publicize_message":"","jetpack_publicize_feature_enabled":true,"jetpack_social_post_already_shared":false,"jetpack_social_options":{"image_generator_settings":{"template":"highway","default_image_id":0,"font":"","enabled":false},"version":2}},"categories":[26],"tags":[],"class_list":["post-24492","post","type-post","status-publish","format-standard","has-post-thumbnail","hentry","category-columnistas"],"jetpack_publicize_connections":[],"jetpack_featured_media_url":"https:\/\/i0.wp.com\/politicosaldesnudo.com.mx\/wp-content\/uploads\/2022\/04\/RICARDO-HOMS.png?fit=1816%2C1016&ssl=1","jetpack-related-posts":[],"jetpack_sharing_enabled":true,"_links":{"self":[{"href":"https:\/\/politicosaldesnudo.com.mx\/index.php\/wp-json\/wp\/v2\/posts\/24492","targetHints":{"allow":["GET"]}}],"collection":[{"href":"https:\/\/politicosaldesnudo.com.mx\/index.php\/wp-json\/wp\/v2\/posts"}],"about":[{"href":"https:\/\/politicosaldesnudo.com.mx\/index.php\/wp-json\/wp\/v2\/types\/post"}],"author":[{"embeddable":true,"href":"https:\/\/politicosaldesnudo.com.mx\/index.php\/wp-json\/wp\/v2\/users\/4"}],"replies":[{"embeddable":true,"href":"https:\/\/politicosaldesnudo.com.mx\/index.php\/wp-json\/wp\/v2\/comments?post=24492"}],"version-history":[{"count":0,"href":"https:\/\/politicosaldesnudo.com.mx\/index.php\/wp-json\/wp\/v2\/posts\/24492\/revisions"}],"wp:featuredmedia":[{"embeddable":true,"href":"https:\/\/politicosaldesnudo.com.mx\/index.php\/wp-json\/wp\/v2\/media\/3778"}],"wp:attachment":[{"href":"https:\/\/politicosaldesnudo.com.mx\/index.php\/wp-json\/wp\/v2\/media?parent=24492"}],"wp:term":[{"taxonomy":"category","embeddable":true,"href":"https:\/\/politicosaldesnudo.com.mx\/index.php\/wp-json\/wp\/v2\/categories?post=24492"},{"taxonomy":"post_tag","embeddable":true,"href":"https:\/\/politicosaldesnudo.com.mx\/index.php\/wp-json\/wp\/v2\/tags?post=24492"}],"curies":[{"name":"wp","href":"https:\/\/api.w.org\/{rel}","templated":true}]}}