{"id":24532,"date":"2023-10-09T13:11:31","date_gmt":"2023-10-09T18:11:31","guid":{"rendered":"https:\/\/politicosaldesnudo.com.mx\/?p=24532"},"modified":"2023-10-09T13:11:31","modified_gmt":"2023-10-09T18:11:31","slug":"en-lunes-civico-recuerdan-el-531-aniversario-de-la-llegada-de-cristobal-colon-a-america","status":"publish","type":"post","link":"https:\/\/politicosaldesnudo.com.mx\/index.php\/2023\/10\/09\/en-lunes-civico-recuerdan-el-531-aniversario-de-la-llegada-de-cristobal-colon-a-america\/","title":{"rendered":"En Lunes C\u00edvico recuerdan el 531 aniversario de la llegada de Crist\u00f3bal Col\u00f3n a Am\u00e9rica"},"content":{"rendered":"<p><span style=\"font-size: 14pt;\">Tuxpan, Ver.- En el marco de la conmemoraci\u00f3n del 531 aniversario de la llegada de Crist\u00f3bal Col\u00f3n a Am\u00e9rica, el Gobierno de Tuxpan llev\u00f3 a cabo un acto c\u00edvico en la explanada de la Presidencia Municipal, en el que participaron alumnas y alumnos de la escuela primaria \u201cBelisario Dom\u00ednguez\u201d.<\/span><\/p>\n<p><img data-recalc-dims=\"1\" loading=\"lazy\" decoding=\"async\" class=\"aligncenter size-large wp-image-24533\" src=\"https:\/\/i0.wp.com\/politicosaldesnudo.com.mx\/wp-content\/uploads\/2023\/10\/WhatsApp-Image-2023-10-09-at-11.37.482-1024x681.jpeg?resize=800%2C532&#038;ssl=1\" alt=\"\" width=\"800\" height=\"532\" srcset=\"https:\/\/i0.wp.com\/politicosaldesnudo.com.mx\/wp-content\/uploads\/2023\/10\/WhatsApp-Image-2023-10-09-at-11.37.482.jpeg?resize=1024%2C681&amp;ssl=1 1024w, https:\/\/i0.wp.com\/politicosaldesnudo.com.mx\/wp-content\/uploads\/2023\/10\/WhatsApp-Image-2023-10-09-at-11.37.482.jpeg?resize=300%2C199&amp;ssl=1 300w, https:\/\/i0.wp.com\/politicosaldesnudo.com.mx\/wp-content\/uploads\/2023\/10\/WhatsApp-Image-2023-10-09-at-11.37.482.jpeg?resize=768%2C511&amp;ssl=1 768w, https:\/\/i0.wp.com\/politicosaldesnudo.com.mx\/wp-content\/uploads\/2023\/10\/WhatsApp-Image-2023-10-09-at-11.37.482.jpeg?w=1280&amp;ssl=1 1280w\" sizes=\"auto, (max-width: 800px) 100vw, 800px\" \/><\/p>\n<p><span style=\"font-size: 14pt;\">Encabezaron este evento el director de Educaci\u00f3n, Prof. Jorge Arturo Garc\u00eda Robles, en representaci\u00f3n del alcalde Jos\u00e9 Manuel Pozos Castro; el regidor Juan G\u00f3mez Garc\u00eda; el Mtro. Fabi\u00e1n Arg\u00fcelles Reboreda, en representaci\u00f3n de la regidur\u00eda s\u00e9ptima comisionada en Educaci\u00f3n.<\/span><\/p>\n<p><span style=\"font-size: 14pt;\">La Prof. Adalia Urbina Barcelata, directora de la primaria \u201cBelisario Dom\u00ednguez\u201d; la Mtra. de Educaci\u00f3n F\u00edsica Luz Benilde Cervantes Alarc\u00f3n, y Norma Ang\u00e9lica V\u00e1zquez, en representaci\u00f3n de la Direcci\u00f3n de Museos y Bibliotecas.<\/span><\/p>\n<p><span style=\"font-size: 14pt;\">Durante el acto, las y los estudiantes Nahima Valentina, Arad Yadid, Carlos, Vladimir, Uziel Gast\u00f3n y Maximiliano presentaron las efem\u00e9rides de esta semana.<\/span><\/p>\n<p><span style=\"font-size: 14pt;\">Valeria Guadalupe y Breana Kamila recitaron las poes\u00edas \u201cUn marino so\u00f1ador\u201d y \u201cBelisario Dom\u00ednguez\u201d, respectivamente.<\/span><\/p>\n<p><span style=\"font-size: 14pt;\">As\u00ed mismo, las alumnas Emily y Malenny Anayanzy presentaron la lectura titulada \u201cLa vida y obra de Belisario Dom\u00ednguez\u201d, y los alumnos de cuarto grado entonaron el \u201cHimno a mi escuela Belisario Dom\u00ednguez\u201d, en conmemoraci\u00f3n por el 110 aniversario luctuoso de este ilustre personaje de la historia de nuestro pa\u00eds.<\/span><\/p>\n<p><img data-recalc-dims=\"1\" loading=\"lazy\" decoding=\"async\" class=\"aligncenter size-large wp-image-24534\" src=\"https:\/\/i0.wp.com\/politicosaldesnudo.com.mx\/wp-content\/uploads\/2023\/10\/WhatsApp-Image-2023-10-09-at-11.37.48-1024x681.jpeg?resize=800%2C532&#038;ssl=1\" alt=\"\" width=\"800\" height=\"532\" srcset=\"https:\/\/i0.wp.com\/politicosaldesnudo.com.mx\/wp-content\/uploads\/2023\/10\/WhatsApp-Image-2023-10-09-at-11.37.48.jpeg?resize=1024%2C681&amp;ssl=1 1024w, https:\/\/i0.wp.com\/politicosaldesnudo.com.mx\/wp-content\/uploads\/2023\/10\/WhatsApp-Image-2023-10-09-at-11.37.48.jpeg?resize=300%2C199&amp;ssl=1 300w, https:\/\/i0.wp.com\/politicosaldesnudo.com.mx\/wp-content\/uploads\/2023\/10\/WhatsApp-Image-2023-10-09-at-11.37.48.jpeg?resize=768%2C511&amp;ssl=1 768w, https:\/\/i0.wp.com\/politicosaldesnudo.com.mx\/wp-content\/uploads\/2023\/10\/WhatsApp-Image-2023-10-09-at-11.37.48.jpeg?w=1280&amp;ssl=1 1280w\" sizes=\"auto, (max-width: 800px) 100vw, 800px\" \/><\/p>\n<p><span style=\"font-size: 14pt;\">En este acto tambi\u00e9n estuvieron presentes padres de familia, directores y coordinadores de las diferentes \u00e1reas del Ayuntamiento de Tuxpan y elementos de la Secretar\u00eda de Marina Armada de M\u00e9xico y de la Polic\u00eda Municipal.<\/span><\/p>\n","protected":false},"excerpt":{"rendered":"<p>Tuxpan, Ver.- En el marco de la conmemoraci\u00f3n del 531 aniversario de la llegada de Crist\u00f3bal Col\u00f3n a Am\u00e9rica, el<\/p>\n","protected":false},"author":4,"featured_media":24535,"comment_status":"closed","ping_status":"closed","sticky":false,"template":"","format":"standard","meta":{"colormag_page_container_layout":"default_layout","colormag_page_sidebar_layout":"default_layout","_jetpack_memberships_contains_paid_content":false,"footnotes":"","jetpack_publicize_message":"","jetpack_publicize_feature_enabled":true,"jetpack_social_post_already_shared":false,"jetpack_social_options":{"image_generator_settings":{"template":"highway","default_image_id":0,"font":"","enabled":false},"version":2}},"categories":[1082],"tags":[],"class_list":["post-24532","post","type-post","status-publish","format-standard","has-post-thumbnail","hentry","category-tuxpan"],"jetpack_publicize_connections":[],"jetpack_featured_media_url":"https:\/\/i0.wp.com\/politicosaldesnudo.com.mx\/wp-content\/uploads\/2023\/10\/WhatsApp-Image-2023-10-09-at-11.38.01.jpeg?fit=1280%2C851&ssl=1","jetpack-related-posts":[],"jetpack_sharing_enabled":true,"_links":{"self":[{"href":"https:\/\/politicosaldesnudo.com.mx\/index.php\/wp-json\/wp\/v2\/posts\/24532","targetHints":{"allow":["GET"]}}],"collection":[{"href":"https:\/\/politicosaldesnudo.com.mx\/index.php\/wp-json\/wp\/v2\/posts"}],"about":[{"href":"https:\/\/politicosaldesnudo.com.mx\/index.php\/wp-json\/wp\/v2\/types\/post"}],"author":[{"embeddable":true,"href":"https:\/\/politicosaldesnudo.com.mx\/index.php\/wp-json\/wp\/v2\/users\/4"}],"replies":[{"embeddable":true,"href":"https:\/\/politicosaldesnudo.com.mx\/index.php\/wp-json\/wp\/v2\/comments?post=24532"}],"version-history":[{"count":0,"href":"https:\/\/politicosaldesnudo.com.mx\/index.php\/wp-json\/wp\/v2\/posts\/24532\/revisions"}],"wp:featuredmedia":[{"embeddable":true,"href":"https:\/\/politicosaldesnudo.com.mx\/index.php\/wp-json\/wp\/v2\/media\/24535"}],"wp:attachment":[{"href":"https:\/\/politicosaldesnudo.com.mx\/index.php\/wp-json\/wp\/v2\/media?parent=24532"}],"wp:term":[{"taxonomy":"category","embeddable":true,"href":"https:\/\/politicosaldesnudo.com.mx\/index.php\/wp-json\/wp\/v2\/categories?post=24532"},{"taxonomy":"post_tag","embeddable":true,"href":"https:\/\/politicosaldesnudo.com.mx\/index.php\/wp-json\/wp\/v2\/tags?post=24532"}],"curies":[{"name":"wp","href":"https:\/\/api.w.org\/{rel}","templated":true}]}}