{"id":24631,"date":"2023-10-11T12:38:29","date_gmt":"2023-10-11T17:38:29","guid":{"rendered":"https:\/\/politicosaldesnudo.com.mx\/?p=24631"},"modified":"2023-10-11T12:38:29","modified_gmt":"2023-10-11T17:38:29","slug":"hace-escala-en-canada-primer-vuelo-de-fam-con-mexicanos-repatriados-de-israel","status":"publish","type":"post","link":"https:\/\/politicosaldesnudo.com.mx\/index.php\/2023\/10\/11\/hace-escala-en-canada-primer-vuelo-de-fam-con-mexicanos-repatriados-de-israel\/","title":{"rendered":"Hace escala en Canad\u00e1 primer vuelo de FAM con mexicanos repatriados de Israel"},"content":{"rendered":"<p><span style=\"font-size: 14pt;\">El primer vuelo de la Fuerza A\u00e9rea Mexicana (FAM) con connacionales repatriados de Israel se encuentra ya en el continente americano, aterriz\u00f3 poco despu\u00e9s de las diez de la ma\u00f1ana, tiempo de M\u00e9xico, en el aeropuerto de Gander, Canad\u00e1.<\/span><\/p>\n<p><img data-recalc-dims=\"1\" loading=\"lazy\" decoding=\"async\" class=\"aligncenter size-large wp-image-24632\" src=\"https:\/\/i0.wp.com\/politicosaldesnudo.com.mx\/wp-content\/uploads\/2023\/10\/2F190522160610-building-exterior-super-tease-1024x576.jpg?resize=800%2C450&#038;ssl=1\" alt=\"\" width=\"800\" height=\"450\" srcset=\"https:\/\/i0.wp.com\/politicosaldesnudo.com.mx\/wp-content\/uploads\/2023\/10\/2F190522160610-building-exterior-super-tease.jpg?resize=1024%2C576&amp;ssl=1 1024w, https:\/\/i0.wp.com\/politicosaldesnudo.com.mx\/wp-content\/uploads\/2023\/10\/2F190522160610-building-exterior-super-tease.jpg?resize=300%2C169&amp;ssl=1 300w, https:\/\/i0.wp.com\/politicosaldesnudo.com.mx\/wp-content\/uploads\/2023\/10\/2F190522160610-building-exterior-super-tease.jpg?resize=768%2C432&amp;ssl=1 768w, https:\/\/i0.wp.com\/politicosaldesnudo.com.mx\/wp-content\/uploads\/2023\/10\/2F190522160610-building-exterior-super-tease.jpg?w=1100&amp;ssl=1 1100w\" sizes=\"auto, (max-width: 800px) 100vw, 800px\" \/><\/p>\n<p class=\"western\"><span style=\"font-size: 14pt;\">Se trata del Boeing 737-800 matr\u00edcula 3528, pilotado por el general Leobardo \u00c1vila Boj\u00f3rquez, que transporta a 135 mexicanos que estaban varados en la zona de conflicto.<\/span><\/p>\n<p class=\"western\"><span style=\"font-size: 14pt;\">Se espera que el avi\u00f3n arribe poco despu\u00e9s de las cuatro de la tardea la Base A\u00e9rea Militar No. 1 de Santa Luc\u00eda, Estado de M\u00e9xico.<\/span><\/p>\n<p class=\"western\"><span style=\"font-size: 14pt;\">La Secretar\u00eda de Relaciones Exteriores (SRE) inform\u00f3 que su personal coordina este vuelo, junto con la Secretar\u00eda de la Defensa Nacional (Sedena), para traer sanos y salvos a los mexicanos que estaban en problemas en Israel.<\/span><\/p>\n","protected":false},"excerpt":{"rendered":"<p>El primer vuelo de la Fuerza A\u00e9rea Mexicana (FAM) con connacionales repatriados de Israel se encuentra ya en el continente<\/p>\n","protected":false},"author":4,"featured_media":24633,"comment_status":"closed","ping_status":"closed","sticky":false,"template":"","format":"standard","meta":{"colormag_page_container_layout":"default_layout","colormag_page_sidebar_layout":"default_layout","_jetpack_memberships_contains_paid_content":false,"footnotes":"","jetpack_publicize_message":"","jetpack_publicize_feature_enabled":true,"jetpack_social_post_already_shared":false,"jetpack_social_options":{"image_generator_settings":{"template":"highway","default_image_id":0,"font":"","enabled":false},"version":2}},"categories":[28],"tags":[],"class_list":["post-24631","post","type-post","status-publish","format-standard","has-post-thumbnail","hentry","category-internacional"],"jetpack_publicize_connections":[],"jetpack_featured_media_url":"https:\/\/i0.wp.com\/politicosaldesnudo.com.mx\/wp-content\/uploads\/2023\/10\/aterrizaje-de-escala-en-canada-del-primer-vuelo-de-fam-con-mexicanos-repatriados-de-israel-4750html-1vuelofamjpg-472html-2e3825ef-ce46-4528-b2da-69c058419eda.jpg?fit=680%2C510&ssl=1","jetpack-related-posts":[],"jetpack_sharing_enabled":true,"_links":{"self":[{"href":"https:\/\/politicosaldesnudo.com.mx\/index.php\/wp-json\/wp\/v2\/posts\/24631","targetHints":{"allow":["GET"]}}],"collection":[{"href":"https:\/\/politicosaldesnudo.com.mx\/index.php\/wp-json\/wp\/v2\/posts"}],"about":[{"href":"https:\/\/politicosaldesnudo.com.mx\/index.php\/wp-json\/wp\/v2\/types\/post"}],"author":[{"embeddable":true,"href":"https:\/\/politicosaldesnudo.com.mx\/index.php\/wp-json\/wp\/v2\/users\/4"}],"replies":[{"embeddable":true,"href":"https:\/\/politicosaldesnudo.com.mx\/index.php\/wp-json\/wp\/v2\/comments?post=24631"}],"version-history":[{"count":0,"href":"https:\/\/politicosaldesnudo.com.mx\/index.php\/wp-json\/wp\/v2\/posts\/24631\/revisions"}],"wp:featuredmedia":[{"embeddable":true,"href":"https:\/\/politicosaldesnudo.com.mx\/index.php\/wp-json\/wp\/v2\/media\/24633"}],"wp:attachment":[{"href":"https:\/\/politicosaldesnudo.com.mx\/index.php\/wp-json\/wp\/v2\/media?parent=24631"}],"wp:term":[{"taxonomy":"category","embeddable":true,"href":"https:\/\/politicosaldesnudo.com.mx\/index.php\/wp-json\/wp\/v2\/categories?post=24631"},{"taxonomy":"post_tag","embeddable":true,"href":"https:\/\/politicosaldesnudo.com.mx\/index.php\/wp-json\/wp\/v2\/tags?post=24631"}],"curies":[{"name":"wp","href":"https:\/\/api.w.org\/{rel}","templated":true}]}}