{"id":24635,"date":"2023-10-11T14:37:06","date_gmt":"2023-10-11T19:37:06","guid":{"rendered":"https:\/\/politicosaldesnudo.com.mx\/?p=24635"},"modified":"2023-10-11T14:37:06","modified_gmt":"2023-10-11T19:37:06","slug":"publican-nuevo-decreto-expropiatorio-de-terreno-en-q-roo-para-obras-del-tren-maya","status":"publish","type":"post","link":"https:\/\/politicosaldesnudo.com.mx\/index.php\/2023\/10\/11\/publican-nuevo-decreto-expropiatorio-de-terreno-en-q-roo-para-obras-del-tren-maya\/","title":{"rendered":"Publican nuevo decreto expropiatorio de terreno en Q Roo para obras del Tren Maya"},"content":{"rendered":"<p><span style=\"font-size: 14pt;\">La Secretar\u00eda de Desarrollo Agrario, Territorial y Urbano (Sedatu) public\u00f3 este mi\u00e9rcoles un nuevo decreto expropiatorio de un terreno ubicado en Quintana Roo por causa de utilidad p\u00fablica, para la construcci\u00f3n de obras de infraestructura del Tren Maya.<\/span><\/p>\n<p class=\"western\"><span style=\"font-size: 14pt;\">En el Diario Oficial de la Federaci\u00f3n, la dependencia indic\u00f3 que se trata de un predio de 68 hect\u00e1reas \u201cde temporal de uso com\u00fan\u201d, las cuales pertenec\u00edan al ejido \u00abXmaben y Anexos\u00bb, ubicado en el municipio de Felipe Carrillo Puerto, estado de Quintana Roo.<\/span><\/p>\n<p><img data-recalc-dims=\"1\" loading=\"lazy\" decoding=\"async\" class=\"aligncenter size-full wp-image-24636\" src=\"https:\/\/i0.wp.com\/politicosaldesnudo.com.mx\/wp-content\/uploads\/2023\/10\/OIP-1.jpg?resize=474%2C269&#038;ssl=1\" alt=\"\" width=\"474\" height=\"269\" srcset=\"https:\/\/i0.wp.com\/politicosaldesnudo.com.mx\/wp-content\/uploads\/2023\/10\/OIP-1.jpg?w=474&amp;ssl=1 474w, https:\/\/i0.wp.com\/politicosaldesnudo.com.mx\/wp-content\/uploads\/2023\/10\/OIP-1.jpg?resize=300%2C170&amp;ssl=1 300w\" sizes=\"auto, (max-width: 474px) 100vw, 474px\" \/><\/p>\n<p class=\"western\"><span style=\"font-size: 14pt;\">Las tierras, como en otras expropiaciones, quedar\u00e1n a nombre de la empresa Fonatur Tren Maya, S.A. de C.V., para destinarlas a la construcci\u00f3n de obras de infraestructura ferroviaria y operaci\u00f3n del Tren Maya.<\/span><\/p>\n<p class=\"western\"><span style=\"font-size: 14pt;\">En el documento, la Sedatu indic\u00f3 que el Instituto de Administraci\u00f3n y Aval\u00faos de Bienes Nacionales emiti\u00f3 el dictamen valuatorio, en el cual se determin\u00f3 que el monto total de indemnizaci\u00f3n asciende a 27 millones 535 mil 640 pesos, con base en el valor comercial de la superficie a expropiar.<\/span><\/p>\n<p class=\"western\"><span style=\"font-size: 14pt;\">Asimismo, se\u00f1al\u00f3 que a los integrantes del comisariado del ejido \u00abXmaben y Anexos\u00bb se les notific\u00f3 el 10 de febrero de 2023 de la solicitud de expropiaci\u00f3n, el acuerdo de instauraci\u00f3n, la superficie real a expropiar, y el dictamen valuatorio, adem\u00e1s de informarles que contaban con 10 d\u00edas h\u00e1biles para que manifestaran lo que a su inter\u00e9s conviniera. \u201cEn dicho plazo no realizaron manifestaciones\u201d, afirm\u00f3 la dependencia.<\/span><\/p>\n<p class=\"western\"><span style=\"font-size: 14pt;\">Este mismo mi\u00e9rcoles, la Sedatu public\u00f3 una fe de erratas para corregir un dato del decreto expropiatorio publicado el 30 de junio pasado, en la edici\u00f3n vespertina del DOF, con respecto a una superficie de 20 hect\u00e1reas del ejido \u00abL\u00e1zaro C\u00e1rdenas\u00bb, municipio de Champot\u00f3n, estado de Campeche, tambi\u00e9n para el Tren Maya.<\/span><\/p>\n","protected":false},"excerpt":{"rendered":"<p>La Secretar\u00eda de Desarrollo Agrario, Territorial y Urbano (Sedatu) public\u00f3 este mi\u00e9rcoles un nuevo decreto expropiatorio de un terreno ubicado<\/p>\n","protected":false},"author":4,"featured_media":24637,"comment_status":"closed","ping_status":"closed","sticky":false,"template":"","format":"standard","meta":{"colormag_page_container_layout":"default_layout","colormag_page_sidebar_layout":"default_layout","_jetpack_memberships_contains_paid_content":false,"footnotes":"","jetpack_publicize_message":"","jetpack_publicize_feature_enabled":true,"jetpack_social_post_already_shared":false,"jetpack_social_options":{"image_generator_settings":{"template":"highway","default_image_id":0,"font":"","enabled":false},"version":2}},"categories":[30],"tags":[],"class_list":["post-24635","post","type-post","status-publish","format-standard","has-post-thumbnail","hentry","category-estados"],"jetpack_publicize_connections":[],"jetpack_featured_media_url":"https:\/\/i0.wp.com\/politicosaldesnudo.com.mx\/wp-content\/uploads\/2023\/10\/TERR.webp?fit=1024%2C682&ssl=1","jetpack-related-posts":[],"jetpack_sharing_enabled":true,"_links":{"self":[{"href":"https:\/\/politicosaldesnudo.com.mx\/index.php\/wp-json\/wp\/v2\/posts\/24635","targetHints":{"allow":["GET"]}}],"collection":[{"href":"https:\/\/politicosaldesnudo.com.mx\/index.php\/wp-json\/wp\/v2\/posts"}],"about":[{"href":"https:\/\/politicosaldesnudo.com.mx\/index.php\/wp-json\/wp\/v2\/types\/post"}],"author":[{"embeddable":true,"href":"https:\/\/politicosaldesnudo.com.mx\/index.php\/wp-json\/wp\/v2\/users\/4"}],"replies":[{"embeddable":true,"href":"https:\/\/politicosaldesnudo.com.mx\/index.php\/wp-json\/wp\/v2\/comments?post=24635"}],"version-history":[{"count":0,"href":"https:\/\/politicosaldesnudo.com.mx\/index.php\/wp-json\/wp\/v2\/posts\/24635\/revisions"}],"wp:featuredmedia":[{"embeddable":true,"href":"https:\/\/politicosaldesnudo.com.mx\/index.php\/wp-json\/wp\/v2\/media\/24637"}],"wp:attachment":[{"href":"https:\/\/politicosaldesnudo.com.mx\/index.php\/wp-json\/wp\/v2\/media?parent=24635"}],"wp:term":[{"taxonomy":"category","embeddable":true,"href":"https:\/\/politicosaldesnudo.com.mx\/index.php\/wp-json\/wp\/v2\/categories?post=24635"},{"taxonomy":"post_tag","embeddable":true,"href":"https:\/\/politicosaldesnudo.com.mx\/index.php\/wp-json\/wp\/v2\/tags?post=24635"}],"curies":[{"name":"wp","href":"https:\/\/api.w.org\/{rel}","templated":true}]}}