{"id":24661,"date":"2023-10-12T10:26:53","date_gmt":"2023-10-12T15:26:53","guid":{"rendered":"https:\/\/politicosaldesnudo.com.mx\/?p=24661"},"modified":"2023-10-12T10:26:53","modified_gmt":"2023-10-12T15:26:53","slug":"oposicion-veracruzana-jugando-a-simular","status":"publish","type":"post","link":"https:\/\/politicosaldesnudo.com.mx\/index.php\/2023\/10\/12\/oposicion-veracruzana-jugando-a-simular\/","title":{"rendered":"Oposici\u00f3n veracruzana jugando a simular"},"content":{"rendered":"<p><span style=\"font-size: 14pt;\"><strong>Por: Luis Ram\u00edrez Baqueiro<\/strong><\/span><\/p>\n<p><span style=\"font-size: 12pt;\"><em>\u201cLa falta de gratitud es una traici\u00f3n ante la humanidad.\u201d \u2013 James Thompson.<\/em><\/span><\/p>\n<p><span style=\"font-size: 14pt;\">\u00a0Mientras en este jueves 12 y viernes 13 ser\u00e1 definitorio para Morena y sus partidos aliados Partido Verde Ecologista de M\u00e9xico (PVEM) y Partido del Trabajo (PT), pues dar\u00e1n a conocer los resultados de la encuesta de reconocimiento que el Comit\u00e9 Ejecutivo Nacional de Morena aplic\u00f3 para determinar qui\u00e9nes ser\u00e1n los elegidos en pos de alcanzar la tan anhelada Coordinaci\u00f3n Estatal de los Comit\u00e9s de Defensa de la 4T., un segmento de la oposici\u00f3n veracruzana ha comenzado a jugar un extra\u00f1o juego de simulaci\u00f3n.<\/span><\/p>\n<p><span style=\"font-size: 14pt;\">Y es que las recientes declaraciones de un grupo de pseudo ciudadanos encabezados por Fernando P\u00e9rez Vignola \u2013panista- y Juan Carlos Krause Rivera \u2013perredista- del pasado 5 de octubre autodenominados miembros del Consejo C\u00edvico Ciudadano de Veracruz ha levantado suspicacias entre los analistas pol\u00edticos y algunos periodistas.<\/span><\/p>\n<p><span style=\"font-size: 14pt;\">El urgente llamado lanzado en conocido caf\u00e9 de la capital a los integrantes del Frente Amplio por M\u00e9xico y al PAN, PRI y PRD para que definan ya a quien ser\u00e1 la o el candidato opositor a la gubernatura a trav\u00e9s de encuestas, resulta por dem\u00e1s extra\u00f1o, ahora le explico.<\/span><\/p>\n<p><span style=\"font-size: 14pt;\">Al parecer la propuesta presentada por los integrantes de tan noble Consejo llevaban jiribilla.<\/span><\/p>\n<p><span style=\"font-size: 14pt;\">Y es que ha resultado extra\u00f1o que los dos \u00fanicos personajes que han salido a decir que se suman a la propuesta resultar\u00e1 ser por un lado el senador panista Julen Rementer\u00eda del Puerto y el diputado federal del PRI, Jos\u00e9 Francisco Yunes Zorrilla.<\/span><\/p>\n<p><span style=\"font-size: 14pt;\">La aparente duda a est\u00e1 talentosa propuesta \u2013copia barata de lo propuesto por el actual r\u00e9gimen en su proceso interno por encuestas- sobresale, porque ser\u00edan ambos personajes los mejor posicionados en las mediciones.<\/span><\/p>\n<p><span style=\"font-size: 14pt;\">Pero a\u00fan llama m\u00e1s la atenci\u00f3n el hecho de que ambos personajes omitieron referir que si ese fuera el caso, ambos se posicionaron por debajo de Miguel \u00c1ngel Yunes M\u00e1rquez, quien al momento no ha externado abiertamente intenci\u00f3n por regresar a la pol\u00edtica.<\/span><\/p>\n<p><span style=\"font-size: 14pt;\">Aun cuando la encuesta m\u00e1s reciente de la empresa de Carlos Campos, Massive Caller elaborada el pasado 9 de octubre posiciona ya a Julen Rementer\u00eda como la supuesta carta m\u00e1s fuerte para encabezar la presunta Alianza, han dejado de lado la alt\u00edsima posibilidad de que sea la paridad de g\u00e9nero la que defina el rumbo de la elecci\u00f3n.<\/span><\/p>\n<p><span style=\"font-size: 14pt;\">Aun cuando Morena y el PAN al interior de la Comisi\u00f3n de Prerrogativas y Partidos Pol\u00edticos del INE se opusieron a la posibilidad de que el Instituto Electoral defina si obligatoriamente deber\u00e1n garantizar al menos 5 de 9 candidaturas a mujeres, el juego desatado por estos dos actores pol\u00edticos se podr\u00eda interpretar como una \u00faltima estrategia que les garantice acuerdos y posibles posiciones en caso de no salir favorecidos en cuanto a la candidatura por la Gubernatura.<\/span><\/p>\n<p><span style=\"font-size: 14pt;\">Sin escatimar recursos, la oposici\u00f3n deber\u00e1 comenzar a explorar la posibilidad de buscar entre la ciudadan\u00eda a una o un ciudadano que, por su formaci\u00f3n acad\u00e9mica, preparaci\u00f3n, conocimiento y experiencia en los temas p\u00fablicos que pudiera ser la o \u00e9l candidato de est\u00e1 posible Coalici\u00f3n.<\/span><\/p>\n<p><span style=\"font-size: 14pt;\">La que, por cierto, hasta el cierre de esta edici\u00f3n no tiene la certeza confirmada de si habr\u00e1 o no Frente Amplio por Veracruz.<\/span><\/p>\n<p><span style=\"font-size: 14pt;\">\u00a1Haga sus apuestas!<\/span><\/p>\n<p><span style=\"font-size: 14pt;\">\u00a0Al tiempo.<\/span><\/p>\n<p><img data-recalc-dims=\"1\" loading=\"lazy\" decoding=\"async\" class=\"aligncenter size-full wp-image-24409\" src=\"https:\/\/i0.wp.com\/politicosaldesnudo.com.mx\/wp-content\/uploads\/2023\/10\/FIRMA-EDITORIAL-PD.jpg?resize=800%2C98&#038;ssl=1\" alt=\"\" width=\"800\" height=\"98\" srcset=\"https:\/\/i0.wp.com\/politicosaldesnudo.com.mx\/wp-content\/uploads\/2023\/10\/FIRMA-EDITORIAL-PD.jpg?w=1024&amp;ssl=1 1024w, https:\/\/i0.wp.com\/politicosaldesnudo.com.mx\/wp-content\/uploads\/2023\/10\/FIRMA-EDITORIAL-PD.jpg?resize=300%2C37&amp;ssl=1 300w, https:\/\/i0.wp.com\/politicosaldesnudo.com.mx\/wp-content\/uploads\/2023\/10\/FIRMA-EDITORIAL-PD.jpg?resize=768%2C94&amp;ssl=1 768w\" sizes=\"auto, (max-width: 800px) 100vw, 800px\" \/><\/p>\n","protected":false},"excerpt":{"rendered":"<p>Por: Luis Ram\u00edrez Baqueiro \u201cLa falta de gratitud es una traici\u00f3n ante la humanidad.\u201d \u2013 James Thompson. \u00a0Mientras en este<\/p>\n","protected":false},"author":4,"featured_media":4390,"comment_status":"closed","ping_status":"closed","sticky":false,"template":"","format":"standard","meta":{"colormag_page_container_layout":"default_layout","colormag_page_sidebar_layout":"default_layout","_jetpack_memberships_contains_paid_content":false,"footnotes":"","jetpack_publicize_message":"","jetpack_publicize_feature_enabled":true,"jetpack_social_post_already_shared":false,"jetpack_social_options":{"image_generator_settings":{"template":"highway","default_image_id":0,"font":"","enabled":false},"version":2}},"categories":[26],"tags":[],"class_list":["post-24661","post","type-post","status-publish","format-standard","has-post-thumbnail","hentry","category-columnistas"],"jetpack_publicize_connections":[],"jetpack_featured_media_url":"https:\/\/i0.wp.com\/politicosaldesnudo.com.mx\/wp-content\/uploads\/2022\/04\/LUIS-RAMI%CC%81REZ-BAQUEIRO.png?fit=1816%2C1016&ssl=1","jetpack-related-posts":[],"jetpack_sharing_enabled":true,"_links":{"self":[{"href":"https:\/\/politicosaldesnudo.com.mx\/index.php\/wp-json\/wp\/v2\/posts\/24661","targetHints":{"allow":["GET"]}}],"collection":[{"href":"https:\/\/politicosaldesnudo.com.mx\/index.php\/wp-json\/wp\/v2\/posts"}],"about":[{"href":"https:\/\/politicosaldesnudo.com.mx\/index.php\/wp-json\/wp\/v2\/types\/post"}],"author":[{"embeddable":true,"href":"https:\/\/politicosaldesnudo.com.mx\/index.php\/wp-json\/wp\/v2\/users\/4"}],"replies":[{"embeddable":true,"href":"https:\/\/politicosaldesnudo.com.mx\/index.php\/wp-json\/wp\/v2\/comments?post=24661"}],"version-history":[{"count":0,"href":"https:\/\/politicosaldesnudo.com.mx\/index.php\/wp-json\/wp\/v2\/posts\/24661\/revisions"}],"wp:featuredmedia":[{"embeddable":true,"href":"https:\/\/politicosaldesnudo.com.mx\/index.php\/wp-json\/wp\/v2\/media\/4390"}],"wp:attachment":[{"href":"https:\/\/politicosaldesnudo.com.mx\/index.php\/wp-json\/wp\/v2\/media?parent=24661"}],"wp:term":[{"taxonomy":"category","embeddable":true,"href":"https:\/\/politicosaldesnudo.com.mx\/index.php\/wp-json\/wp\/v2\/categories?post=24661"},{"taxonomy":"post_tag","embeddable":true,"href":"https:\/\/politicosaldesnudo.com.mx\/index.php\/wp-json\/wp\/v2\/tags?post=24661"}],"curies":[{"name":"wp","href":"https:\/\/api.w.org\/{rel}","templated":true}]}}