{"id":24665,"date":"2023-10-12T10:39:39","date_gmt":"2023-10-12T15:39:39","guid":{"rendered":"https:\/\/politicosaldesnudo.com.mx\/?p=24665"},"modified":"2023-10-12T10:39:39","modified_gmt":"2023-10-12T15:39:39","slug":"publican-lista-de-candidatos-para-rectoria-de-la-unam","status":"publish","type":"post","link":"https:\/\/politicosaldesnudo.com.mx\/index.php\/2023\/10\/12\/publican-lista-de-candidatos-para-rectoria-de-la-unam\/","title":{"rendered":"Publican lista de candidatos para Rector\u00eda de la UNAM"},"content":{"rendered":"<p><span style=\"font-size: 14pt;\">CDMX.- La Junta de Gobierno (JG) de la Universidad Nacional Aut\u00f3noma de M\u00e9xico (UNAM) dio a conocer la lista de candidatos y candidatas finalistas para ocupar la Rector\u00eda en el periodo 2023-2027, la cual est\u00e1 integrada por tres mujeres y siete hombres.<\/span><\/p>\n<p><span style=\"font-size: 14pt;\">En un comunicado, el organismo indic\u00f3 que \u201cconcluida la etapa de auscultaci\u00f3n presencial, la JG revis\u00f3 la trayectoria, los logros profesionales y la experiencia acad\u00e9mico-administrativa de las y los aspirantes\u201d, adem\u00e1s de analizar \u201clos planes de trabajo, las opiniones vertidas, el reconocimiento de la comunidad expresada en forma presencial y escrita, as\u00ed como la pluralidad de ideas y proyectos sobre nuestra Universidad\u201d.<\/span><\/p>\n<p><span style=\"font-size: 14pt;\">Con base en ellos, las personas aspirantes que ser\u00e1n entrevistadas por la Junta son, en orden alfab\u00e9tico: Laura Susana Acosta Torres, Sergio Manuel Alcocer Mart\u00ednez de Castro, Luis Agust\u00edn \u00c1lvarez Icaza Longoria, Ra\u00fal Juan Contreras Bustamante, Patricia Dolores D\u00e1vila Aranda, Germ\u00e1n Enrique Fajardo Dolci, William Henry Lee Alard\u00edn, Leonardo Lomel\u00ed Vanegas, Imanol Ordorika Sacrist\u00e1n y Guadalupe Valencia Garc\u00eda.<\/span><\/p>\n<p><img data-recalc-dims=\"1\" loading=\"lazy\" decoding=\"async\" class=\"aligncenter size-large wp-image-24668\" src=\"https:\/\/i0.wp.com\/politicosaldesnudo.com.mx\/wp-content\/uploads\/2023\/10\/FFF-1024x683.jpg?resize=800%2C534&#038;ssl=1\" alt=\"\" width=\"800\" height=\"534\" srcset=\"https:\/\/i0.wp.com\/politicosaldesnudo.com.mx\/wp-content\/uploads\/2023\/10\/FFF.jpg?resize=1024%2C683&amp;ssl=1 1024w, https:\/\/i0.wp.com\/politicosaldesnudo.com.mx\/wp-content\/uploads\/2023\/10\/FFF.jpg?resize=300%2C200&amp;ssl=1 300w, https:\/\/i0.wp.com\/politicosaldesnudo.com.mx\/wp-content\/uploads\/2023\/10\/FFF.jpg?resize=768%2C512&amp;ssl=1 768w, https:\/\/i0.wp.com\/politicosaldesnudo.com.mx\/wp-content\/uploads\/2023\/10\/FFF.jpg?resize=1536%2C1024&amp;ssl=1 1536w, https:\/\/i0.wp.com\/politicosaldesnudo.com.mx\/wp-content\/uploads\/2023\/10\/FFF.jpg?w=1920&amp;ssl=1 1920w, https:\/\/i0.wp.com\/politicosaldesnudo.com.mx\/wp-content\/uploads\/2023\/10\/FFF.jpg?w=1600&amp;ssl=1 1600w\" sizes=\"auto, (max-width: 800px) 100vw, 800px\" \/><\/p>\n<p><span style=\"font-size: 14pt;\">\u201cLos medios de comunicaci\u00f3n universitarios, a solicitud de este cuerpo colegiado, otorgar\u00e1n espacio a las y los candidatos para presentar sus programas de trabajo a partir de esta fecha\u201d, indic\u00f3 la JG; la cual agradeci\u00f3 \u201cla participaci\u00f3n y el compromiso institucional en este proceso de las y los 17 destacados aspirantes\u201d, y anunci\u00f3 que \u201cse continuar\u00e1 recibiendo por escrito la opini\u00f3n sobre las y los candidatos hasta el 3 de noviembre del presente a\u00f1o\u201d.<\/span><\/p>\n<p><span style=\"font-size: 14pt;\">Las y los aspirantes que no fueron considerados en el listado de finalistas son Jorge Alfredo Cu\u00e9llar Ordaz, H\u00e9ctor Hiram Hern\u00e1ndez Bringas, Mar\u00eda Esperanza Mart\u00ednez Romero, Daniel Trejo Medina, Ambrosio Velasco G\u00f3mez, Luz del Carmen Vilchis Esquivel y Alberto Vital D\u00edaz.<\/span><\/p>\n","protected":false},"excerpt":{"rendered":"<p>CDMX.- La Junta de Gobierno (JG) de la Universidad Nacional Aut\u00f3noma de M\u00e9xico (UNAM) dio a conocer la lista de<\/p>\n","protected":false},"author":4,"featured_media":24667,"comment_status":"closed","ping_status":"closed","sticky":false,"template":"","format":"standard","meta":{"colormag_page_container_layout":"default_layout","colormag_page_sidebar_layout":"default_layout","_jetpack_memberships_contains_paid_content":false,"footnotes":"","jetpack_publicize_message":"","jetpack_publicize_feature_enabled":true,"jetpack_social_post_already_shared":false,"jetpack_social_options":{"image_generator_settings":{"template":"highway","default_image_id":0,"font":"","enabled":false},"version":2}},"categories":[33],"tags":[],"class_list":["post-24665","post","type-post","status-publish","format-standard","has-post-thumbnail","hentry","category-nacional"],"jetpack_publicize_connections":[],"jetpack_featured_media_url":"https:\/\/i0.wp.com\/politicosaldesnudo.com.mx\/wp-content\/uploads\/2023\/10\/730-600-1-1.jpg?fit=730%2C600&ssl=1","jetpack-related-posts":[],"jetpack_sharing_enabled":true,"_links":{"self":[{"href":"https:\/\/politicosaldesnudo.com.mx\/index.php\/wp-json\/wp\/v2\/posts\/24665","targetHints":{"allow":["GET"]}}],"collection":[{"href":"https:\/\/politicosaldesnudo.com.mx\/index.php\/wp-json\/wp\/v2\/posts"}],"about":[{"href":"https:\/\/politicosaldesnudo.com.mx\/index.php\/wp-json\/wp\/v2\/types\/post"}],"author":[{"embeddable":true,"href":"https:\/\/politicosaldesnudo.com.mx\/index.php\/wp-json\/wp\/v2\/users\/4"}],"replies":[{"embeddable":true,"href":"https:\/\/politicosaldesnudo.com.mx\/index.php\/wp-json\/wp\/v2\/comments?post=24665"}],"version-history":[{"count":0,"href":"https:\/\/politicosaldesnudo.com.mx\/index.php\/wp-json\/wp\/v2\/posts\/24665\/revisions"}],"wp:featuredmedia":[{"embeddable":true,"href":"https:\/\/politicosaldesnudo.com.mx\/index.php\/wp-json\/wp\/v2\/media\/24667"}],"wp:attachment":[{"href":"https:\/\/politicosaldesnudo.com.mx\/index.php\/wp-json\/wp\/v2\/media?parent=24665"}],"wp:term":[{"taxonomy":"category","embeddable":true,"href":"https:\/\/politicosaldesnudo.com.mx\/index.php\/wp-json\/wp\/v2\/categories?post=24665"},{"taxonomy":"post_tag","embeddable":true,"href":"https:\/\/politicosaldesnudo.com.mx\/index.php\/wp-json\/wp\/v2\/tags?post=24665"}],"curies":[{"name":"wp","href":"https:\/\/api.w.org\/{rel}","templated":true}]}}