{"id":24694,"date":"2023-10-12T15:00:45","date_gmt":"2023-10-12T20:00:45","guid":{"rendered":"https:\/\/politicosaldesnudo.com.mx\/?p=24694"},"modified":"2023-10-12T15:00:45","modified_gmt":"2023-10-12T20:00:45","slug":"precampanas-iniciarian-el-20-de-noviembre-y-terminan-el-18-de-enero","status":"publish","type":"post","link":"https:\/\/politicosaldesnudo.com.mx\/index.php\/2023\/10\/12\/precampanas-iniciarian-el-20-de-noviembre-y-terminan-el-18-de-enero\/","title":{"rendered":"Precampa\u00f1as iniciar\u00edan el 20 de noviembre y terminan el 18 de enero"},"content":{"rendered":"<p><span style=\"font-size: 14pt;\">Las precampa\u00f1as electorales iniciar\u00e1n el 20 de noviembre pr\u00f3ximo y concluir\u00e1n el 18 de enero de 2024, acorde con el proyecto que ser\u00e1 discutido hoy en el consejo general del Instituto Nacional Electoral (INE).<\/span><\/p>\n<p class=\"western\"><span style=\"font-size: 14pt;\">Con lo anterior se acatar\u00e1 una orden de la Sala Superior del Tribunal Electoral en cuanto a fijar el inicio de las precampa\u00f1as federales en la tercera semana de noviembre y no extender esta etapa m\u00e1s all\u00e1 de los 60 d\u00edas que prev\u00e9 la ley electoral .<\/span><\/p>\n<p><img data-recalc-dims=\"1\" loading=\"lazy\" decoding=\"async\" class=\"aligncenter size-full wp-image-24695\" src=\"https:\/\/i0.wp.com\/politicosaldesnudo.com.mx\/wp-content\/uploads\/2023\/10\/INE-1.jpg?resize=474%2C284&#038;ssl=1\" alt=\"\" width=\"474\" height=\"284\" srcset=\"https:\/\/i0.wp.com\/politicosaldesnudo.com.mx\/wp-content\/uploads\/2023\/10\/INE-1.jpg?w=474&amp;ssl=1 474w, https:\/\/i0.wp.com\/politicosaldesnudo.com.mx\/wp-content\/uploads\/2023\/10\/INE-1.jpg?resize=300%2C180&amp;ssl=1 300w\" sizes=\"auto, (max-width: 474px) 100vw, 474px\" \/><\/p>\n<p class=\"western\"><span style=\"font-size: 14pt;\">Igualmente, de aprobarse este proyecto se habr\u00e1 decidido extender las precampa\u00f1as lo m\u00e1ximo posible, esto es, los 60 d\u00edas referidos.<\/span><\/p>\n<p class=\"western\"><span style=\"font-size: 14pt;\">La modificaci\u00f3n, pues el INE hab\u00eda se\u00f1alado originalmente la fecha de inicio de las precampa\u00f1as para el 5 de noviembre, impactar\u00e1 en el calendario previamente fijado tanto para los reportes que deber\u00e1n entregar los partidos al INE respecto de sus procesos internos, como los de las tareas de fiscalizaci\u00f3n.<\/span><\/p>\n<p class=\"western\"><span style=\"font-size: 14pt;\">La sesi\u00f3n del Consejo General est\u00e1 programada para el medio d\u00eda de hoy.<\/span><\/p>\n","protected":false},"excerpt":{"rendered":"<p>Las precampa\u00f1as electorales iniciar\u00e1n el 20 de noviembre pr\u00f3ximo y concluir\u00e1n el 18 de enero de 2024, acorde con el<\/p>\n","protected":false},"author":4,"featured_media":24696,"comment_status":"closed","ping_status":"closed","sticky":false,"template":"","format":"standard","meta":{"colormag_page_container_layout":"default_layout","colormag_page_sidebar_layout":"default_layout","_jetpack_memberships_contains_paid_content":false,"footnotes":"","jetpack_publicize_message":"","jetpack_publicize_feature_enabled":true,"jetpack_social_post_already_shared":false,"jetpack_social_options":{"image_generator_settings":{"template":"highway","default_image_id":0,"font":"","enabled":false},"version":2}},"categories":[33],"tags":[],"class_list":["post-24694","post","type-post","status-publish","format-standard","has-post-thumbnail","hentry","category-nacional"],"jetpack_publicize_connections":[],"jetpack_featured_media_url":"https:\/\/i0.wp.com\/politicosaldesnudo.com.mx\/wp-content\/uploads\/2023\/10\/R-3.jpg?fit=664%2C498&ssl=1","jetpack-related-posts":[],"jetpack_sharing_enabled":true,"_links":{"self":[{"href":"https:\/\/politicosaldesnudo.com.mx\/index.php\/wp-json\/wp\/v2\/posts\/24694","targetHints":{"allow":["GET"]}}],"collection":[{"href":"https:\/\/politicosaldesnudo.com.mx\/index.php\/wp-json\/wp\/v2\/posts"}],"about":[{"href":"https:\/\/politicosaldesnudo.com.mx\/index.php\/wp-json\/wp\/v2\/types\/post"}],"author":[{"embeddable":true,"href":"https:\/\/politicosaldesnudo.com.mx\/index.php\/wp-json\/wp\/v2\/users\/4"}],"replies":[{"embeddable":true,"href":"https:\/\/politicosaldesnudo.com.mx\/index.php\/wp-json\/wp\/v2\/comments?post=24694"}],"version-history":[{"count":0,"href":"https:\/\/politicosaldesnudo.com.mx\/index.php\/wp-json\/wp\/v2\/posts\/24694\/revisions"}],"wp:featuredmedia":[{"embeddable":true,"href":"https:\/\/politicosaldesnudo.com.mx\/index.php\/wp-json\/wp\/v2\/media\/24696"}],"wp:attachment":[{"href":"https:\/\/politicosaldesnudo.com.mx\/index.php\/wp-json\/wp\/v2\/media?parent=24694"}],"wp:term":[{"taxonomy":"category","embeddable":true,"href":"https:\/\/politicosaldesnudo.com.mx\/index.php\/wp-json\/wp\/v2\/categories?post=24694"},{"taxonomy":"post_tag","embeddable":true,"href":"https:\/\/politicosaldesnudo.com.mx\/index.php\/wp-json\/wp\/v2\/tags?post=24694"}],"curies":[{"name":"wp","href":"https:\/\/api.w.org\/{rel}","templated":true}]}}