{"id":24764,"date":"2023-10-13T15:05:27","date_gmt":"2023-10-13T20:05:27","guid":{"rendered":"https:\/\/politicosaldesnudo.com.mx\/?p=24764"},"modified":"2023-10-13T15:05:27","modified_gmt":"2023-10-13T20:05:27","slug":"las-renuncias-de-los-candidatos-de-morena","status":"publish","type":"post","link":"https:\/\/politicosaldesnudo.com.mx\/index.php\/2023\/10\/13\/las-renuncias-de-los-candidatos-de-morena\/","title":{"rendered":"Las renuncias de los candidatos de Morena"},"content":{"rendered":"<ul>\n<li style=\"font-weight: 400;\"><span style=\"font-size: 14pt;\"><strong>La separaci\u00f3n del gobierno del partido, que era lo que tanto criticamos<\/strong><\/span><\/li>\n<li style=\"font-weight: 400;\"><span style=\"font-size: 14pt;\"><strong>No se puede estar al mismo tiempo en dos cargos<\/strong><\/span><\/li>\n<li style=\"font-weight: 400;\"><span style=\"font-size: 14pt;\"><strong>Hay quien quiere controlar todo y no eso no se puede<\/strong><\/span><\/li>\n<\/ul>\n<p style=\"font-weight: 400;\"><strong><span style=\"font-size: 14pt;\">Por Miguel \u00c1ngel Cristiani G.<\/span><\/strong><\/p>\n<p style=\"font-weight: 400;\"><span style=\"font-size: 14pt;\">Con la novedad, de que no ser\u00e1n seis sino ocho los aspirantes al t\u00edtulo de Defensor de la Cuatro T, que participar\u00e1n en la encuesta directa que se har\u00e1 en los siguientes d\u00edas en el estado de Veracruz, aunque desde ahora ya el colectivo ciudadano sabe cu\u00e1l ser\u00e1 el resultado.<\/span><\/p>\n<p style=\"font-weight: 400;\"><span style=\"font-size: 14pt;\">Minutos antes de que se dieran a conocer oficialmente los finalistas en las candidaturas para ser los Coordinadores Estatales de la Defensa de la Cuarta Transformaci\u00f3n, que en realidad ser\u00e1n los candidatos a la gubernatura del estado, le preguntamos a Manuel Huerta Ladr\u00f3n de Guevara su opini\u00f3n sobre que los funcionarios que tengan aspiraciones deber\u00edan de renunciar al cargo.<\/span><\/p>\n<p><img data-recalc-dims=\"1\" loading=\"lazy\" decoding=\"async\" class=\"aligncenter size-large wp-image-24765\" src=\"https:\/\/i0.wp.com\/politicosaldesnudo.com.mx\/wp-content\/uploads\/2023\/10\/WhatsApp-Image-2023-10-12-at-1.17.58-PM-1024x566.jpeg?resize=800%2C442&#038;ssl=1\" alt=\"\" width=\"800\" height=\"442\" srcset=\"https:\/\/i0.wp.com\/politicosaldesnudo.com.mx\/wp-content\/uploads\/2023\/10\/WhatsApp-Image-2023-10-12-at-1.17.58-PM.jpeg?resize=1024%2C566&amp;ssl=1 1024w, https:\/\/i0.wp.com\/politicosaldesnudo.com.mx\/wp-content\/uploads\/2023\/10\/WhatsApp-Image-2023-10-12-at-1.17.58-PM.jpeg?resize=300%2C166&amp;ssl=1 300w, https:\/\/i0.wp.com\/politicosaldesnudo.com.mx\/wp-content\/uploads\/2023\/10\/WhatsApp-Image-2023-10-12-at-1.17.58-PM.jpeg?resize=768%2C424&amp;ssl=1 768w, https:\/\/i0.wp.com\/politicosaldesnudo.com.mx\/wp-content\/uploads\/2023\/10\/WhatsApp-Image-2023-10-12-at-1.17.58-PM.jpeg?w=1372&amp;ssl=1 1372w\" sizes=\"auto, (max-width: 800px) 100vw, 800px\" \/><\/p>\n<p style=\"font-weight: 400;\"><span style=\"font-size: 14pt;\">As\u00ed fue como se lo planteamos: Manuel, el presidente reiter\u00f3 varias veces que todos los que aspiran a ser gobernador o tener un cargo p\u00fablico de elecci\u00f3n popular, deber\u00edan de presentar su renuncia, creo que t\u00fa fuiste el \u00fanico que le hizo caso, \u00bfno? porque hasta ahora todos siguen en la n\u00f3mina, los que aspiran, entonces \u00bfc\u00f3mo ves esto?<\/span><\/p>\n<p><img data-recalc-dims=\"1\" loading=\"lazy\" decoding=\"async\" class=\"aligncenter size-large wp-image-24766\" src=\"https:\/\/i0.wp.com\/politicosaldesnudo.com.mx\/wp-content\/uploads\/2023\/10\/WhatsApp-Image-2023-10-12-at-1.18.52-PM-1024x555.jpeg?resize=800%2C434&#038;ssl=1\" alt=\"\" width=\"800\" height=\"434\" srcset=\"https:\/\/i0.wp.com\/politicosaldesnudo.com.mx\/wp-content\/uploads\/2023\/10\/WhatsApp-Image-2023-10-12-at-1.18.52-PM.jpeg?resize=1024%2C555&amp;ssl=1 1024w, https:\/\/i0.wp.com\/politicosaldesnudo.com.mx\/wp-content\/uploads\/2023\/10\/WhatsApp-Image-2023-10-12-at-1.18.52-PM.jpeg?resize=300%2C163&amp;ssl=1 300w, https:\/\/i0.wp.com\/politicosaldesnudo.com.mx\/wp-content\/uploads\/2023\/10\/WhatsApp-Image-2023-10-12-at-1.18.52-PM.jpeg?resize=768%2C416&amp;ssl=1 768w, https:\/\/i0.wp.com\/politicosaldesnudo.com.mx\/wp-content\/uploads\/2023\/10\/WhatsApp-Image-2023-10-12-at-1.18.52-PM.jpeg?w=1379&amp;ssl=1 1379w\" sizes=\"auto, (max-width: 800px) 100vw, 800px\" \/><\/p>\n<p style=\"font-weight: 400;\"><span style=\"font-size: 14pt;\">La respuesta fue: \u201cdesde que camin\u00e9 esta ruta, ten\u00eda claro lo que ten\u00eda que hacer, porque hay que conocer la naturaleza del movimiento mira, parte de lo que fue la transformaci\u00f3n del pa\u00eds, era la separaci\u00f3n del gobierno de lo que es el partido, que era lo que tanto criticamos.<\/span><\/p>\n<p style=\"font-weight: 400;\"><span style=\"font-size: 14pt;\">T\u00fa no te puedes volver a caricatura de lo que criticaste, transformaste. No se puede estar en dos cargos, inclusive es anti estatuto. Sin embargo, es parte de las anomias que todav\u00eda el movimiento se permite, pues yo todav\u00eda lo observo, yo no pod\u00eda&#8230;<\/span><\/p>\n<p style=\"font-weight: 400;\"><span style=\"font-size: 14pt;\">Hay que entender que para tener calidad pol\u00edtica, es que se tiene calidad moral, tenemos que rescatar la pat\u00e9tica de la pol\u00edtica. Andr\u00e9s lo resume en una frase, ni tantos principios que te resten la eficacia, ni tanta eficacia que te resten los principios.<\/span><\/p>\n<p style=\"font-weight: 400;\"><span style=\"font-size: 14pt;\">Y ante una duda siempre tienes que elegir por los principios. Entonces yo ah\u00ed no ten\u00eda duda. Cuando alguien me sugiri\u00f3 y celebraba que la convocatoria dec\u00eda que no era necesario renunciar, sabiendo lo que esto implica, pues, \u00bfc\u00f3mo? \u00bfCelebra?<\/span><\/p>\n<p style=\"font-weight: 400;\"><span style=\"font-size: 14pt;\">Eso no puede ser, ya luego vi en una ma\u00f1anera que el presidente se pronunciaba al respecto, la verdad es que hay mucha coincidencia, para m\u00ed no me cuesta trabajo, adem\u00e1s con sinceridad al presidente, a Andr\u00e9s no tan f\u00e1cil se le renuncia, tienes que haber acabado la tarea, la verdad yo la acabe a tiempo estoy preparado, ya al rato por ah\u00ed se van entre datos que ya llamaron a la persona que me sustituye en el cargo, adem\u00e1s yo nunca me plante\u00e9 regresar, convencido de no nada m\u00e1s el logro que voy a tener en el triunfo del pueblo y lo que va a significar en los tarea sin planes sino porque adem\u00e1s yo no cae casi quedado.<\/span><\/p>\n<p style=\"font-weight: 400;\"><span style=\"font-size: 14pt;\">No me interesa. Los partidos. Hay quien quiere controlar todo y no se puede. Es contra natura, el movimiento no lo permite. No se puede. Entonces, yo siempre por eso les he dicho, adem\u00e1s, cometan un grave error porque quedan atrapados en la situaci\u00f3n, en la observaci\u00f3n de la gente que no hay \u00e9tica, no hay moral. y es contra natura, no se puede que el gobierno ponga un empleado a querer dirigir el movimiento no puede ser que las complicidades de los dirigentes, ah\u00ed nos ponemos todos de acuerdo y ah\u00ed hacemos como que no pasa nada, por eso he sostenido que nada m\u00e1s hay dos proyectos en Veracruz que yo represento, que va de la mano del fuego, y todos los dem\u00e1s, p\u00f3nganle el nombre que quieran como quieran, dicen que entre huyes no hay cornadas.<\/span><\/p>\n<p style=\"font-weight: 400;\"><span style=\"font-size: 14pt;\">Luego, somos respetuosos de lo que estoy diciendo, va a haber unidad, esto tambi\u00e9n, porque muchos ya ven como, ah\u00ed est\u00e1 el Marcelo, no, mi nombre empieza con M\u2026, pero yo soy Manuel, y es de Moreno, y estoy claro de lo que estoy haciendo, pero hay que decir estas cosas para nada la gente las ve ah\u00ed ya te respond\u00ed, para no lo interno m\u00e1s, vamos a ponerle nombres.<\/span><\/p>\n<p style=\"font-weight: 400;\"><span style=\"font-size: 14pt;\">Para m\u00e1s informaci\u00f3n consulta nuestra p\u00e1gina web\u00a0<a href=\"https:\/\/www.xn--bitacoraspolticas-ovb.com\/\" data-saferedirecturl=\"https:\/\/www.google.com\/url?q=https:\/\/www.xn--bitacoraspolticas-ovb.com\/&amp;source=gmail&amp;ust=1697311727257000&amp;usg=AOvVaw3nsk_a5qymZ-9vbFjyNdsH\">Bit\u00e1coras Pol\u00edticas.com (xn--bitacoraspolticas-ovb.com)<\/a><\/span><\/p>\n<p><img data-recalc-dims=\"1\" loading=\"lazy\" decoding=\"async\" class=\"aligncenter size-full wp-image-24409\" src=\"https:\/\/i0.wp.com\/politicosaldesnudo.com.mx\/wp-content\/uploads\/2023\/10\/FIRMA-EDITORIAL-PD.jpg?resize=800%2C98&#038;ssl=1\" alt=\"\" width=\"800\" height=\"98\" srcset=\"https:\/\/i0.wp.com\/politicosaldesnudo.com.mx\/wp-content\/uploads\/2023\/10\/FIRMA-EDITORIAL-PD.jpg?w=1024&amp;ssl=1 1024w, https:\/\/i0.wp.com\/politicosaldesnudo.com.mx\/wp-content\/uploads\/2023\/10\/FIRMA-EDITORIAL-PD.jpg?resize=300%2C37&amp;ssl=1 300w, https:\/\/i0.wp.com\/politicosaldesnudo.com.mx\/wp-content\/uploads\/2023\/10\/FIRMA-EDITORIAL-PD.jpg?resize=768%2C94&amp;ssl=1 768w\" sizes=\"auto, (max-width: 800px) 100vw, 800px\" \/><\/p>\n","protected":false},"excerpt":{"rendered":"<p>La separaci\u00f3n del gobierno del partido, que era lo que tanto criticamos No se puede estar al mismo tiempo en<\/p>\n","protected":false},"author":4,"featured_media":3789,"comment_status":"closed","ping_status":"closed","sticky":false,"template":"","format":"standard","meta":{"colormag_page_container_layout":"default_layout","colormag_page_sidebar_layout":"default_layout","_jetpack_memberships_contains_paid_content":false,"footnotes":"","jetpack_publicize_message":"","jetpack_publicize_feature_enabled":true,"jetpack_social_post_already_shared":false,"jetpack_social_options":{"image_generator_settings":{"template":"highway","default_image_id":0,"font":"","enabled":false},"version":2}},"categories":[26],"tags":[],"class_list":["post-24764","post","type-post","status-publish","format-standard","has-post-thumbnail","hentry","category-columnistas"],"jetpack_publicize_connections":[],"jetpack_featured_media_url":"https:\/\/i0.wp.com\/politicosaldesnudo.com.mx\/wp-content\/uploads\/2022\/04\/CRISTIANI.png?fit=1816%2C1016&ssl=1","jetpack-related-posts":[],"jetpack_sharing_enabled":true,"_links":{"self":[{"href":"https:\/\/politicosaldesnudo.com.mx\/index.php\/wp-json\/wp\/v2\/posts\/24764","targetHints":{"allow":["GET"]}}],"collection":[{"href":"https:\/\/politicosaldesnudo.com.mx\/index.php\/wp-json\/wp\/v2\/posts"}],"about":[{"href":"https:\/\/politicosaldesnudo.com.mx\/index.php\/wp-json\/wp\/v2\/types\/post"}],"author":[{"embeddable":true,"href":"https:\/\/politicosaldesnudo.com.mx\/index.php\/wp-json\/wp\/v2\/users\/4"}],"replies":[{"embeddable":true,"href":"https:\/\/politicosaldesnudo.com.mx\/index.php\/wp-json\/wp\/v2\/comments?post=24764"}],"version-history":[{"count":0,"href":"https:\/\/politicosaldesnudo.com.mx\/index.php\/wp-json\/wp\/v2\/posts\/24764\/revisions"}],"wp:featuredmedia":[{"embeddable":true,"href":"https:\/\/politicosaldesnudo.com.mx\/index.php\/wp-json\/wp\/v2\/media\/3789"}],"wp:attachment":[{"href":"https:\/\/politicosaldesnudo.com.mx\/index.php\/wp-json\/wp\/v2\/media?parent=24764"}],"wp:term":[{"taxonomy":"category","embeddable":true,"href":"https:\/\/politicosaldesnudo.com.mx\/index.php\/wp-json\/wp\/v2\/categories?post=24764"},{"taxonomy":"post_tag","embeddable":true,"href":"https:\/\/politicosaldesnudo.com.mx\/index.php\/wp-json\/wp\/v2\/tags?post=24764"}],"curies":[{"name":"wp","href":"https:\/\/api.w.org\/{rel}","templated":true}]}}