{"id":24768,"date":"2023-10-13T16:57:04","date_gmt":"2023-10-13T21:57:04","guid":{"rendered":"https:\/\/politicosaldesnudo.com.mx\/?p=24768"},"modified":"2023-10-13T16:57:04","modified_gmt":"2023-10-13T21:57:04","slug":"la-scjn-se-ensucia-en-la-constitucion-y-agravia-al-pais","status":"publish","type":"post","link":"https:\/\/politicosaldesnudo.com.mx\/index.php\/2023\/10\/13\/la-scjn-se-ensucia-en-la-constitucion-y-agravia-al-pais\/","title":{"rendered":"La SCJN se ensucia en la Constituci\u00f3n y agravia al pa\u00eds"},"content":{"rendered":"<p><strong><span style=\"font-size: 14pt;\">Por:\u00a0 \u00a0Jos\u00e9 Lima Cobos<\/span><\/strong><\/p>\n<p><span style=\"font-size: 14pt;\">Sin justicia no puede existir tranquilidad y menos paz, as\u00ed se ve en el caso m\u00e1s elocuente, con lo que acontece en el conflicto entre Israel y los Palestinos, lo que quiere decir que no habr\u00e1 descanso \u2013toda proporci\u00f3n guarda, con lo mismo que ve en nuestro pa\u00eds\u2013, ante la resistencia contumaz \u00a0y casi criminal de los ministros de la Suprema Corte de la Naci\u00f3n que le apuestan a la miseria del pueblo mexicano, a que no se alcance un poco de bienestar, ante los abusivos usos de\u00a0 los recursos del pa\u00eds que, de manera contraria a lo establecido en la Constituci\u00f3n Pol\u00edtica de los Estados Unidos Mexicanos, ese poder manipule ahorros que da\u00f1an y atentan contra la econom\u00eda nacional y que necesariamente tienen que aplicarse en beneficio de la sociedad.<\/span><\/p>\n<p><span style=\"font-size: 14pt;\">La ley federal de presupuesto y responsabilidad hacendaria, instrumento constitucional para proteger los intereses de la naci\u00f3n, reglamenta los art\u00edculos constitucionales 74, fracci\u00f3n IV, 75, 126, 127 y 134 en materia de programaci\u00f3n presupuestaria y su art\u00edculo 1\u00ba es claro y para que no exista duda o confusi\u00f3n, o bien que la mentira y falsedad prevalezca, \u201cen materia de programaci\u00f3n, presupuestaci\u00f3n, aprobaci\u00f3n, ejercicio, control y evaluaci\u00f3n de los ingresos y egresos p\u00fablicos federales\u201d.<\/span><\/p>\n<p><span style=\"font-size: 14pt;\">En tales condiciones\u00a0 tambi\u00e9n establece \u201clos sujetos obligados a cumplir las disposiciones de esta ley deber\u00e1n observar que la administraci\u00f3n de los recursos p\u00fablicos federales se realice con base en criterios de legalidad, honestidad, eficiencia, eficacia, econom\u00eda, racionalidad, transparencia, control, rendici\u00f3n de cuentas y equidad de g\u00e9nero\u201d, los recursos no utilizados, tienen que estar en la caja de la tesorer\u00eda de la federaci\u00f3n y no, de manera paralela, en la tesorer\u00eda, si la tiene, de la suprema corte.<\/span><\/p>\n<p><span style=\"font-size: 14pt;\">Ahora bien, al aprobarse \u00a0en comisiones la extinci\u00f3n de doce de los trece fideicomisos que\u00a0 tiene la Suprema Corte de Justicia, que se crearon de manera ma\u00f1osa desde el a\u00f1o 2013, en el gobierno de Pe\u00f1a Nieto, ahora tendr\u00e1n que aplicarse a lo que determinen las necesidades sociales, pues tales recursos inactivos, se atenta contra la econom\u00eda nacional al mantenerse inm\u00f3viles, cuando deber\u00eda de circular para darle m\u00e1s movilidad a la econom\u00eda, pues no es admisible la existencia de un pueblo pobre con\u00a0 una Suprema Corte de Justicia rica, ajena a la pobreza nacional.<\/span><\/p>\n<p><span style=\"font-size: 14pt;\">Se impone ahora, el grito que tantas veces se\u00a0 escuch\u00f3 \u201csalario m\u00ednimo al presidente, para que se vea lo que se siente\u201d, en tanto ahora tendr\u00e1 que ser, salario m\u00ednimo a los magistrados, jueces y ministros, para que se ajusten a las necesidades del pueblo, de manera que se conviertan en aut\u00e9nticos servidores de la naci\u00f3n\u00a0 y no m\u00e1s en atracadores y expoliadores de los recursos\u00a0 p\u00fablicos, si como se afirman violan el art\u00edculo 127 constitucional -reformado desde 2009- que\u00a0 perciben sueldos por encima de los que percibe el jefe del ejecutivo federal, y quien lo hace, percibe un recurso il\u00edcito contra la econom\u00eda nacional.<\/span><\/p>\n<p><span style=\"font-size: 14pt;\">Es obligaci\u00f3n, prevista en la ley hacendaria, que los recursos no utilizados en las diversas dependencias del gobierno federal, deben ser reintegrados a la tesorer\u00eda de la federaci\u00f3n, sin embargo, de manera tramposa y en abierto agandalle, el presidente de la Suprema Corte de Justicia jam\u00e1s regreso ese recurso y en connivencia con el presidente Pe\u00f1a Nieto, se crearon esos fideicomisos violando la ley hacendaria, luego entonces, eso es motivo de responsabilidad administrativa que abre el espacio para el juicio pol\u00edtico y que exista consecuencia, de lo contrario se pondr\u00e1 a la vista, que la complicidad y la corrupci\u00f3n involucra a todos y que no hay escapatoria para nadie.<\/span><\/p>\n<p><span style=\"font-size: 14pt;\">Si bien se aplaude este cambio, no menos cierto es que se hace necesario actuar con consecuencias para los involucrados, pues en el caso concreto, la ministra presidente Pi\u00f1a se est\u00e1 apoyando en el sindicato de trabajadores al servicio de ese poder,\u00a0 para que se manifiesten en contra de esta reforma en la C\u00e1mara de Diputados, luego entonces, est\u00e1 atentando contra el orden jur\u00eddico del pa\u00eds, al socavar la paz p\u00fablica mediante su conducta y sobre todo alegando que se afectan a los trabajadores\u00a0 cuando lo cierto, y debe decirlo, es que se acaba la burocracia judicial dorada, que dejaran de vivir de privilegios.<\/span><\/p>\n<p><span style=\"font-size: 14pt;\">En el comparativo que se ha hecho sobre las remuneraciones de los servidores p\u00fablicos del poder judicial de los pa\u00edses latinoamericanos, e incluso, con el de los Estados Unidos, los jueces, magistrados y ministros, superan en exceso los ingresos, es decir, siendo M\u00e9xico un pa\u00eds con grandes necesidades, los impartidores de justicia est\u00e1n por encima de aquellos, lo que no es justificable, y peor a\u00fan que la corte alimente una intriga que consiste en que se deje sin recursos a ese poder o bien para someterlo a los dictados del presidente de la rep\u00fablica.<\/span><\/p>\n<p><span style=\"font-size: 14pt;\">Ya se\u00a0 ha visto ahora, que en los fara\u00f3nicos edificios de los tribunales federales, se\u00a0 han colocado im\u00e1genes del presidente Ju\u00e1rez que habla de la austeridad y de que se viva en la median\u00eda que redit\u00faa el servicio p\u00fablico, como si tal pareciera que ya se est\u00e1 alimentando un cambio de mentalidad para que, quienes ah\u00ed se desempe\u00f1an, tomen conciencia de esa imperiosa necesidad de que se act\u00fae con gran responsabilidad jur\u00eddica.<\/span><\/p>\n<p><span style=\"font-size: 14pt;\">A nadie conviene que se siga ensuciando la constituci\u00f3n del pa\u00eds, pues esa conducta de ministros conlleva a alimentar el enojo y el rencor, pues es sabido que fueron los ministros los que redujeron las pensiones de los trabajadores y c\u00f3mo vari\u00f3 el sistema de pensiones, am\u00e9n de conductas da\u00f1inas contra miles de personas que est\u00e1n en prisi\u00f3n o casos como el de Atenco, o el de la guarder\u00eda de Chihuahua donde murieron m\u00e1s de cincuenta ni\u00f1os y que no se hizo justica, y, lo grave que hayan protegido a una oligarqu\u00eda que, por rapaz, se ha atentado contra los bienes nacionales como\u00a0 la industria el\u00e9ctrica, petrolera, agua, minas , carreteras, etc\u00e9tera.-<\/span><\/p>\n<p><span style=\"font-size: 14pt;\">La ministra Pi\u00f1a tiene que hacer a un lado la arrogancia de suyo ominosa y evitar alentar o alebrestar a los trabajadores del poder judicial, para que salgan a la calle a manifestarse, porque se eliminan los privilegios de las minor\u00edas cuando est\u00e1 mintiendo de medio a medio, pues el presupuesto de ese poder tendr\u00e1\u00a0 que aprobarse en base a sus necesidades y jam\u00e1s en privilegios criminales que empobrecen al pa\u00eds y m\u00e1s a\u00fan, al mentir como lo hace, que la lleva al rid\u00edculo, cuando lo que se reclama es que el reparto de la riqueza llegue a todos y nadie carezca de lo m\u00e1s indispensable, y se oponga a la transformaci\u00f3n del pa\u00eds, comenzando con el cargo que ostenta.<\/span><\/p>\n<p><img data-recalc-dims=\"1\" loading=\"lazy\" decoding=\"async\" class=\"aligncenter size-full wp-image-24409\" src=\"https:\/\/i0.wp.com\/politicosaldesnudo.com.mx\/wp-content\/uploads\/2023\/10\/FIRMA-EDITORIAL-PD.jpg?resize=800%2C98&#038;ssl=1\" alt=\"\" width=\"800\" height=\"98\" srcset=\"https:\/\/i0.wp.com\/politicosaldesnudo.com.mx\/wp-content\/uploads\/2023\/10\/FIRMA-EDITORIAL-PD.jpg?w=1024&amp;ssl=1 1024w, https:\/\/i0.wp.com\/politicosaldesnudo.com.mx\/wp-content\/uploads\/2023\/10\/FIRMA-EDITORIAL-PD.jpg?resize=300%2C37&amp;ssl=1 300w, https:\/\/i0.wp.com\/politicosaldesnudo.com.mx\/wp-content\/uploads\/2023\/10\/FIRMA-EDITORIAL-PD.jpg?resize=768%2C94&amp;ssl=1 768w\" sizes=\"auto, (max-width: 800px) 100vw, 800px\" \/><\/p>\n","protected":false},"excerpt":{"rendered":"<p>Por:\u00a0 \u00a0Jos\u00e9 Lima Cobos Sin justicia no puede existir tranquilidad y menos paz, as\u00ed se ve en el caso m\u00e1s<\/p>\n","protected":false},"author":4,"featured_media":4215,"comment_status":"closed","ping_status":"closed","sticky":false,"template":"","format":"standard","meta":{"colormag_page_container_layout":"default_layout","colormag_page_sidebar_layout":"default_layout","_jetpack_memberships_contains_paid_content":false,"footnotes":"","jetpack_publicize_message":"","jetpack_publicize_feature_enabled":true,"jetpack_social_post_already_shared":false,"jetpack_social_options":{"image_generator_settings":{"template":"highway","default_image_id":0,"font":"","enabled":false},"version":2}},"categories":[26],"tags":[],"class_list":["post-24768","post","type-post","status-publish","format-standard","has-post-thumbnail","hentry","category-columnistas"],"jetpack_publicize_connections":[],"jetpack_featured_media_url":"https:\/\/i0.wp.com\/politicosaldesnudo.com.mx\/wp-content\/uploads\/2022\/04\/JOSE%CC%81-LIMA-COBOS.png?fit=1816%2C1016&ssl=1","jetpack-related-posts":[],"jetpack_sharing_enabled":true,"_links":{"self":[{"href":"https:\/\/politicosaldesnudo.com.mx\/index.php\/wp-json\/wp\/v2\/posts\/24768","targetHints":{"allow":["GET"]}}],"collection":[{"href":"https:\/\/politicosaldesnudo.com.mx\/index.php\/wp-json\/wp\/v2\/posts"}],"about":[{"href":"https:\/\/politicosaldesnudo.com.mx\/index.php\/wp-json\/wp\/v2\/types\/post"}],"author":[{"embeddable":true,"href":"https:\/\/politicosaldesnudo.com.mx\/index.php\/wp-json\/wp\/v2\/users\/4"}],"replies":[{"embeddable":true,"href":"https:\/\/politicosaldesnudo.com.mx\/index.php\/wp-json\/wp\/v2\/comments?post=24768"}],"version-history":[{"count":0,"href":"https:\/\/politicosaldesnudo.com.mx\/index.php\/wp-json\/wp\/v2\/posts\/24768\/revisions"}],"wp:featuredmedia":[{"embeddable":true,"href":"https:\/\/politicosaldesnudo.com.mx\/index.php\/wp-json\/wp\/v2\/media\/4215"}],"wp:attachment":[{"href":"https:\/\/politicosaldesnudo.com.mx\/index.php\/wp-json\/wp\/v2\/media?parent=24768"}],"wp:term":[{"taxonomy":"category","embeddable":true,"href":"https:\/\/politicosaldesnudo.com.mx\/index.php\/wp-json\/wp\/v2\/categories?post=24768"},{"taxonomy":"post_tag","embeddable":true,"href":"https:\/\/politicosaldesnudo.com.mx\/index.php\/wp-json\/wp\/v2\/tags?post=24768"}],"curies":[{"name":"wp","href":"https:\/\/api.w.org\/{rel}","templated":true}]}}