{"id":24770,"date":"2023-10-13T19:54:21","date_gmt":"2023-10-14T00:54:21","guid":{"rendered":"https:\/\/politicosaldesnudo.com.mx\/?p=24770"},"modified":"2023-10-13T19:54:21","modified_gmt":"2023-10-14T00:54:21","slug":"honoris-causa-en-la-universidad-espana-y-mexico","status":"publish","type":"post","link":"https:\/\/politicosaldesnudo.com.mx\/index.php\/2023\/10\/13\/honoris-causa-en-la-universidad-espana-y-mexico\/","title":{"rendered":"Honoris Causa en la Universidad Espa\u00f1a y M\u00e9xico"},"content":{"rendered":"<p><span style=\"font-size: 14pt;\">La Universidad Espa\u00f1a y M\u00e9xico, con un siglo de experiencia en la formaci\u00f3n de nuevos profesionales en M\u00e9xico, otorg\u00f3 el doctorado Honoris Causa a los m\u00e1s prestigiado de su comunidad.<\/span><br \/>\n<span style=\"font-size: 14pt;\">En esta ocasi\u00f3n fueron seis los galardonados, la entrega de esos doctorados se llev\u00f3 a cabo en un hotel del sur de la ciudad de M\u00e9xico, donde la trayectoria de cada uno de los nuevos doctores fue exaltada ante el cuerpo doctoral de la instituci\u00f3n.<\/span><\/p>\n<p><span style=\"font-size: 14pt;\">Quienes se distinguieron por esta trayectoria fueron Do\u00f1a Mar\u00eda Alejandra Alabat Ham, Do\u00f1a Perla Guti\u00e9rrez Mu\u00f1oz, Don Jos\u00e9 Javier Jim\u00e9nez Mart\u00ednez, Do\u00f1a Ebe Nora Villareal Fonz, Don Vicente Ortiz Yustis, y do\u00f1a Ana Lorena Fremiso Obreg\u00f3n.<\/span><\/p>\n<p><span style=\"font-size: 14pt;\">La Universidad Espa\u00f1a y M\u00e9xico tiene una trayectoria que camina paralelamente a nuestra historia y el recorrido del conocimiento viaja al ritmo de nuestra educaci\u00f3n. En 1923, el Real Club Espa\u00f1a funda en M\u00e9xico la Academia de Estudios del Real Club Espa\u00f1a. En 1942, toma el nombre de Colegio Espa\u00f1ol de M\u00e9xico ubicando sus instalaciones en la calle de Art\u00edculo 123 en el centro de la ciudad. En 1972, el Colegio Espa\u00f1ol de M\u00e9xico se une con otra Instituci\u00f3n de gran prestigio \u201cLa Escuela Profesional de Contadur\u00eda y Administraci\u00f3n Maestro Jos\u00e9 Calvo\u201d.<\/span><\/p>\n<p><img data-recalc-dims=\"1\" loading=\"lazy\" decoding=\"async\" class=\"aligncenter size-large wp-image-24771\" src=\"https:\/\/i0.wp.com\/politicosaldesnudo.com.mx\/wp-content\/uploads\/2023\/10\/FOTO-ALEJANDRA-ALABAT-HAM-788x1024.jpg?resize=788%2C1024&#038;ssl=1\" alt=\"\" width=\"788\" height=\"1024\" srcset=\"https:\/\/i0.wp.com\/politicosaldesnudo.com.mx\/wp-content\/uploads\/2023\/10\/FOTO-ALEJANDRA-ALABAT-HAM-scaled.jpg?resize=788%2C1024&amp;ssl=1 788w, https:\/\/i0.wp.com\/politicosaldesnudo.com.mx\/wp-content\/uploads\/2023\/10\/FOTO-ALEJANDRA-ALABAT-HAM-scaled.jpg?resize=231%2C300&amp;ssl=1 231w, https:\/\/i0.wp.com\/politicosaldesnudo.com.mx\/wp-content\/uploads\/2023\/10\/FOTO-ALEJANDRA-ALABAT-HAM-scaled.jpg?resize=768%2C998&amp;ssl=1 768w, https:\/\/i0.wp.com\/politicosaldesnudo.com.mx\/wp-content\/uploads\/2023\/10\/FOTO-ALEJANDRA-ALABAT-HAM-scaled.jpg?resize=1182%2C1536&amp;ssl=1 1182w, https:\/\/i0.wp.com\/politicosaldesnudo.com.mx\/wp-content\/uploads\/2023\/10\/FOTO-ALEJANDRA-ALABAT-HAM-scaled.jpg?resize=1577%2C2048&amp;ssl=1 1577w, https:\/\/i0.wp.com\/politicosaldesnudo.com.mx\/wp-content\/uploads\/2023\/10\/FOTO-ALEJANDRA-ALABAT-HAM-scaled.jpg?w=1971&amp;ssl=1 1971w\" sizes=\"auto, (max-width: 788px) 100vw, 788px\" \/><br \/>\n<span style=\"font-size: 14pt;\">Alejandra Abat Ham, contadora p\u00fablica egresada de la ESCA del IPN; asesora en contabilidad gubernamental en diversas dependencias; Certificada de la STPS en materia de normas; Certificada en la entidad mexicana de acreditaci\u00f3n; Coordinadora de Normas de calidad por la Asociaci\u00f3n de Abogados Litigantes de M\u00e9xico; Directora General de la empresa IZALA SA de CV; Asesora y directora administrativa de LIRSA.<\/span><\/p>\n<p><img data-recalc-dims=\"1\" loading=\"lazy\" decoding=\"async\" class=\"aligncenter size-large wp-image-24772\" src=\"https:\/\/i0.wp.com\/politicosaldesnudo.com.mx\/wp-content\/uploads\/2023\/10\/FOTO-ANA-FUMERO-1024x683.jpg?resize=800%2C534&#038;ssl=1\" alt=\"\" width=\"800\" height=\"534\" srcset=\"https:\/\/i0.wp.com\/politicosaldesnudo.com.mx\/wp-content\/uploads\/2023\/10\/FOTO-ANA-FUMERO-scaled.jpg?resize=1024%2C683&amp;ssl=1 1024w, https:\/\/i0.wp.com\/politicosaldesnudo.com.mx\/wp-content\/uploads\/2023\/10\/FOTO-ANA-FUMERO-scaled.jpg?resize=300%2C200&amp;ssl=1 300w, https:\/\/i0.wp.com\/politicosaldesnudo.com.mx\/wp-content\/uploads\/2023\/10\/FOTO-ANA-FUMERO-scaled.jpg?resize=768%2C512&amp;ssl=1 768w, https:\/\/i0.wp.com\/politicosaldesnudo.com.mx\/wp-content\/uploads\/2023\/10\/FOTO-ANA-FUMERO-scaled.jpg?resize=1536%2C1024&amp;ssl=1 1536w, https:\/\/i0.wp.com\/politicosaldesnudo.com.mx\/wp-content\/uploads\/2023\/10\/FOTO-ANA-FUMERO-scaled.jpg?resize=2048%2C1365&amp;ssl=1 2048w, https:\/\/i0.wp.com\/politicosaldesnudo.com.mx\/wp-content\/uploads\/2023\/10\/FOTO-ANA-FUMERO-scaled.jpg?w=1600&amp;ssl=1 1600w, https:\/\/i0.wp.com\/politicosaldesnudo.com.mx\/wp-content\/uploads\/2023\/10\/FOTO-ANA-FUMERO-scaled.jpg?w=2400&amp;ssl=1 2400w\" sizes=\"auto, (max-width: 800px) 100vw, 800px\" \/><br \/>\n<span style=\"font-size: 14pt;\">La licenciada Ana Fumero Obreg\u00f3n, es licenciada en Contadur\u00eda P\u00fablica, con maestr\u00eda en Banca y Finanzas, Certificada Internacional en NIC para PYMES, Asociaci\u00f3n Interamericana de Contabilidad; Certificada Internacional en Auditor\u00eda Forense. Adem\u00e1s, secretaria de la Junta Directiva. Colegio de Contadores P\u00fablicos de Costa Rica, Presidenta de la Comisi\u00f3n de Admisi\u00f3n, Colegio de Contadores P\u00fablicos de Costa Rica.<\/span><\/p>\n<p><span style=\"font-size: 14pt;\"><img data-recalc-dims=\"1\" loading=\"lazy\" decoding=\"async\" class=\"aligncenter size-large wp-image-24775\" src=\"https:\/\/i0.wp.com\/politicosaldesnudo.com.mx\/wp-content\/uploads\/2023\/10\/FOTO-PERLA--778x1024.jpg?resize=778%2C1024&#038;ssl=1\" alt=\"\" width=\"778\" height=\"1024\" srcset=\"https:\/\/i0.wp.com\/politicosaldesnudo.com.mx\/wp-content\/uploads\/2023\/10\/FOTO-PERLA--scaled.jpg?resize=778%2C1024&amp;ssl=1 778w, https:\/\/i0.wp.com\/politicosaldesnudo.com.mx\/wp-content\/uploads\/2023\/10\/FOTO-PERLA--scaled.jpg?resize=228%2C300&amp;ssl=1 228w, https:\/\/i0.wp.com\/politicosaldesnudo.com.mx\/wp-content\/uploads\/2023\/10\/FOTO-PERLA--scaled.jpg?resize=768%2C1011&amp;ssl=1 768w, https:\/\/i0.wp.com\/politicosaldesnudo.com.mx\/wp-content\/uploads\/2023\/10\/FOTO-PERLA--scaled.jpg?resize=1166%2C1536&amp;ssl=1 1166w, https:\/\/i0.wp.com\/politicosaldesnudo.com.mx\/wp-content\/uploads\/2023\/10\/FOTO-PERLA--scaled.jpg?resize=1555%2C2048&amp;ssl=1 1555w, https:\/\/i0.wp.com\/politicosaldesnudo.com.mx\/wp-content\/uploads\/2023\/10\/FOTO-PERLA--scaled.jpg?w=1944&amp;ssl=1 1944w\" sizes=\"auto, (max-width: 778px) 100vw, 778px\" \/> <\/span><br \/>\n<span style=\"font-size: 14pt;\">Perla Guti\u00e9rrez Mu\u00f1iz, cuenta con un Posgrado en Derecho, por la UNAM, cuya licenciatura estudi\u00f3 en la misma instituci\u00f3n, lo mismo que su licenciatura en Psicolog\u00eda. Es socia fundadora y Directora Jur\u00eddica de la empresa Proyecci\u00f3n Econ\u00f3mica y Empresarial, S.A. de C.V., Director Jur\u00eddico de Fundaci\u00f3n Excelencia Empresarial.<\/span><\/p>\n<p><img data-recalc-dims=\"1\" loading=\"lazy\" decoding=\"async\" class=\"aligncenter size-large wp-image-24776\" src=\"https:\/\/i0.wp.com\/politicosaldesnudo.com.mx\/wp-content\/uploads\/2023\/10\/FOTO-VICENTE-ORTIZ-YUSTIS--1024x943.jpg?resize=800%2C737&#038;ssl=1\" alt=\"\" width=\"800\" height=\"737\" srcset=\"https:\/\/i0.wp.com\/politicosaldesnudo.com.mx\/wp-content\/uploads\/2023\/10\/FOTO-VICENTE-ORTIZ-YUSTIS--scaled.jpg?resize=1024%2C943&amp;ssl=1 1024w, https:\/\/i0.wp.com\/politicosaldesnudo.com.mx\/wp-content\/uploads\/2023\/10\/FOTO-VICENTE-ORTIZ-YUSTIS--scaled.jpg?resize=300%2C276&amp;ssl=1 300w, https:\/\/i0.wp.com\/politicosaldesnudo.com.mx\/wp-content\/uploads\/2023\/10\/FOTO-VICENTE-ORTIZ-YUSTIS--scaled.jpg?resize=768%2C707&amp;ssl=1 768w, https:\/\/i0.wp.com\/politicosaldesnudo.com.mx\/wp-content\/uploads\/2023\/10\/FOTO-VICENTE-ORTIZ-YUSTIS--scaled.jpg?resize=1536%2C1415&amp;ssl=1 1536w, https:\/\/i0.wp.com\/politicosaldesnudo.com.mx\/wp-content\/uploads\/2023\/10\/FOTO-VICENTE-ORTIZ-YUSTIS--scaled.jpg?resize=2048%2C1886&amp;ssl=1 2048w, https:\/\/i0.wp.com\/politicosaldesnudo.com.mx\/wp-content\/uploads\/2023\/10\/FOTO-VICENTE-ORTIZ-YUSTIS--scaled.jpg?w=1600&amp;ssl=1 1600w, https:\/\/i0.wp.com\/politicosaldesnudo.com.mx\/wp-content\/uploads\/2023\/10\/FOTO-VICENTE-ORTIZ-YUSTIS--scaled.jpg?w=2400&amp;ssl=1 2400w\" sizes=\"auto, (max-width: 800px) 100vw, 800px\" \/><br \/>\n<span style=\"font-size: 14pt;\">El Mtro. Vicente Ortiz Yustis, es contador p\u00fablico, por la Escuela Superior de Comercio y Administraci\u00f3n del I.P.N., Licenciado en Derecho y Maestr\u00eda en Derecho Administrativo y Fiscal egresado de la Barra Nacional de Abogados, Contador Certificado en la especialidad de Fiscal por la Academia Fiscal Mexicana Colegio de Especialistas Fiscales; Estudios de Derecho Internacional en la Universidad de Camerino Italia; Doctorante por la Universidad de Columbia; M\u00e1ster en Direcci\u00f3n de Negocios; Miembro de la Academia Fiscal Mexicana A.C.<\/span><\/p>\n<p><img data-recalc-dims=\"1\" loading=\"lazy\" decoding=\"async\" class=\"aligncenter size-large wp-image-24774\" src=\"https:\/\/i0.wp.com\/politicosaldesnudo.com.mx\/wp-content\/uploads\/2023\/10\/FOTO-JOSE-JAVIER-JIMENEZ-1024x1021.jpg?resize=800%2C798&#038;ssl=1\" alt=\"\" width=\"800\" height=\"798\" srcset=\"https:\/\/i0.wp.com\/politicosaldesnudo.com.mx\/wp-content\/uploads\/2023\/10\/FOTO-JOSE-JAVIER-JIMENEZ.jpg?resize=1024%2C1021&amp;ssl=1 1024w, https:\/\/i0.wp.com\/politicosaldesnudo.com.mx\/wp-content\/uploads\/2023\/10\/FOTO-JOSE-JAVIER-JIMENEZ.jpg?resize=300%2C300&amp;ssl=1 300w, https:\/\/i0.wp.com\/politicosaldesnudo.com.mx\/wp-content\/uploads\/2023\/10\/FOTO-JOSE-JAVIER-JIMENEZ.jpg?resize=150%2C150&amp;ssl=1 150w, https:\/\/i0.wp.com\/politicosaldesnudo.com.mx\/wp-content\/uploads\/2023\/10\/FOTO-JOSE-JAVIER-JIMENEZ.jpg?resize=768%2C766&amp;ssl=1 768w, https:\/\/i0.wp.com\/politicosaldesnudo.com.mx\/wp-content\/uploads\/2023\/10\/FOTO-JOSE-JAVIER-JIMENEZ.jpg?resize=1536%2C1532&amp;ssl=1 1536w, https:\/\/i0.wp.com\/politicosaldesnudo.com.mx\/wp-content\/uploads\/2023\/10\/FOTO-JOSE-JAVIER-JIMENEZ.jpg?resize=2048%2C2042&amp;ssl=1 2048w, https:\/\/i0.wp.com\/politicosaldesnudo.com.mx\/wp-content\/uploads\/2023\/10\/FOTO-JOSE-JAVIER-JIMENEZ.jpg?w=1600&amp;ssl=1 1600w, https:\/\/i0.wp.com\/politicosaldesnudo.com.mx\/wp-content\/uploads\/2023\/10\/FOTO-JOSE-JAVIER-JIMENEZ.jpg?w=2400&amp;ssl=1 2400w\" sizes=\"auto, (max-width: 800px) 100vw, 800px\" \/><br \/>\n<span style=\"font-size: 14pt;\">Jos\u00e9 Javier Jim\u00e9nez Mart\u00ednez, ha participado en m\u00e1s de 60 cursos, recibiendo constancias de participaci\u00f3n, del Tribunal Superior de Justicia de la Ciudad de M\u00e9xico. Junta Local de Conciliaci\u00f3n y Arbitraje de la Ciudad de M\u00e9xico. Secretar\u00eda del Trabajo y Previsi\u00f3n Social. Junta Local de Conciliaci\u00f3n y Arbitraje Valle Cuautitl\u00e1n-Texcoco. Congreso laboral del Edomex. Asociaci\u00f3n Mexicana de Contadores P\u00fablicos.<\/span><\/p>\n<p><img data-recalc-dims=\"1\" loading=\"lazy\" decoding=\"async\" class=\"aligncenter size-large wp-image-24773\" src=\"https:\/\/i0.wp.com\/politicosaldesnudo.com.mx\/wp-content\/uploads\/2023\/10\/FOTO-HEBENORA--507x1024.jpg?resize=507%2C1024&#038;ssl=1\" alt=\"\" width=\"507\" height=\"1024\" srcset=\"https:\/\/i0.wp.com\/politicosaldesnudo.com.mx\/wp-content\/uploads\/2023\/10\/FOTO-HEBENORA--scaled.jpg?resize=507%2C1024&amp;ssl=1 507w, https:\/\/i0.wp.com\/politicosaldesnudo.com.mx\/wp-content\/uploads\/2023\/10\/FOTO-HEBENORA--scaled.jpg?resize=148%2C300&amp;ssl=1 148w, https:\/\/i0.wp.com\/politicosaldesnudo.com.mx\/wp-content\/uploads\/2023\/10\/FOTO-HEBENORA--scaled.jpg?resize=768%2C1552&amp;ssl=1 768w, https:\/\/i0.wp.com\/politicosaldesnudo.com.mx\/wp-content\/uploads\/2023\/10\/FOTO-HEBENORA--scaled.jpg?resize=760%2C1536&amp;ssl=1 760w, https:\/\/i0.wp.com\/politicosaldesnudo.com.mx\/wp-content\/uploads\/2023\/10\/FOTO-HEBENORA--scaled.jpg?resize=1014%2C2048&amp;ssl=1 1014w, https:\/\/i0.wp.com\/politicosaldesnudo.com.mx\/wp-content\/uploads\/2023\/10\/FOTO-HEBENORA--scaled.jpg?w=1267&amp;ssl=1 1267w\" sizes=\"auto, (max-width: 507px) 100vw, 507px\" \/><br \/>\n<span style=\"font-size: 14pt;\">Hebe Nora Villarreal Fonz, licenciada en Contadur\u00eda P\u00fablica. Socia del Colegio de Contadoras P\u00fablicas de M\u00e9xico. Maestr\u00eda en Derecho Fiscal. Universidad Istmo Americana A.C. Maestr\u00eda en Auditor\u00eda. Licenciatura en Derecho Corporativo y Empresarial. Centro de Actualizaci\u00f3n fiscal y Colegio de Contadores P\u00fablicos de Tabasco S.C. Fundadora y directora general del Despacho Villarreal Fonz Contadores y Consultores. Catedr\u00e1tica de UAG, Campus Tabasco. Miembro del Colegio de Contadoras P\u00fablicas de M\u00e9xico. Miembro del Instituto Nacional de la Contadur\u00eda P\u00fablica A.C. Miembro de Academia Fiscal Mexicana.<\/span><\/p>\n","protected":false},"excerpt":{"rendered":"<p>La Universidad Espa\u00f1a y M\u00e9xico, con un siglo de experiencia en la formaci\u00f3n de nuevos profesionales en M\u00e9xico, otorg\u00f3 el<\/p>\n","protected":false},"author":4,"featured_media":24776,"comment_status":"closed","ping_status":"closed","sticky":false,"template":"","format":"standard","meta":{"colormag_page_container_layout":"default_layout","colormag_page_sidebar_layout":"default_layout","_jetpack_memberships_contains_paid_content":false,"footnotes":"","jetpack_publicize_message":"","jetpack_publicize_feature_enabled":true,"jetpack_social_post_already_shared":false,"jetpack_social_options":{"image_generator_settings":{"template":"highway","default_image_id":0,"font":"","enabled":false},"version":2}},"categories":[30],"tags":[],"class_list":["post-24770","post","type-post","status-publish","format-standard","has-post-thumbnail","hentry","category-estados"],"jetpack_publicize_connections":[],"jetpack_featured_media_url":"https:\/\/i0.wp.com\/politicosaldesnudo.com.mx\/wp-content\/uploads\/2023\/10\/FOTO-VICENTE-ORTIZ-YUSTIS--scaled.jpg?fit=2560%2C2358&ssl=1","jetpack-related-posts":[],"jetpack_sharing_enabled":true,"_links":{"self":[{"href":"https:\/\/politicosaldesnudo.com.mx\/index.php\/wp-json\/wp\/v2\/posts\/24770","targetHints":{"allow":["GET"]}}],"collection":[{"href":"https:\/\/politicosaldesnudo.com.mx\/index.php\/wp-json\/wp\/v2\/posts"}],"about":[{"href":"https:\/\/politicosaldesnudo.com.mx\/index.php\/wp-json\/wp\/v2\/types\/post"}],"author":[{"embeddable":true,"href":"https:\/\/politicosaldesnudo.com.mx\/index.php\/wp-json\/wp\/v2\/users\/4"}],"replies":[{"embeddable":true,"href":"https:\/\/politicosaldesnudo.com.mx\/index.php\/wp-json\/wp\/v2\/comments?post=24770"}],"version-history":[{"count":0,"href":"https:\/\/politicosaldesnudo.com.mx\/index.php\/wp-json\/wp\/v2\/posts\/24770\/revisions"}],"wp:featuredmedia":[{"embeddable":true,"href":"https:\/\/politicosaldesnudo.com.mx\/index.php\/wp-json\/wp\/v2\/media\/24776"}],"wp:attachment":[{"href":"https:\/\/politicosaldesnudo.com.mx\/index.php\/wp-json\/wp\/v2\/media?parent=24770"}],"wp:term":[{"taxonomy":"category","embeddable":true,"href":"https:\/\/politicosaldesnudo.com.mx\/index.php\/wp-json\/wp\/v2\/categories?post=24770"},{"taxonomy":"post_tag","embeddable":true,"href":"https:\/\/politicosaldesnudo.com.mx\/index.php\/wp-json\/wp\/v2\/tags?post=24770"}],"curies":[{"name":"wp","href":"https:\/\/api.w.org\/{rel}","templated":true}]}}