{"id":24794,"date":"2023-10-14T14:19:33","date_gmt":"2023-10-14T19:19:33","guid":{"rendered":"https:\/\/politicosaldesnudo.com.mx\/?p=24794"},"modified":"2023-10-14T14:19:33","modified_gmt":"2023-10-14T19:19:33","slug":"cofepris-recibe-peticiones-para-comercializar-vacunas-covid","status":"publish","type":"post","link":"https:\/\/politicosaldesnudo.com.mx\/index.php\/2023\/10\/14\/cofepris-recibe-peticiones-para-comercializar-vacunas-covid\/","title":{"rendered":"Cofepris recibe peticiones para comercializar vacunas covid"},"content":{"rendered":"<div id=\"article-content-tts\" class=\"nota-contenido mb-5\">\n<div id=\"content_nitf\">\n<div class=\"col col1\">\n<p class=\"s-s\"><span style=\"font-size: 14pt;\">La Comisi\u00f3n Federal para la Protecci\u00f3n contra Riesgos Sanitarios (Cofepris) inform\u00f3 que recibi\u00f3 cuatro solicitudes de empresas farmac\u00e9uticas para obtener el registro sanitario destinado a la comercializacio\u0301n de vacunas contra el covid-19 en el mercado nacional. Esto ocurre en v\u00edsperas de la temporada de invierno y el alza de casos.<\/span><\/p>\n<p><span style=\"font-size: 14pt;\">El pasado 22 de septiembre la Cofepris emiti\u00f3 el oficio CFS-365-2023 en el que recuerda que el 9 de mayo pasado, el <em>Diario Oficial de la Federaci\u00f3n<\/em> public\u00f3 el decreto por el que se declar\u00f3 terminada la acci\u00f3n extraordinaria en materia de salubridad general que tuvo por finalidad prevenir, controlar y mitigar la enfermedad causada por el virus Sars-CoV-2.<\/span><\/p>\n<p><span style=\"font-size: 14pt;\">En el escrito anunci\u00f3 que, ante el t\u00e9rmino de la emergencia sanitaria por covid-19 y el arranque del periodo de transici\u00f3n de autorizaci\u00f3n de uso de emergencia a registro sanitario de las vacunas contra el coronavirus, emiti\u00f3 una convocatoria para las empresas que cuenten con dicha autorizaci\u00f3n de uso de emergencia.<\/span><\/p>\n<p><span style=\"font-size: 14pt;\">El Comit\u00e9 de Mol\u00e9culas Nuevas (CMN) sesionar\u00e1 las pr\u00f3ximas semana para evaluar el desempen\u0303o cli\u0301nico de las vacunas y las reuniones sera\u0301n pu\u0301blicas a trave\u0301s de las redes sociales de la Cofepris (YouTube y Facebook).<\/span><\/p>\n<p><img data-recalc-dims=\"1\" loading=\"lazy\" decoding=\"async\" class=\"aligncenter size-full wp-image-24796\" src=\"https:\/\/i0.wp.com\/politicosaldesnudo.com.mx\/wp-content\/uploads\/2023\/10\/vacunacion_covid_en_mexico_04.jpg?resize=640%2C433&#038;ssl=1\" alt=\"\" width=\"640\" height=\"433\" srcset=\"https:\/\/i0.wp.com\/politicosaldesnudo.com.mx\/wp-content\/uploads\/2023\/10\/vacunacion_covid_en_mexico_04.jpg?w=640&amp;ssl=1 640w, https:\/\/i0.wp.com\/politicosaldesnudo.com.mx\/wp-content\/uploads\/2023\/10\/vacunacion_covid_en_mexico_04.jpg?resize=300%2C203&amp;ssl=1 300w\" sizes=\"auto, (max-width: 640px) 100vw, 640px\" \/><\/p>\n<p><span style=\"font-size: 14pt;\">Las solicitudes recibidas corresponden a las vacunas: Comirnaty, de Pfizer SA de CV; Vaxzevria, de AstraZeneca SA de CV; Spikevax, de ModernaTx, Inc, y Spikevax bivalente, de ModernaTx Inc. Estas dos u\u0301ltimas vacunas, a trave\u0301s de su representante legal en Me\u0301xico, la empresa Asofarma.<\/span><\/p>\n<\/div>\n<div class=\"col col2\">\n<p class=\"sumario\"><span style=\"font-size: 14pt;\">A la semana, 400 nuevos casos<\/span><\/p>\n<p class=\"s-s\"><span style=\"font-size: 14pt;\">Datos de la Secretar\u00eda de Salud, con base en pruebas PCR y notificaciones de 464 unidades m\u00e9dicas centinela ubicadas en el pa\u00eds, indican que desde principios de agosto los casos de covid han aumentado con un promedio semanal de 400 nuevos enfermos confirmados.<\/span><\/p>\n<p><span style=\"font-size: 14pt;\">El CMN se reunir\u00e1 el lunes 16 de octubre de 13 a 15 horas para analizar el caso del biol\u00f3gico Comirnaty de Pfizer; ese mismo d\u00eda, de 16:30 a 18:30, revisar\u00e1 la solicitud de Vaxzevria, de AstraZeneca, y el martes 17 de octubre, de 12 a 15 horas, evaluar\u00e1 los casos de los biol\u00f3gicos Spikevax, de ModernaTx, y Spikevax bivalente, de ModernaTx.<\/span><\/p>\n<p><span style=\"font-size: 14pt;\"><q>El CMN es la instancia de consulta que emite la opinio\u0301n te\u0301cnica sobre la seguridad, calidad y eficacia de diferentes insumos para la salud. Sin embargo, estas opiniones no son vinculantes para la autorizacio\u0301n final otorgada por la Cofepris.<\/q><\/span><\/p>\n<p><span style=\"font-size: 14pt;\">Subray\u00f3 que durante ma\u0301s de una de\u0301cada, la Organizacio\u0301n Panamericana de la Salud ha distinguido a la Cofepris como Autoridad Reguladora Nacional de referencia. Por lo tanto, <q>las resoluciones tomadas por esta instancia son ampliamente reconocidas y valoradas en diferentes pai\u0301ses de la regio\u0301n<\/q>.<\/span><\/p>\n<\/div>\n<\/div>\n<\/div>\n","protected":false},"excerpt":{"rendered":"<p>La Comisi\u00f3n Federal para la Protecci\u00f3n contra Riesgos Sanitarios (Cofepris) inform\u00f3 que recibi\u00f3 cuatro solicitudes de empresas farmac\u00e9uticas para obtener<\/p>\n","protected":false},"author":4,"featured_media":24795,"comment_status":"closed","ping_status":"closed","sticky":false,"template":"","format":"standard","meta":{"colormag_page_container_layout":"default_layout","colormag_page_sidebar_layout":"default_layout","_jetpack_memberships_contains_paid_content":false,"footnotes":"","jetpack_publicize_message":"","jetpack_publicize_feature_enabled":true,"jetpack_social_post_already_shared":false,"jetpack_social_options":{"image_generator_settings":{"template":"highway","default_image_id":0,"font":"","enabled":false},"version":2}},"categories":[33],"tags":[],"class_list":["post-24794","post","type-post","status-publish","format-standard","has-post-thumbnail","hentry","category-nacional"],"jetpack_publicize_connections":[],"jetpack_featured_media_url":"https:\/\/i0.wp.com\/politicosaldesnudo.com.mx\/wp-content\/uploads\/2023\/10\/Cofepris-01.jpg?fit=1140%2C712&ssl=1","jetpack-related-posts":[],"jetpack_sharing_enabled":true,"_links":{"self":[{"href":"https:\/\/politicosaldesnudo.com.mx\/index.php\/wp-json\/wp\/v2\/posts\/24794","targetHints":{"allow":["GET"]}}],"collection":[{"href":"https:\/\/politicosaldesnudo.com.mx\/index.php\/wp-json\/wp\/v2\/posts"}],"about":[{"href":"https:\/\/politicosaldesnudo.com.mx\/index.php\/wp-json\/wp\/v2\/types\/post"}],"author":[{"embeddable":true,"href":"https:\/\/politicosaldesnudo.com.mx\/index.php\/wp-json\/wp\/v2\/users\/4"}],"replies":[{"embeddable":true,"href":"https:\/\/politicosaldesnudo.com.mx\/index.php\/wp-json\/wp\/v2\/comments?post=24794"}],"version-history":[{"count":0,"href":"https:\/\/politicosaldesnudo.com.mx\/index.php\/wp-json\/wp\/v2\/posts\/24794\/revisions"}],"wp:featuredmedia":[{"embeddable":true,"href":"https:\/\/politicosaldesnudo.com.mx\/index.php\/wp-json\/wp\/v2\/media\/24795"}],"wp:attachment":[{"href":"https:\/\/politicosaldesnudo.com.mx\/index.php\/wp-json\/wp\/v2\/media?parent=24794"}],"wp:term":[{"taxonomy":"category","embeddable":true,"href":"https:\/\/politicosaldesnudo.com.mx\/index.php\/wp-json\/wp\/v2\/categories?post=24794"},{"taxonomy":"post_tag","embeddable":true,"href":"https:\/\/politicosaldesnudo.com.mx\/index.php\/wp-json\/wp\/v2\/tags?post=24794"}],"curies":[{"name":"wp","href":"https:\/\/api.w.org\/{rel}","templated":true}]}}