{"id":24830,"date":"2023-10-16T04:29:06","date_gmt":"2023-10-16T09:29:06","guid":{"rendered":"https:\/\/politicosaldesnudo.com.mx\/?p=24830"},"modified":"2023-10-16T04:29:06","modified_gmt":"2023-10-16T09:29:06","slug":"mueren-los-sindicatos","status":"publish","type":"post","link":"https:\/\/politicosaldesnudo.com.mx\/index.php\/2023\/10\/16\/mueren-los-sindicatos\/","title":{"rendered":"Mueren los sindicatos"},"content":{"rendered":"<ul>\n<li><strong><span style=\"font-size: 14pt;\">Los partidos tomaron el lugar de los defensores de los derechos laborales y de la defensa de los intereses patronales en una lucha eminentemente pol\u00edtica<\/span><\/strong><\/li>\n<\/ul>\n<p><strong><span style=\"font-size: 14pt;\">Por \u00c1ngel \u00c1lvaro Pe\u00f1a<\/span><\/strong><\/p>\n<p><span style=\"font-size: 14pt;\">Los sindicatos originalmente debieron convertirse en la vanguardia de los trabajadores. Ahora no son ni la sombra de lo que pudieron haber sido, aunque en algunos casos s\u00ed lo fueron, con las consecuencias hist\u00f3ricas que todos conocemos. Incluso se habl\u00f3, en su momento que cada sindicato, por representar la fuerza productiva, deber\u00eda pelear por del poder y no s\u00f3lo por los derechos de sus afiliados, pero la historia del pa\u00eds siempre fue comparsa de la pol\u00edtica imperante.<\/span><\/p>\n<p><span style=\"font-size: 14pt;\">Los sindicatos fueron diluy\u00e9ndose conforme el paso del tiempo hasta que otros entes sociales tomaron sus causas y se convirtieron en representantes de los trabajadores y tratan de rescatar sus derechos.<\/span><\/p>\n<p><img data-recalc-dims=\"1\" loading=\"lazy\" decoding=\"async\" class=\"aligncenter size-large wp-image-24833\" src=\"https:\/\/i0.wp.com\/politicosaldesnudo.com.mx\/wp-content\/uploads\/2023\/10\/H-1024x748.jpg?resize=800%2C584&#038;ssl=1\" alt=\"\" width=\"800\" height=\"584\" srcset=\"https:\/\/i0.wp.com\/politicosaldesnudo.com.mx\/wp-content\/uploads\/2023\/10\/H.jpg?resize=1024%2C748&amp;ssl=1 1024w, https:\/\/i0.wp.com\/politicosaldesnudo.com.mx\/wp-content\/uploads\/2023\/10\/H.jpg?resize=300%2C219&amp;ssl=1 300w, https:\/\/i0.wp.com\/politicosaldesnudo.com.mx\/wp-content\/uploads\/2023\/10\/H.jpg?resize=768%2C561&amp;ssl=1 768w, https:\/\/i0.wp.com\/politicosaldesnudo.com.mx\/wp-content\/uploads\/2023\/10\/H.jpg?w=1200&amp;ssl=1 1200w\" sizes=\"auto, (max-width: 800px) 100vw, 800px\" \/><\/p>\n<p><span style=\"font-size: 14pt;\">Atr\u00e1s quedaron los l\u00edderes que en discursos exaltados reivindicaban los derechos de los trabajadores que no se limitaban a los aumentos de sueldo sino a las prestaciones. En muchos casos esos l\u00edderes fueron perseguidos, maltratados y hasta asesinados, porque la sociedad entre poder pol\u00edtico y poder econ\u00f3mico eran tan evidente que, ante la fuerza de un liderazgo real de los asalariados, corr\u00edan el riesgo de ceder o de ser vencidos por sus enemigos.<\/span><\/p>\n<p><span style=\"font-size: 14pt;\">Porque para los empresarios sus propios trabajadores se convirtieron en el enemigo a vencer, no eran el complemento de la productividad sino el enemigo en casa.<\/span><\/p>\n<p><span style=\"font-size: 14pt;\">La huelga dej\u00f3 de ser un arma de los trabajadores, un derecho que comenz\u00f3 a ser satanizado por los gobiernos que confund\u00edan paz social con sumisi\u00f3n, dejaron de lado las respuestas l\u00f3gicas de una clase trabajadora que fue qued\u00e1ndose poco a poco sin l\u00edderes, y esto fue el principio de la gran derrota de los trabajadores.<\/span><\/p>\n<p><span style=\"font-size: 14pt;\">Los sindicatos no son s\u00f3lo fuerza social en los pa\u00edses socialistas como la Central de Trabajadores de Cuba, tambi\u00e9n en Estados Unidos la fuerza de los trabajadores organizados es, en realidad, un punto de referencia de poder y solidez. Ah\u00ed est\u00e1 la AFL-CIO, (Federaci\u00f3n Estadounidense del Trabajo y Congreso de Organizaciones Industriales), \u00a0fundada en 1955, que sigue afiliando trabajadores con un potencial electoral que puede modificar triunfos y derrotas en las urnas.<\/span><\/p>\n<p><span style=\"font-size: 14pt;\">En M\u00e9xico, ahora fue necesario que un partido pol\u00edtico tomara la vanguardia del movimiento obrero para intentar reducir una jornada de 48 horas a 40, porque nuestro pa\u00eds es de los pa\u00edses de mayor duraci\u00f3n de una jornada laboral semanal. Lo que es peor es que esto es visto de manera normal.<\/span><\/p>\n<p><span style=\"font-size: 14pt;\">Para disminuir la jornada laboral y establecer como m\u00ednimo dos d\u00edas de descanso a la semana se requiere reformar la Constituci\u00f3n. Para ello se necesita de una mayor\u00eda calificada en el Congreso, as\u00ed que el voto del PRI podr\u00eda ser decisivo, porque el PAN se neg\u00f3, su candidata tambi\u00e9n se neg\u00f3 en una reuni\u00f3n con empresarios a seguir este proyecto y lo rechaz\u00f3. As\u00ed, algo que debi\u00f3 ser tomado como una exigencia natural luego de tantos a\u00f1os de letargo sindical se convirti\u00f3 en consigna pol\u00edtica.<\/span><\/p>\n<p><span style=\"font-size: 14pt;\">Atr\u00e1s quedaron los sindicatos afiliados a la CTM; uno de los pilares m\u00e1s s\u00f3lidos del PRI, la suma de militantes de la Confederaci\u00f3n Nacional Campesina, y la CNOP, que conformaban la fuerza social organizada del partido en el poder. Ahora sus oficinas est\u00e1n vac\u00edas y el polvo cubre las viejas glorias de los trabajadores.<\/span><\/p>\n<p><span style=\"font-size: 14pt;\">Tambi\u00e9n se olvidaron los l\u00edderes petroleros, del transporte, de los electricistas de sus viejas luchas y ahora s\u00f3lo guardan silencio.<\/span><\/p>\n<p><span style=\"font-size: 14pt;\">En marzo de este a\u00f1o, la diputada de Morena, Susana Prieto Terrazas, present\u00f3 la iniciativa de reducci\u00f3n de horas de trabajo semanales en la C\u00e1mara de Diputados para reformar la Ley Federal del Trabajo. Los panistas, a trav\u00e9s de su coordinador parlamentario, Jorge Romero, relacionado con el c\u00e1rtel inmobiliario, fue el primero en tratar de posponer la discusi\u00f3n indefinidamente porque no les conven\u00eda rechazar esta propuesta en favor de las mayor\u00edas en tiempos electorales.<\/span><\/p>\n<p><span style=\"font-size: 14pt;\">Para aplazar la decisi\u00f3n se convoc\u00f3 a un parlamento abierto donde se les preguntar\u00e1 a especialistas, abogados laborales, l\u00edderes de trabajadores y hasta a l\u00edderes sindicales, su postura. Lo que quiere decir que no se tom\u00f3 en cuenta que \u00e9stos \u00faltimos dejaron de trabajar en favor de los derechos de los trabajadores desde hace muchos a\u00f1os.<\/span><\/p>\n<p><span style=\"font-size: 14pt;\">La costumbre de los empresarios mexicanos de considerar que si ceden un poco representa una derrota hist\u00f3rica, a pesar de que un trabajador mientras est\u00e9 m\u00e1s tiempo con su familia, es m\u00e1s feliz y tiene m\u00e1s energ\u00eda para trabajar al siguiente d\u00eda, esto impulsa la productividad pero los representantes de los empresarios en las C\u00e1maras son tan inamovibles como insensibles.<\/span><\/p>\n<p><span style=\"font-size: 14pt;\">Esto durante seis d\u00edas la semana de tal manera que el trabajo se convierte en un castigo, como si se viviera el esclavismo cruel en pleno siglo XXI.<\/span><\/p>\n<p><span style=\"font-size: 14pt;\">Las leyes laborales en M\u00e9xico est\u00e1n muy por detr\u00e1s de las necesidades de sus protagonistas y a favor de los empresarios. Basta ver la conformaci\u00f3n de las Juntas de Conciliaci\u00f3n y Arbitraje, donde los casos pueden llevarse a\u00f1os sin que se resuelvan para favorecer a los patrones quienes, hasta la fecha tienen compradas a las autoridades que deben dar sus fallos.<\/span><\/p>\n<p><span style=\"font-size: 14pt;\">La injusticia laboral que se vive en M\u00e9xico tiene muchos a\u00f1os y si no se atiende de inmediato puede causar graves consecuencias sociales, donde la fuerza productiva en lugar de mantenerse sumisa pueda reaccionar con mayor rebeld\u00eda y hacer de la huelga s\u00f3lo un arma inmediata para continuar con su avance para poner al d\u00eda sus reivindicaciones m\u00e1s esenciales.<\/span><\/p>\n<p><img data-recalc-dims=\"1\" loading=\"lazy\" decoding=\"async\" class=\"aligncenter size-full wp-image-24821\" src=\"https:\/\/i0.wp.com\/politicosaldesnudo.com.mx\/wp-content\/uploads\/2023\/10\/FIRMA-EDITORIAL-PD-1.jpg?resize=800%2C98&#038;ssl=1\" alt=\"\" width=\"800\" height=\"98\" srcset=\"https:\/\/i0.wp.com\/politicosaldesnudo.com.mx\/wp-content\/uploads\/2023\/10\/FIRMA-EDITORIAL-PD-1.jpg?w=1024&amp;ssl=1 1024w, https:\/\/i0.wp.com\/politicosaldesnudo.com.mx\/wp-content\/uploads\/2023\/10\/FIRMA-EDITORIAL-PD-1.jpg?resize=300%2C37&amp;ssl=1 300w, https:\/\/i0.wp.com\/politicosaldesnudo.com.mx\/wp-content\/uploads\/2023\/10\/FIRMA-EDITORIAL-PD-1.jpg?resize=768%2C94&amp;ssl=1 768w\" sizes=\"auto, (max-width: 800px) 100vw, 800px\" \/><\/p>\n","protected":false},"excerpt":{"rendered":"<p>Los partidos tomaron el lugar de los defensores de los derechos laborales y de la defensa de los intereses patronales<\/p>\n","protected":false},"author":4,"featured_media":24832,"comment_status":"closed","ping_status":"closed","sticky":false,"template":"","format":"standard","meta":{"colormag_page_container_layout":"default_layout","colormag_page_sidebar_layout":"default_layout","_jetpack_memberships_contains_paid_content":false,"footnotes":"","jetpack_publicize_message":"","jetpack_publicize_feature_enabled":true,"jetpack_social_post_already_shared":false,"jetpack_social_options":{"image_generator_settings":{"template":"highway","default_image_id":0,"font":"","enabled":false},"version":2}},"categories":[26],"tags":[],"class_list":["post-24830","post","type-post","status-publish","format-standard","has-post-thumbnail","hentry","category-columnistas"],"jetpack_publicize_connections":[],"jetpack_featured_media_url":"https:\/\/i0.wp.com\/politicosaldesnudo.com.mx\/wp-content\/uploads\/2023\/10\/Telmex-huelga-Aracely-1-1.png?fit=1311%2C819&ssl=1","jetpack-related-posts":[],"jetpack_sharing_enabled":true,"_links":{"self":[{"href":"https:\/\/politicosaldesnudo.com.mx\/index.php\/wp-json\/wp\/v2\/posts\/24830","targetHints":{"allow":["GET"]}}],"collection":[{"href":"https:\/\/politicosaldesnudo.com.mx\/index.php\/wp-json\/wp\/v2\/posts"}],"about":[{"href":"https:\/\/politicosaldesnudo.com.mx\/index.php\/wp-json\/wp\/v2\/types\/post"}],"author":[{"embeddable":true,"href":"https:\/\/politicosaldesnudo.com.mx\/index.php\/wp-json\/wp\/v2\/users\/4"}],"replies":[{"embeddable":true,"href":"https:\/\/politicosaldesnudo.com.mx\/index.php\/wp-json\/wp\/v2\/comments?post=24830"}],"version-history":[{"count":0,"href":"https:\/\/politicosaldesnudo.com.mx\/index.php\/wp-json\/wp\/v2\/posts\/24830\/revisions"}],"wp:featuredmedia":[{"embeddable":true,"href":"https:\/\/politicosaldesnudo.com.mx\/index.php\/wp-json\/wp\/v2\/media\/24832"}],"wp:attachment":[{"href":"https:\/\/politicosaldesnudo.com.mx\/index.php\/wp-json\/wp\/v2\/media?parent=24830"}],"wp:term":[{"taxonomy":"category","embeddable":true,"href":"https:\/\/politicosaldesnudo.com.mx\/index.php\/wp-json\/wp\/v2\/categories?post=24830"},{"taxonomy":"post_tag","embeddable":true,"href":"https:\/\/politicosaldesnudo.com.mx\/index.php\/wp-json\/wp\/v2\/tags?post=24830"}],"curies":[{"name":"wp","href":"https:\/\/api.w.org\/{rel}","templated":true}]}}