{"id":24837,"date":"2023-10-16T09:24:58","date_gmt":"2023-10-16T14:24:58","guid":{"rendered":"https:\/\/politicosaldesnudo.com.mx\/?p=24837"},"modified":"2023-10-16T09:24:58","modified_gmt":"2023-10-16T14:24:58","slug":"petro-no-apoyamos-a-genocidas","status":"publish","type":"post","link":"https:\/\/politicosaldesnudo.com.mx\/index.php\/2023\/10\/16\/petro-no-apoyamos-a-genocidas\/","title":{"rendered":"Petro: no apoyamos a genocidas"},"content":{"rendered":"<div id=\"article-content-tts\" class=\"nota-contenido mb-5\">\n<div id=\"content_nitf\">\n<div class=\"col col1\">\n<p class=\"s-s\"><span style=\"font-size: 14pt;\">Bogot\u00e1.- <q>Si hay que suspender relaciones exteriores con Israel, las suspendemos. No apoyamos genocidios<\/q>, advirti\u00f3 ayer el presidene de Colombia, Gustavo Petro, luego de que Tel Aviv, uno de los principales proveedores de armamento para el ej\u00e9rcito colombiano, anunci\u00f3 que suspendi\u00f3 las\u00a0<q>exportaciones de seguridad<\/q>\u00a0a la naci\u00f3n andina en respuesta a declaraciones\u00a0<q>antisemitas<\/q>\u00a0del mandatario progresista.<\/span><\/p>\n<p><span style=\"font-size: 14pt;\">En un\u00a0<em>post<\/em>\u00a0en X, Petro agreg\u00f3:\u00a0<q>Al presidente de Colombia no se le insulta. Convoco a Am\u00e9rica Latina a una solidaridad real con Colombia. Y si no es capaz, ser\u00e1 el desarrollo de la historia la que dir\u00e1 la \u00faltima palabra como en la gran guerra del Chaco. Ni los Yair Klein ni los Raifal Eithan podr\u00e1n decir cu\u00e1l es la historia de la paz de Colombia. Desataron la masacre y el genocidio en Colombia<\/q>, al referirse a los mercenarios israel\u00edes que entrenaron a grupos paramilitares, como las Autodefensas Unidas de Colombia.<\/span><\/p>\n<p><img data-recalc-dims=\"1\" loading=\"lazy\" decoding=\"async\" class=\"aligncenter size-full wp-image-24838\" src=\"https:\/\/i0.wp.com\/politicosaldesnudo.com.mx\/wp-content\/uploads\/2023\/10\/petro.jpg?resize=800%2C533&#038;ssl=1\" alt=\"\" width=\"800\" height=\"533\" srcset=\"https:\/\/i0.wp.com\/politicosaldesnudo.com.mx\/wp-content\/uploads\/2023\/10\/petro.jpg?w=1024&amp;ssl=1 1024w, https:\/\/i0.wp.com\/politicosaldesnudo.com.mx\/wp-content\/uploads\/2023\/10\/petro.jpg?resize=300%2C200&amp;ssl=1 300w, https:\/\/i0.wp.com\/politicosaldesnudo.com.mx\/wp-content\/uploads\/2023\/10\/petro.jpg?resize=768%2C512&amp;ssl=1 768w\" sizes=\"auto, (max-width: 800px) 100vw, 800px\" \/><\/p>\n<p><span style=\"font-size: 14pt;\">Petro indic\u00f3:\u00a0<q>Del pueblo de Israel demando la ayuda en la paz de Colombia y la ayuda en la paz de Palestina y el mundo. Colombia, como nos ense\u00f1aron Bol\u00edvar y Nari\u00f1o, es un pueblo independiente, soberano y justo. Alg\u00fan d\u00eda el ej\u00e9rcito y el gobierno de Israel nos pedir\u00e1n perd\u00f3n por lo que hicieron sus hombres en nuestra tierra desatando el genocidio. Me abrazar\u00e9 con ellos y ellas y llorar\u00e9 por el homicidio de Auschwitz y de Gaza, y por el Auschwitz colombiano. Hitler ser\u00e1 derrotado en bien de la humanidad, su democracia, la paz y la libertad del mundo<\/q>.<\/span><\/p>\n<p><span style=\"font-size: 14pt;\">De este modo, Petro respondi\u00f3 al gobierno del ultraconservador Benjamin Netanyahu, que convoc\u00f3 a la embajadora de Colombia en ese pa\u00eds e impuso medidas de restricci\u00f3n comercial.<\/span><\/p>\n<p><span style=\"font-size: 14pt;\">El embajador de Israel en el pa\u00eds andino, Gali Dagan, consider\u00f3 que las afirmaciones de Petro son\u00a0<q>hostiles y antisemitas<\/q>\u00a0y asegur\u00f3 que fueron recibidas con\u00a0<q>asombro<\/q>\u00a0ante un\u00a0<q>salvaje ataque terrorista<\/q>\u00a0de Hamas que dej\u00f3 m\u00e1s de mil 300 israel\u00edes y extranjeros asesinados y m\u00e1s de 150 secuestrados.<\/span><\/p>\n<p><span style=\"font-size: 14pt;\">Petro, quien no ha condenado la ofensiva de Hamas a Israel, ha emitido varios mensajes en sus cuentas de redes sociales; en uno evoc\u00f3 el Holocausto nazi para referirse a las acciones del ej\u00e9rcito israel\u00ed en Gaza y los bloqueos a los que est\u00e1n sometidos sus habitantes desde 2006.<\/span><\/p>\n<\/div>\n<div class=\"col col2\">\n<p><span style=\"font-size: 14pt;\">En otro mensaje en X, Petro expres\u00f3:\u00a0<q>Estados Unidos y Colombia cada vez confluyen m\u00e1s en estas terribles circunstancias. Claro que es un error ocupar Gaza, pero el gobierno de Estados Unidos tiene el poder de parar la masacre. Si lo hace todo el mundo presionar\u00e1 a Hamas para liberar a los rehenes israel\u00edes y todo el mundo presionar\u00e1 por un acuerdo de paz que permita dos estados libres: Israel y Palestina<\/q>, luego que su par estadunidense Joe Biden declar\u00f3 que ser\u00eda\u00a0<q>un gran error<\/q>\u00a0si Tel Aviv vuelve a ocupar la franja de Gaza, en el programa\u00a0<em>60 Minutes<\/em>, de CBS.<\/span><\/p>\n<p><span style=\"font-size: 14pt;\">Petro ha recalcado que la tranquilidad de ambos pueblos, palestino e israel\u00ed, en especial de su poblaci\u00f3n civil y los ni\u00f1os,\u00a0<q>no la lograr\u00e1 jam\u00e1s la guerra, s\u00f3lo la logra un acuerdo de paz que respete la legalidad internacional y el derecho de los dos pueblos a existir libres<\/q>.<\/span><\/p>\n<p><span style=\"font-size: 14pt;\">El portavoz del Ministerio de Relaciones Exteriores de Israel, Lior Haiat, manifest\u00f3 que su gobierno\u00a0<q>decidi\u00f3 detener las exportaciones de seguridad a Colombia<\/q>, sin dar m\u00e1s detalles.<\/span><\/p>\n<p><span style=\"font-size: 14pt;\">Precis\u00f3 que se sostuvo una\u00a0<q>conversaci\u00f3n de reprimenda<\/q>\u00a0con la embajadora Manjarrez y se\u00f1al\u00f3 que los dichos de Petro ponen en riesgo la paz de la comunidad jud\u00eda en Colombia.<\/span><\/p>\n<p><span style=\"font-size: 14pt;\">Las fuerzas militares colombianas utilizan armas y aviones de fabricaci\u00f3n israel\u00ed. Durante el gobierno del ultraderechista \u00c1lvaro Uribe (2002-2010), se\u00f1alado de tener v\u00ednculos con grupos paramilitares, las relaciones entre ambos pa\u00edses eran estrechas y bien recibidas por Estados Unidos, cuyo ej\u00e9rcito es uno de los principales aliados de su similar en Colombia.<\/span><\/p>\n<p class=\"sumario\"><span style=\"font-size: 14pt;\"><strong>Ofrece Maduro a Abbas 30 toneladas de ayuda<\/strong><\/span><\/p>\n<p class=\"s-s\"><span style=\"font-size: 14pt;\">M\u00e1s temprano, la canciller\u00eda venezolana inform\u00f3 que el presidente venezolano, Nicol\u00e1s Maduro, mantuvo ayer un contacto telef\u00f3nico con el presidente palestino, Mahmoud Abbas, en el que manifest\u00f3\u00a0<q>el apoyo incondicional de Venezuela<\/q>\u00a0en la\u00a0<q>terrible situaci\u00f3n en la franja de Gaza<\/q>, y anunci\u00f3 el env\u00edo de 30 toneladas de ayuda humanitaria en los pr\u00f3ximos d\u00edas como parte de un plan de \u00abapoyo directo y constante al pueblo palestino\u00bb.<\/span><\/p>\n<p><span style=\"font-size: 14pt;\">Asimismo, exigi\u00f3 un inmediato cese del fuego y el establecimiento de un canal de asistencia humanitaria a la poblaci\u00f3n, report\u00f3 la canciller\u00eda de ese pa\u00eds.<\/span><\/p>\n<\/div>\n<\/div>\n<\/div>\n","protected":false},"excerpt":{"rendered":"<p>Bogot\u00e1.- Si hay que suspender relaciones exteriores con Israel, las suspendemos. No apoyamos genocidios, advirti\u00f3 ayer el presidene de Colombia,<\/p>\n","protected":false},"author":4,"featured_media":24839,"comment_status":"closed","ping_status":"closed","sticky":false,"template":"","format":"standard","meta":{"colormag_page_container_layout":"default_layout","colormag_page_sidebar_layout":"default_layout","_jetpack_memberships_contains_paid_content":false,"footnotes":"","jetpack_publicize_message":"","jetpack_publicize_feature_enabled":true,"jetpack_social_post_already_shared":false,"jetpack_social_options":{"image_generator_settings":{"template":"highway","default_image_id":0,"font":"","enabled":false},"version":2}},"categories":[28],"tags":[],"class_list":["post-24837","post","type-post","status-publish","format-standard","has-post-thumbnail","hentry","category-internacional"],"jetpack_publicize_connections":[],"jetpack_featured_media_url":"https:\/\/i0.wp.com\/politicosaldesnudo.com.mx\/wp-content\/uploads\/2023\/10\/suman-42-muertos-tras-ataque-israel-franja-gaza-1024x529-1.jpg?fit=1024%2C529&ssl=1","jetpack-related-posts":[],"jetpack_sharing_enabled":true,"_links":{"self":[{"href":"https:\/\/politicosaldesnudo.com.mx\/index.php\/wp-json\/wp\/v2\/posts\/24837","targetHints":{"allow":["GET"]}}],"collection":[{"href":"https:\/\/politicosaldesnudo.com.mx\/index.php\/wp-json\/wp\/v2\/posts"}],"about":[{"href":"https:\/\/politicosaldesnudo.com.mx\/index.php\/wp-json\/wp\/v2\/types\/post"}],"author":[{"embeddable":true,"href":"https:\/\/politicosaldesnudo.com.mx\/index.php\/wp-json\/wp\/v2\/users\/4"}],"replies":[{"embeddable":true,"href":"https:\/\/politicosaldesnudo.com.mx\/index.php\/wp-json\/wp\/v2\/comments?post=24837"}],"version-history":[{"count":0,"href":"https:\/\/politicosaldesnudo.com.mx\/index.php\/wp-json\/wp\/v2\/posts\/24837\/revisions"}],"wp:featuredmedia":[{"embeddable":true,"href":"https:\/\/politicosaldesnudo.com.mx\/index.php\/wp-json\/wp\/v2\/media\/24839"}],"wp:attachment":[{"href":"https:\/\/politicosaldesnudo.com.mx\/index.php\/wp-json\/wp\/v2\/media?parent=24837"}],"wp:term":[{"taxonomy":"category","embeddable":true,"href":"https:\/\/politicosaldesnudo.com.mx\/index.php\/wp-json\/wp\/v2\/categories?post=24837"},{"taxonomy":"post_tag","embeddable":true,"href":"https:\/\/politicosaldesnudo.com.mx\/index.php\/wp-json\/wp\/v2\/tags?post=24837"}],"curies":[{"name":"wp","href":"https:\/\/api.w.org\/{rel}","templated":true}]}}