{"id":24841,"date":"2023-10-16T09:31:30","date_gmt":"2023-10-16T14:31:30","guid":{"rendered":"https:\/\/politicosaldesnudo.com.mx\/?p=24841"},"modified":"2023-10-16T09:31:30","modified_gmt":"2023-10-16T14:31:30","slug":"tren-del-istmo-se-inaugurara-el-proximo-ano-amlo","status":"publish","type":"post","link":"https:\/\/politicosaldesnudo.com.mx\/index.php\/2023\/10\/16\/tren-del-istmo-se-inaugurara-el-proximo-ano-amlo\/","title":{"rendered":"Tren del Istmo se inaugurar\u00e1 el pr\u00f3ximo a\u00f1o: AMLO"},"content":{"rendered":"<p><span style=\"font-size: 14pt;\">El presidente Andr\u00e9s Manuel L\u00f3pez Obrador ofreci\u00f3 que el ferrocarril del Istmo de Tehuantepec, se inaugurar\u00e1 el pr\u00f3ximo a\u00f1o, en ocasi\u00f3n del bicentenario de la anexi\u00f3n de Chiapas a la rep\u00fablica.<\/span><\/p>\n<p><img data-recalc-dims=\"1\" loading=\"lazy\" decoding=\"async\" class=\"size-large wp-image-24843\" src=\"https:\/\/i0.wp.com\/politicosaldesnudo.com.mx\/wp-content\/uploads\/2023\/10\/947818_AMLO-Ferrocarril-del-Itsmo-6_impreso-scaled-1-1024x682.jpg?resize=800%2C533&#038;ssl=1\" alt=\"\" width=\"800\" height=\"533\" srcset=\"https:\/\/i0.wp.com\/politicosaldesnudo.com.mx\/wp-content\/uploads\/2023\/10\/947818_AMLO-Ferrocarril-del-Itsmo-6_impreso-scaled-1.jpg?resize=1024%2C682&amp;ssl=1 1024w, https:\/\/i0.wp.com\/politicosaldesnudo.com.mx\/wp-content\/uploads\/2023\/10\/947818_AMLO-Ferrocarril-del-Itsmo-6_impreso-scaled-1.jpg?resize=300%2C200&amp;ssl=1 300w, https:\/\/i0.wp.com\/politicosaldesnudo.com.mx\/wp-content\/uploads\/2023\/10\/947818_AMLO-Ferrocarril-del-Itsmo-6_impreso-scaled-1.jpg?resize=768%2C511&amp;ssl=1 768w, https:\/\/i0.wp.com\/politicosaldesnudo.com.mx\/wp-content\/uploads\/2023\/10\/947818_AMLO-Ferrocarril-del-Itsmo-6_impreso-scaled-1.jpg?resize=1536%2C1022&amp;ssl=1 1536w, https:\/\/i0.wp.com\/politicosaldesnudo.com.mx\/wp-content\/uploads\/2023\/10\/947818_AMLO-Ferrocarril-del-Itsmo-6_impreso-scaled-1.jpg?resize=2048%2C1363&amp;ssl=1 2048w, https:\/\/i0.wp.com\/politicosaldesnudo.com.mx\/wp-content\/uploads\/2023\/10\/947818_AMLO-Ferrocarril-del-Itsmo-6_impreso-scaled-1.jpg?w=1600&amp;ssl=1 1600w, https:\/\/i0.wp.com\/politicosaldesnudo.com.mx\/wp-content\/uploads\/2023\/10\/947818_AMLO-Ferrocarril-del-Itsmo-6_impreso-scaled-1.jpg?w=2400&amp;ssl=1 2400w\" sizes=\"auto, (max-width: 800px) 100vw, 800px\" \/><\/p>\n<p><span style=\"font-size: 14pt;\">L\u00f3pez Obrador realiz\u00f3 este domingo un recorrido de supervisi\u00f3n de las obras del puerto de Salina Cruz y del tren de pasajeros de Ixtepec hasta el r\u00edo Suchiate, ya en la frontera con Guatemala.<\/span><\/p>\n<p><span style=\"font-size: 14pt;\">En un mensaje en su cuenta de la red X, el mandatario dijo que en Tonal\u00e1 se reuni\u00f3 con los mandos de la Secretar\u00eda de Marina y directivos de las empresas constructoras.<\/span><\/p>\n<p><span style=\"font-size: 14pt;\">\u201cEvaluamos y se pact\u00f3 que terminamos este tramo de 450 kil\u00f3metros con puentes, viaductos y estaciones a finales de agosto del a\u00f1o pr\u00f3ximo para inaugurar el tren de pasajeros el 14 de septiembre en el bicentenario de la anexi\u00f3n de Chiapas a M\u00e9xico\u201d, dijo.<\/span><\/p>\n","protected":false},"excerpt":{"rendered":"<p>El presidente Andr\u00e9s Manuel L\u00f3pez Obrador ofreci\u00f3 que el ferrocarril del Istmo de Tehuantepec, se inaugurar\u00e1 el pr\u00f3ximo a\u00f1o, en<\/p>\n","protected":false},"author":4,"featured_media":24842,"comment_status":"closed","ping_status":"closed","sticky":false,"template":"","format":"standard","meta":{"colormag_page_container_layout":"default_layout","colormag_page_sidebar_layout":"default_layout","_jetpack_memberships_contains_paid_content":false,"footnotes":"","jetpack_publicize_message":"","jetpack_publicize_feature_enabled":true,"jetpack_social_post_already_shared":false,"jetpack_social_options":{"image_generator_settings":{"template":"highway","default_image_id":0,"font":"","enabled":false},"version":2}},"categories":[33],"tags":[],"class_list":["post-24841","post","type-post","status-publish","format-standard","has-post-thumbnail","hentry","category-nacional"],"jetpack_publicize_connections":[],"jetpack_featured_media_url":"https:\/\/i0.wp.com\/politicosaldesnudo.com.mx\/wp-content\/uploads\/2023\/10\/15-10-2023-Recorrido-Presidente-Andres-Manuel-Lopez-Obrador-por-Linea-K-del-Ferrocarril-del-Istmo-de-Tehuantepec.jpeg?fit=1600%2C1200&ssl=1","jetpack-related-posts":[],"jetpack_sharing_enabled":true,"_links":{"self":[{"href":"https:\/\/politicosaldesnudo.com.mx\/index.php\/wp-json\/wp\/v2\/posts\/24841","targetHints":{"allow":["GET"]}}],"collection":[{"href":"https:\/\/politicosaldesnudo.com.mx\/index.php\/wp-json\/wp\/v2\/posts"}],"about":[{"href":"https:\/\/politicosaldesnudo.com.mx\/index.php\/wp-json\/wp\/v2\/types\/post"}],"author":[{"embeddable":true,"href":"https:\/\/politicosaldesnudo.com.mx\/index.php\/wp-json\/wp\/v2\/users\/4"}],"replies":[{"embeddable":true,"href":"https:\/\/politicosaldesnudo.com.mx\/index.php\/wp-json\/wp\/v2\/comments?post=24841"}],"version-history":[{"count":0,"href":"https:\/\/politicosaldesnudo.com.mx\/index.php\/wp-json\/wp\/v2\/posts\/24841\/revisions"}],"wp:featuredmedia":[{"embeddable":true,"href":"https:\/\/politicosaldesnudo.com.mx\/index.php\/wp-json\/wp\/v2\/media\/24842"}],"wp:attachment":[{"href":"https:\/\/politicosaldesnudo.com.mx\/index.php\/wp-json\/wp\/v2\/media?parent=24841"}],"wp:term":[{"taxonomy":"category","embeddable":true,"href":"https:\/\/politicosaldesnudo.com.mx\/index.php\/wp-json\/wp\/v2\/categories?post=24841"},{"taxonomy":"post_tag","embeddable":true,"href":"https:\/\/politicosaldesnudo.com.mx\/index.php\/wp-json\/wp\/v2\/tags?post=24841"}],"curies":[{"name":"wp","href":"https:\/\/api.w.org\/{rel}","templated":true}]}}