{"id":24845,"date":"2023-10-16T09:42:30","date_gmt":"2023-10-16T14:42:30","guid":{"rendered":"https:\/\/politicosaldesnudo.com.mx\/?p=24845"},"modified":"2023-10-16T09:42:30","modified_gmt":"2023-10-16T14:42:30","slug":"lo-unico-que-puede-afectar-al-movimiento-es-la-division-sheinbaum","status":"publish","type":"post","link":"https:\/\/politicosaldesnudo.com.mx\/index.php\/2023\/10\/16\/lo-unico-que-puede-afectar-al-movimiento-es-la-division-sheinbaum\/","title":{"rendered":"\u00abLo \u00fanico que puede afectar al movimiento es la divisi\u00f3n\u00bb: Sheinbaum"},"content":{"rendered":"<div id=\"article-content-tts\" class=\"nota-contenido mb-5\">\n<div id=\"content_nitf\">\n<p><span style=\"font-size: 14pt;\">Villahermosa, Tab.- Lo \u00fanico que puede afectar nuestro movimiento es la divisi\u00f3n, dijo desde Tabasco, Claudia Sheinbaum, desde donde convoc\u00f3 a la unidad del partido porque en el 2024 tienen un compromiso con el presidente Andr\u00e9s Manuel L\u00f3pez Obrador de obtener carro completo, pues precis\u00f3 que Morena ganar\u00e1 el Congreso de la Uni\u00f3n, las gobernatura y la presidencias municipales.<\/span><\/p>\n<p><span style=\"font-size: 14pt;\">La coordinadora de la defensa de la cuarta transformaci\u00f3n hizo hincapi\u00e9 aqu\u00ed en el tema de la unidad pues los grupos pol\u00edticos del ex secretario de Gobernaci\u00f3n, Ad\u00e1n Augusto L\u00f3pez Hern\u00e1ndez y del ex director del Fondo Nacional de Fomento al Turismo, Javier May Rodr\u00edguez se disputan la coordinaci\u00f3n en Tabasco de la cuarta transformaci\u00f3n, camino a la candidatura al gobierno del estado.<\/span><\/p>\n<p><span style=\"font-size: 14pt;\">Durante el mitin resalt\u00f3 la participaci\u00f3n de L\u00f3pez Hern\u00e1ndez (quien no estuvo presente en el evento) de quien expres\u00f3 que es \u00abun compa\u00f1ero de primera y nos est\u00e1 ayudando mucho\u00bb, dijo.<\/span><\/p>\n<p><img data-recalc-dims=\"1\" loading=\"lazy\" decoding=\"async\" class=\"aligncenter size-large wp-image-24847\" src=\"https:\/\/i0.wp.com\/politicosaldesnudo.com.mx\/wp-content\/uploads\/2023\/10\/WhatsApp-Image-2023-10-15-at-9.04.19-PM-1-1024x757.jpeg?resize=800%2C591&#038;ssl=1\" alt=\"\" width=\"800\" height=\"591\" srcset=\"https:\/\/i0.wp.com\/politicosaldesnudo.com.mx\/wp-content\/uploads\/2023\/10\/WhatsApp-Image-2023-10-15-at-9.04.19-PM-1-scaled.jpeg?resize=1024%2C757&amp;ssl=1 1024w, https:\/\/i0.wp.com\/politicosaldesnudo.com.mx\/wp-content\/uploads\/2023\/10\/WhatsApp-Image-2023-10-15-at-9.04.19-PM-1-scaled.jpeg?resize=300%2C222&amp;ssl=1 300w, https:\/\/i0.wp.com\/politicosaldesnudo.com.mx\/wp-content\/uploads\/2023\/10\/WhatsApp-Image-2023-10-15-at-9.04.19-PM-1-scaled.jpeg?resize=768%2C568&amp;ssl=1 768w, https:\/\/i0.wp.com\/politicosaldesnudo.com.mx\/wp-content\/uploads\/2023\/10\/WhatsApp-Image-2023-10-15-at-9.04.19-PM-1-scaled.jpeg?resize=1536%2C1136&amp;ssl=1 1536w, https:\/\/i0.wp.com\/politicosaldesnudo.com.mx\/wp-content\/uploads\/2023\/10\/WhatsApp-Image-2023-10-15-at-9.04.19-PM-1-scaled.jpeg?resize=2048%2C1514&amp;ssl=1 2048w, https:\/\/i0.wp.com\/politicosaldesnudo.com.mx\/wp-content\/uploads\/2023\/10\/WhatsApp-Image-2023-10-15-at-9.04.19-PM-1-scaled.jpeg?w=1600&amp;ssl=1 1600w, https:\/\/i0.wp.com\/politicosaldesnudo.com.mx\/wp-content\/uploads\/2023\/10\/WhatsApp-Image-2023-10-15-at-9.04.19-PM-1-scaled.jpeg?w=2400&amp;ssl=1 2400w\" sizes=\"auto, (max-width: 800px) 100vw, 800px\" \/><\/p>\n<p><span style=\"font-size: 14pt;\">Indic\u00f3 que \u00aben Tabasco no puede haber divisi\u00f3n, aqu\u00ed se construye la unidad\u00bb, pues afirm\u00f3 que \u00ablo \u00fanico que puede afectarnos es la divisi\u00f3n\u00bb, ya que mencion\u00f3 que en esta entidad no hay oposici\u00f3n al resaltar que las encuestas dan a Morena un 80 por ciento en las preferencias electorales.<\/span><\/p>\n<p><span style=\"font-size: 14pt;\">Sheibaum encabez\u00f3 este mediod\u00eda en la Plaza de Armas de Villahermosa el acto pol\u00edtico para la firma de acuerdo de la unidad para la transformaci\u00f3n, en la que signaron el compromiso empresarios locales, artistas, deportistas y artesanos.<\/span><\/p>\n<p><span style=\"font-size: 14pt;\">A su arribo a la tierra del presidente L\u00f3pez Obrador, dijo que \u00abse pone la carne de gallina, ya que es la tierra que vio nacer al mejor presidente que ha dado este pa\u00eds, Andr\u00e9s Manuel L\u00f3pez Obrador.<\/span><\/p>\n<p><span style=\"font-size: 14pt;\">Record\u00f3 los \u00e9xodo por la democracia que encabez\u00f3 el hoy presidente y los 30 a\u00f1os de lucha, hasta conseguir la presidencia en 2018, cuando el pueblo despert\u00f3 y se canso de tanta corrupci\u00f3n en loa gobiernos del pasado.<\/span><\/p>\n<p><span style=\"font-size: 14pt;\">Sheinbaum destac\u00f3 que no porque haya nacido en la Ciudad de M\u00e9xico se va a olvidar de Tabasco, y afirm\u00f3 que se seguir\u00e1 apoyando al sureste mexicano porque habr\u00e1 continuidad.<\/span><\/p>\n<p><span style=\"font-size: 14pt;\">Dijo que el presidente est\u00e1 por culminar su gobierno, pero se continuar\u00e1 con la transformaci\u00f3n y su legado, pues M\u00e9xico ya no regresar\u00e1 a los tiempos de corrupci\u00f3n.\u00a0\u00a0<\/span><\/p>\n<\/div>\n<\/div>\n","protected":false},"excerpt":{"rendered":"<p>Villahermosa, Tab.- Lo \u00fanico que puede afectar nuestro movimiento es la divisi\u00f3n, dijo desde Tabasco, Claudia Sheinbaum, desde donde convoc\u00f3<\/p>\n","protected":false},"author":4,"featured_media":24846,"comment_status":"closed","ping_status":"closed","sticky":false,"template":"","format":"standard","meta":{"colormag_page_container_layout":"default_layout","colormag_page_sidebar_layout":"default_layout","_jetpack_memberships_contains_paid_content":false,"footnotes":"","jetpack_publicize_message":"","jetpack_publicize_feature_enabled":true,"jetpack_social_post_already_shared":false,"jetpack_social_options":{"image_generator_settings":{"template":"highway","default_image_id":0,"font":"","enabled":false},"version":2}},"categories":[30],"tags":[],"class_list":["post-24845","post","type-post","status-publish","format-standard","has-post-thumbnail","hentry","category-estados"],"jetpack_publicize_connections":[],"jetpack_featured_media_url":"https:\/\/i0.wp.com\/politicosaldesnudo.com.mx\/wp-content\/uploads\/2023\/10\/950672_Colima-Claudia-Sheinbaum-2_web-1024x683-1.jpg?fit=1024%2C683&ssl=1","jetpack-related-posts":[],"jetpack_sharing_enabled":true,"_links":{"self":[{"href":"https:\/\/politicosaldesnudo.com.mx\/index.php\/wp-json\/wp\/v2\/posts\/24845","targetHints":{"allow":["GET"]}}],"collection":[{"href":"https:\/\/politicosaldesnudo.com.mx\/index.php\/wp-json\/wp\/v2\/posts"}],"about":[{"href":"https:\/\/politicosaldesnudo.com.mx\/index.php\/wp-json\/wp\/v2\/types\/post"}],"author":[{"embeddable":true,"href":"https:\/\/politicosaldesnudo.com.mx\/index.php\/wp-json\/wp\/v2\/users\/4"}],"replies":[{"embeddable":true,"href":"https:\/\/politicosaldesnudo.com.mx\/index.php\/wp-json\/wp\/v2\/comments?post=24845"}],"version-history":[{"count":0,"href":"https:\/\/politicosaldesnudo.com.mx\/index.php\/wp-json\/wp\/v2\/posts\/24845\/revisions"}],"wp:featuredmedia":[{"embeddable":true,"href":"https:\/\/politicosaldesnudo.com.mx\/index.php\/wp-json\/wp\/v2\/media\/24846"}],"wp:attachment":[{"href":"https:\/\/politicosaldesnudo.com.mx\/index.php\/wp-json\/wp\/v2\/media?parent=24845"}],"wp:term":[{"taxonomy":"category","embeddable":true,"href":"https:\/\/politicosaldesnudo.com.mx\/index.php\/wp-json\/wp\/v2\/categories?post=24845"},{"taxonomy":"post_tag","embeddable":true,"href":"https:\/\/politicosaldesnudo.com.mx\/index.php\/wp-json\/wp\/v2\/tags?post=24845"}],"curies":[{"name":"wp","href":"https:\/\/api.w.org\/{rel}","templated":true}]}}