{"id":24849,"date":"2023-10-16T10:00:48","date_gmt":"2023-10-16T15:00:48","guid":{"rendered":"https:\/\/politicosaldesnudo.com.mx\/?p=24849"},"modified":"2023-10-16T10:00:48","modified_gmt":"2023-10-16T15:00:48","slug":"llegan-a-madrid-aviones-de-la-fam-con-mexicanos-que-huyeron-de-israel","status":"publish","type":"post","link":"https:\/\/politicosaldesnudo.com.mx\/index.php\/2023\/10\/16\/llegan-a-madrid-aviones-de-la-fam-con-mexicanos-que-huyeron-de-israel\/","title":{"rendered":"Llegan a Madrid aviones de la FAM con mexicanos que huyeron de Israel"},"content":{"rendered":"<div id=\"article-content-tts\" class=\"nota-contenido mb-5\">\n<div id=\"content_nitf\">\n<p><span style=\"font-size: 14pt;\">Madrid.- Mientras en la franja de Gaza centenares de miles de palestinos son desplazados de forma forzosa por el inminente ataque del Estado de Israel, y el mundo entero atiende con vilo la explosiva situaci\u00f3n en la regi\u00f3n, dos aviones de la Fuerza A\u00e9rea Mexicana despegaron desde Tel Aviv rumbo a Madrid, donde aterrizaron casi cinco horas despu\u00e9s, para evacuar de la zona en conflicto a 158 ciudadanos mexicanos, de los cuales 80 eran hombres, 69 mujeres y nueve ni\u00f1os. El plan humanitaria previsto por el gobierno de M\u00e9xico, presidido por el Presidente Andr\u00e9s Manuel L\u00f3pez Obrador, prev\u00e9 una segunda fase, que consiste en el retorno hoy mismo de esos dos aviones a Israel para repatriar a nuestro pa\u00eds lo antes posible a alrededor de 280 ciudadanos mexicanos m\u00e1s en situaci\u00f3n de vulnerabilidad.<\/span><\/p>\n<p><img data-recalc-dims=\"1\" loading=\"lazy\" decoding=\"async\" class=\"aligncenter size-full wp-image-24850\" src=\"https:\/\/i0.wp.com\/politicosaldesnudo.com.mx\/wp-content\/uploads\/2023\/10\/mexico-rescata-a-los-primeros-135-mexicanos-de-israel-16969859330.jpg?resize=800%2C450&#038;ssl=1\" alt=\"\" width=\"800\" height=\"450\" srcset=\"https:\/\/i0.wp.com\/politicosaldesnudo.com.mx\/wp-content\/uploads\/2023\/10\/mexico-rescata-a-los-primeros-135-mexicanos-de-israel-16969859330.jpg?w=1024&amp;ssl=1 1024w, https:\/\/i0.wp.com\/politicosaldesnudo.com.mx\/wp-content\/uploads\/2023\/10\/mexico-rescata-a-los-primeros-135-mexicanos-de-israel-16969859330.jpg?resize=300%2C169&amp;ssl=1 300w, https:\/\/i0.wp.com\/politicosaldesnudo.com.mx\/wp-content\/uploads\/2023\/10\/mexico-rescata-a-los-primeros-135-mexicanos-de-israel-16969859330.jpg?resize=768%2C432&amp;ssl=1 768w\" sizes=\"auto, (max-width: 800px) 100vw, 800px\" \/><\/p>\n<p><span style=\"font-size: 14pt;\">Llegaban cansados, con los rostros serios y en ocasiones abatidos por la dureza de la situaci\u00f3n que vivieron en los \u00faltimos d\u00edas; en un pa\u00eds al borde de la guerra y algunos de ellos con amigos o familiares que vivieron en carne propia los enfrentamientos entre militares israel\u00eds y las milicias de Hamas. La mayor\u00eda son ciudadanos mexicanos con la doble nacionalidad israel\u00ed y, por lo tanto, estaban residiendo de forma permanente en ese pa\u00eds, ya sea por motivos de estudios, trabajo o simplemente porque estaban conociendo sus \u201cotras ra\u00edces\u201d. Aunque tambi\u00e9n hab\u00eda algunos turistas que por la conflictividad de la situaci\u00f3n no pudieron llegar a los vuelos que ten\u00edan previsto abordar para regresar al pa\u00eds.<\/span><\/p>\n<p><span style=\"font-size: 14pt;\">En cualquier caso a su llegada a Madrid aplaudieron el plan humanitario ordenado por el Presidente L\u00f3pez Obrador, en el que en tan s\u00f3lo unos d\u00edas permitir\u00e1 la salida de la zona en conflicto de hasta 438 ciudadanos mexicanos. Se calcula que hay alrededor de 600 ciudadanos mexicanos m\u00e1s, tambi\u00e9n con la doble nacionalidad, que optaron por otros v\u00edas de salida: como salir rumbo a Turqu\u00eda por la frontera con Jordania o que encontraron alg\u00fan vuelo con destino M\u00e9xico con escalas en otros pa\u00edses europeos o en Estados Unidos.<\/span><\/p>\n<p><span style=\"font-size: 14pt;\">Para llevar a cabo el operativo, el gobierno mexicano moviliz\u00f3 dos aeronaves de la Fuerza A\u00e9rea Mexicana, con su tripulaci\u00f3n, adem\u00e1s de que en cada avi\u00f3n hab\u00eda un representante de la Secretar\u00eda de Relaciones Exteriores (SRE) y un m\u00e9dico especializado para atender cualquier contratiempo durante el vuelo.<\/span><\/p>\n<p><span style=\"font-size: 14pt;\">A su llegada a Madrid les recibi\u00f3 a pie de avi\u00f3n el embajador de M\u00e9xico en Espa\u00f1a, Quirino Ordaz Coppel, quien explic\u00f3 que la tarea de la canciller\u00eda fue precisamente agilizar su salida de Israel y facilitar lo m\u00e1s posible su llegada y entrada a Espa\u00f1a, donde a partir de ahora volver\u00e1n a M\u00e9xico con sus propios medios. Al menos esos 158 ciudadanos que se encuentran en Madrid, mientras que los 280 que esperan el regreso de los aviones a Tel Aviv viajar\u00e1n directamente a M\u00e9xico por su situaci\u00f3n de especial vulnerabilidad. \u201cSe trata de un esfuerzo conjunto que involucra a las embajadas de M\u00e9xico y a todo el personal que en ellas trabajan, entre ellas la atenci\u00f3n consular y las agregadur\u00edas militares. La log\u00edstica de todo este despliegue implica mucha coordinaci\u00f3n para la obtenci\u00f3n de permisos de vuelo, accesos especiales, contactos y colaboraci\u00f3n con decenas de instituciones locales e internacionales. Todo ello para cumplir con una diplomacia contundente, coherente y cercana a la la gente\u201d, explic\u00f3 el embajador mexicano ante los medios de comunicaci\u00f3n en el vest\u00edbulo del aeropuerto madrile\u00f1o.<\/span><\/p>\n<p><span style=\"font-size: 14pt;\">Abraham es un ciudadano mexicano de 40 a\u00f1os que hab\u00eda viajado a Israel para despedirse de un amigo suyo que hab\u00eda muerto hace unos d\u00edas y que coincidi\u00f3 con el estallido de la escalada en la tensi\u00f3n en la frontera de la franja de Gaza: \u201cYo estaba en un kibutz de norte del pa\u00eds visitando amigos cuando sucedi\u00f3 el ataque de Hamas y se sinti\u00f3 muy feo, est\u00e1bamos muy preocupados y con las noticias las 24 horas para saber qu\u00e9 estaba pasando. Para mi Israel tiene que defenderse despu\u00e9s de tantos ataques terroristas. Yo amo a M\u00e9xico, pero tambi\u00e9n me siento nost\u00e1lgico de lo que est\u00e1 ocurriendo en Israel\u201d, relat\u00f3 a La Jornada.<\/span><\/p>\n<p><span style=\"font-size: 14pt;\">Una pareja de j\u00f3venes mexicanos, Isaac y Esther, junto a su hija de nueve meses, tambi\u00e9n fueron evacuados de Israel y explicaron sus sensaciones: \u201cEst\u00e1bamos en nuestra casa de Jerusalem, donde viv\u00edamos desde hace un a\u00f1o y medio, pero cuando estall\u00f3 la situaci\u00f3n decidimos regresar a M\u00e9xico y cuando la cosa mejore intentar regresar de nuevo. Pero ha sido muy duro y muy dif\u00edcil, por eso tambi\u00e9n estamos muy agradecidos por la asistencia que nos dio el gobierno de M\u00e9xico\u201d.<\/span><\/p>\n<p><span style=\"font-size: 14pt;\">La joven mexicana Estela, de 19 a\u00f1os, es originaria de la Ciudad de M\u00e9xico y se encontraba en Israel residiendo desde hace un a\u00f1o: \u201cEstaba haciendo servicio humanitario y conociendo mis otras ra\u00edces, pero ahora doy gracias de estar aqu\u00ed y de todo el apoyo que hemos recibido del Ej\u00e9rcito mexicano y la embajada. Nos han ayudado much\u00edsimo\u201d. Marcela, de 27 a\u00f1os, tambi\u00e9n es una ciudadana mexicana de origen israel\u00ed: \u201cYo vivo en Tel Aviv, con mi esposo que tambi\u00e9n es israel\u00ed y llevo casi dos a\u00f1os all\u00e1. Cuando empez\u00f3 la guerra, yo estaba dormida y a las siete de la ma\u00f1ana nos levantamos con la primera alarma y nos enteramos dos d\u00edas despu\u00e9s que dos amigos de mi esposo hab\u00edan muerto en el ataque a la fiesta\u201d, relat\u00f3.<\/span><\/p>\n<p><span style=\"font-size: 14pt;\">Finalmente, el general de grupo y piloto aviador, Leobardo Aguilar, que fue el responsable de uno de los vuelos, explic\u00f3 que \u201ces una ruta compleja, en la que nos permite demostrar a los miembros del Ej\u00e9rcito mexicano nuestras capacidades para llevar a cabo este tipo de misiones. Me siento muy orgulloso de representar al Ej\u00e9rcito mexicano en esta operaci\u00f3n de ayuda humanitaria para que nuestros connacionales se sientan orgullosos de sus instituciones y para salvaguardarlos y traerlos de regreso a casa\u201d.<\/span><\/p>\n<\/div>\n<\/div>\n","protected":false},"excerpt":{"rendered":"<p>Madrid.- Mientras en la franja de Gaza centenares de miles de palestinos son desplazados de forma forzosa por el inminente<\/p>\n","protected":false},"author":4,"featured_media":24851,"comment_status":"closed","ping_status":"closed","sticky":false,"template":"","format":"standard","meta":{"colormag_page_container_layout":"default_layout","colormag_page_sidebar_layout":"default_layout","_jetpack_memberships_contains_paid_content":false,"footnotes":"","jetpack_publicize_message":"","jetpack_publicize_feature_enabled":true,"jetpack_social_post_already_shared":false,"jetpack_social_options":{"image_generator_settings":{"template":"highway","default_image_id":0,"font":"","enabled":false},"version":2}},"categories":[28],"tags":[],"class_list":["post-24849","post","type-post","status-publish","format-standard","has-post-thumbnail","hentry","category-internacional"],"jetpack_publicize_connections":[],"jetpack_featured_media_url":"https:\/\/i0.wp.com\/politicosaldesnudo.com.mx\/wp-content\/uploads\/2023\/10\/RX2YCPM4FZDBNL2FFDZSQBFGRM.jpg?fit=1600%2C1200&ssl=1","jetpack-related-posts":[],"jetpack_sharing_enabled":true,"_links":{"self":[{"href":"https:\/\/politicosaldesnudo.com.mx\/index.php\/wp-json\/wp\/v2\/posts\/24849","targetHints":{"allow":["GET"]}}],"collection":[{"href":"https:\/\/politicosaldesnudo.com.mx\/index.php\/wp-json\/wp\/v2\/posts"}],"about":[{"href":"https:\/\/politicosaldesnudo.com.mx\/index.php\/wp-json\/wp\/v2\/types\/post"}],"author":[{"embeddable":true,"href":"https:\/\/politicosaldesnudo.com.mx\/index.php\/wp-json\/wp\/v2\/users\/4"}],"replies":[{"embeddable":true,"href":"https:\/\/politicosaldesnudo.com.mx\/index.php\/wp-json\/wp\/v2\/comments?post=24849"}],"version-history":[{"count":0,"href":"https:\/\/politicosaldesnudo.com.mx\/index.php\/wp-json\/wp\/v2\/posts\/24849\/revisions"}],"wp:featuredmedia":[{"embeddable":true,"href":"https:\/\/politicosaldesnudo.com.mx\/index.php\/wp-json\/wp\/v2\/media\/24851"}],"wp:attachment":[{"href":"https:\/\/politicosaldesnudo.com.mx\/index.php\/wp-json\/wp\/v2\/media?parent=24849"}],"wp:term":[{"taxonomy":"category","embeddable":true,"href":"https:\/\/politicosaldesnudo.com.mx\/index.php\/wp-json\/wp\/v2\/categories?post=24849"},{"taxonomy":"post_tag","embeddable":true,"href":"https:\/\/politicosaldesnudo.com.mx\/index.php\/wp-json\/wp\/v2\/tags?post=24849"}],"curies":[{"name":"wp","href":"https:\/\/api.w.org\/{rel}","templated":true}]}}