{"id":24888,"date":"2023-10-17T09:40:18","date_gmt":"2023-10-17T14:40:18","guid":{"rendered":"https:\/\/politicosaldesnudo.com.mx\/?p=24888"},"modified":"2023-10-17T09:40:18","modified_gmt":"2023-10-17T14:40:18","slug":"paran-labores-ante-recorte-de-presupuesto","status":"publish","type":"post","link":"https:\/\/politicosaldesnudo.com.mx\/index.php\/2023\/10\/17\/paran-labores-ante-recorte-de-presupuesto\/","title":{"rendered":"Paran labores, ante  recorte de presupuesto"},"content":{"rendered":"<ul>\n<li><strong><span style=\"font-size: 14pt;\">M\u00e1s de mil trabajadores del Poder Judicial de la Federaci\u00f3n exigen al gobierno federal respete sus prestaciones<\/span><\/strong><\/li>\n<\/ul>\n<p><span style=\"font-size: 14pt;\">Xalapa.- <\/span><span style=\"font-size: 14pt;\">Por tercera ocasi\u00f3n, los empleados y empleadas del Poder Judicial de Veracruz se manifestaron para exigir al gobierno federal y a la C\u00e1mara de Diputados que en el presupuesto de egresos del a\u00f1o 2024 contemplen recursos p\u00fablicos para el pago de fideicomisos c\u00f3mo son pagos de servicios m\u00e9dicos, medicamentos y adquisici\u00f3n de anteojos entre otros.<\/span><\/p>\n<p><span style=\"font-size: 14pt;\">Aclararon que en los d\u00edas jueves 12, viernes 13 y lunes 16 de octubre se han manifestado, pero en ning\u00fan momento han realizado paro laboral, as\u00ed que sus compa\u00f1eros est\u00e1n al interior de las oficinas con atenci\u00f3n a las y los ciudadanos.<\/span><\/p>\n<p><span style=\"font-size: 14pt;\">En las oficinas del Poder Judicial Federal con direcci\u00f3n en la avenida Manuel \u00c1vila Camacho un grupo de aproximadamente 20 trabajadores, se manifestaron con el apoyo de lonas que ten\u00edan inscritas las leyendas de Sindicato de Trabajadores del Poder Judicial de la Federaci\u00f3n secci\u00f3n 51 Xalapa.<\/span><\/p>\n<p><img data-recalc-dims=\"1\" loading=\"lazy\" decoding=\"async\" class=\"aligncenter size-large wp-image-24890\" src=\"https:\/\/i0.wp.com\/politicosaldesnudo.com.mx\/wp-content\/uploads\/2023\/10\/10a1-1-1024x768.jpg?resize=800%2C600&#038;ssl=1\" alt=\"\" width=\"800\" height=\"600\" srcset=\"https:\/\/i0.wp.com\/politicosaldesnudo.com.mx\/wp-content\/uploads\/2023\/10\/10a1-1.jpg?resize=1024%2C768&amp;ssl=1 1024w, https:\/\/i0.wp.com\/politicosaldesnudo.com.mx\/wp-content\/uploads\/2023\/10\/10a1-1.jpg?resize=300%2C225&amp;ssl=1 300w, https:\/\/i0.wp.com\/politicosaldesnudo.com.mx\/wp-content\/uploads\/2023\/10\/10a1-1.jpg?resize=768%2C576&amp;ssl=1 768w, https:\/\/i0.wp.com\/politicosaldesnudo.com.mx\/wp-content\/uploads\/2023\/10\/10a1-1.jpg?resize=1536%2C1152&amp;ssl=1 1536w, https:\/\/i0.wp.com\/politicosaldesnudo.com.mx\/wp-content\/uploads\/2023\/10\/10a1-1.jpg?w=1600&amp;ssl=1 1600w\" sizes=\"auto, (max-width: 800px) 100vw, 800px\" \/><\/p>\n<p><span style=\"font-size: 14pt;\">Los manifestantes pegaron cartulinas color amarillas con letras en rojo que se\u00f1alan \u201cNo son privilegios, son nuestros derechos\u201d, \u201cExigimos cese a la intromisi\u00f3n al PJF porque afecta la impartici\u00f3n de justicia\u201d, \u201cRespeto a la divisi\u00f3n de poderes independencia judicial\u201d, \u201cEl Poder Judicial Federal si sirve al pueblo\u201d.<\/span><\/p>\n<p><span style=\"font-size: 14pt;\">El secretario del Juzgado D\u00e9cimo S\u00e9ptimo del PJF con sede en Xalapa, Juan Pablo Su\u00e1rez explic\u00f3 detallaron que al eliminar el pago de fideicomisos el gobierno federal, sus familias se quedar\u00e1n sin acceso al servicio de m\u00e9dicos especialistas de manera particular y medicamentos.<\/span><\/p>\n<p><span style=\"font-size: 14pt;\">Mencionaron que sus familias no acuden a los servicios otorgados por instituciones c\u00f3mo el IMSS o ISSSTE debido a que \u201cno son las adecuadas c\u00f3mo todo mexicano lo sabe. No defendemos cosas ex\u00f3ticas o pagos exorbitantes, tenemos salarios normales, este Poder Judicial no es corrupto, cualquiera puede venir aqu\u00ed, aqu\u00ed no se piden mordidas\u201d.<\/span><\/p>\n<p><span style=\"font-size: 14pt;\">Agreg\u00f3 que las prestaciones laborales hoy defendidas son las mismas que tienen los profesores y otros empleados de gobiernos del estado y la federaci\u00f3n.<\/span><\/p>\n<p><span style=\"font-size: 14pt;\">\u201cNuestra lucha es para defender prestaciones que por ley tenemos adquiridas, no estamos defendiendo privilegios, no estamos defendiendo algo que no nos corresponde por ley, estamos hablando que defendemos prestaciones de ley que cualquier empleado de dependencias o maestros tienen\u201d, finaliz\u00f3.<\/span><\/p>\n","protected":false},"excerpt":{"rendered":"<p>M\u00e1s de mil trabajadores del Poder Judicial de la Federaci\u00f3n exigen al gobierno federal respete sus prestaciones Xalapa.- Por tercera<\/p>\n","protected":false},"author":4,"featured_media":24889,"comment_status":"closed","ping_status":"closed","sticky":false,"template":"","format":"standard","meta":{"colormag_page_container_layout":"default_layout","colormag_page_sidebar_layout":"default_layout","_jetpack_memberships_contains_paid_content":false,"footnotes":"","jetpack_publicize_message":"","jetpack_publicize_feature_enabled":true,"jetpack_social_post_already_shared":false,"jetpack_social_options":{"image_generator_settings":{"template":"highway","default_image_id":0,"font":"","enabled":false},"version":2}},"categories":[30],"tags":[],"class_list":["post-24888","post","type-post","status-publish","format-standard","has-post-thumbnail","hentry","category-estados"],"jetpack_publicize_connections":[],"jetpack_featured_media_url":"https:\/\/i0.wp.com\/politicosaldesnudo.com.mx\/wp-content\/uploads\/2023\/10\/10a-2.jpg?fit=1600%2C1200&ssl=1","jetpack-related-posts":[],"jetpack_sharing_enabled":true,"_links":{"self":[{"href":"https:\/\/politicosaldesnudo.com.mx\/index.php\/wp-json\/wp\/v2\/posts\/24888","targetHints":{"allow":["GET"]}}],"collection":[{"href":"https:\/\/politicosaldesnudo.com.mx\/index.php\/wp-json\/wp\/v2\/posts"}],"about":[{"href":"https:\/\/politicosaldesnudo.com.mx\/index.php\/wp-json\/wp\/v2\/types\/post"}],"author":[{"embeddable":true,"href":"https:\/\/politicosaldesnudo.com.mx\/index.php\/wp-json\/wp\/v2\/users\/4"}],"replies":[{"embeddable":true,"href":"https:\/\/politicosaldesnudo.com.mx\/index.php\/wp-json\/wp\/v2\/comments?post=24888"}],"version-history":[{"count":0,"href":"https:\/\/politicosaldesnudo.com.mx\/index.php\/wp-json\/wp\/v2\/posts\/24888\/revisions"}],"wp:featuredmedia":[{"embeddable":true,"href":"https:\/\/politicosaldesnudo.com.mx\/index.php\/wp-json\/wp\/v2\/media\/24889"}],"wp:attachment":[{"href":"https:\/\/politicosaldesnudo.com.mx\/index.php\/wp-json\/wp\/v2\/media?parent=24888"}],"wp:term":[{"taxonomy":"category","embeddable":true,"href":"https:\/\/politicosaldesnudo.com.mx\/index.php\/wp-json\/wp\/v2\/categories?post=24888"},{"taxonomy":"post_tag","embeddable":true,"href":"https:\/\/politicosaldesnudo.com.mx\/index.php\/wp-json\/wp\/v2\/tags?post=24888"}],"curies":[{"name":"wp","href":"https:\/\/api.w.org\/{rel}","templated":true}]}}