{"id":24908,"date":"2023-10-17T12:20:15","date_gmt":"2023-10-17T17:20:15","guid":{"rendered":"https:\/\/politicosaldesnudo.com.mx\/?p=24908"},"modified":"2023-10-17T12:20:36","modified_gmt":"2023-10-17T17:20:36","slug":"los-frentes-del-pri-en-veracruz","status":"publish","type":"post","link":"https:\/\/politicosaldesnudo.com.mx\/index.php\/2023\/10\/17\/los-frentes-del-pri-en-veracruz\/","title":{"rendered":"Los frentes del PRI en Veracruz"},"content":{"rendered":"<p><strong><span style=\"font-size: 14pt;\">Por: Luis Ram\u00edrez Baqueiro<\/span><\/strong><\/p>\n<p><span style=\"font-size: 12pt;\"><em>\u201cEl valor encara al miedo y as\u00ed lo domina.\u201d \u2013 Martin Luther King.<\/em><\/span><\/p>\n<p><span style=\"font-size: 14pt;\">El otrora poderoso Partido Revolucionario Institucional (PRI) en Veracruz pareciera vivir los estertores de una muerte muchas veces anunciada, nunca hasta hoy, consumada.<\/span><\/p>\n<p><span style=\"font-size: 14pt;\">En la pol\u00edtica a diferencia de la vida, a nadie hay que dar por muerto y el PRI pareciera ser de esos Institutos Pol\u00edticos que pueden aguantar eso y mil vendavales, aunque ciertamente, \u201clo que un d\u00eda fue, no ser\u00e1\u201d, como dijera el cl\u00e1sico de Jos\u00e9 R\u00f3mulo Sosa, el famoso Jos\u00e9 Jos\u00e9.<\/span><\/p>\n<p><span style=\"font-size: 14pt;\">Y es que los tiempos de sucesi\u00f3n para el 2024 vuelven a soplar en el edificio de la Av. Ruiz Cortines y Moreno Cora de la ciudad capital, la inminente salida de su actual dirigencia en manos del diputado local, Marl\u00f3n Ram\u00edrez Mar\u00edn es inevitable.<\/span><\/p>\n<p><span style=\"font-size: 14pt;\">Los aparentes despojos del que fuera el m\u00e1s poderoso de los partidos pol\u00edticos de Am\u00e9rica Latina, alcanzar\u00e1n para al menos, afirman los que conocen la entra\u00f1a priista para salvar el proceso electoral en puerta.<\/span><\/p>\n<p><span style=\"font-size: 14pt;\">Por lo pronto, la disputa por ganar la dirigencia estatal se perfila entre al menos tres bandos, uno abiertamente identificado con Jos\u00e9 Francisco Yunes Zorrilla \u2013el \u00faltimo mohicano que defiende el territorio perote\u00f1o a sangre y fuego- sabedor del tremendo desgaste que la marca significa.<\/span><\/p>\n<p><span style=\"font-size: 14pt;\">As\u00ed de la mano de Rodolfo Ram\u00edrez Arana se perfilan como los punteros de una presunta negociaci\u00f3n que encabez\u00f3 Alejandro Moreno Rojas el famoso \u201cAlito\u201d y el legislador federal por mantener el control de la prerrogativa llev\u00e1ndole de la mano en la f\u00f3rmula a la diputada federal, Lorena Pi\u00f1\u00f3n Rivera en la secretar\u00eda General.<\/span><\/p>\n<p><span style=\"font-size: 14pt;\">Del otro lado, se apuntan los hermanos V\u00e1zquez Parissi, Cirilo y Ponciano \u2013otrora poderosos caciques pol\u00edticos del sur veracruzano- herederos del gen del acaecido Cirilo V\u00e1zquez Lagunes, personaje que hiciera historia en la d\u00e9cada de los 80\u2019s y 90\u2019s del siglo pasado, al punto que inspirar\u00e1 la realizaci\u00f3n de la Pel\u00edcula \u201cMorir en el Golfo\u201d de la autor\u00eda literaria de H\u00e9ctor Aguilar Cam\u00edn.<\/span><\/p>\n<p><span style=\"font-size: 14pt;\">Y un tercer frente, encabezado por Fernando Kuri Kuri, quien ha comenzado a levantar revuelo entre la militancia priista, sumando adhesiones de alcaldes, l\u00edderes y diputados locales de su partido para alcanzar la dirigencia estatal del partido.<\/span><\/p>\n<p><span style=\"font-size: 14pt;\">Mucho seguramente habr\u00e1 de escribirse de cara a la consumaci\u00f3n del cambio de dirigencia, pues, aunque pareciera poco, el PRI contin\u00faa vivo, muy a pesar de lo que las encuestas se\u00f1alan, respecto a la percepci\u00f3n negativa de la sociedad, misma que los ha llegado a cuantificar en un 60% de rechazo o negativos.<\/span><\/p>\n<p><span style=\"font-size: 14pt;\">En realidad la escuela de formaci\u00f3n pol\u00edtica de los priistas es la m\u00e1s s\u00f3lida en el pa\u00eds, junto a la del Partido Acci\u00f3n Nacional (PAN), ahora presuntamente aliados de cara al proceso electoral del 2024.<\/span><\/p>\n<p><span style=\"font-size: 14pt;\">Y es que si observamos el comportamiento y desempe\u00f1o de los actuales legisladores de quien controla la mayor\u00eda parlamentaria en el pa\u00eds, nos cuestionamos realmente si eso es lo que los ciudadanos mexicanos nos merecemos, un crisol de personajes emanados literalmente del barrio, de la calle, sin preparaci\u00f3n acad\u00e9mica, sin conocimiento elemental del proceso legislativo, sin capacidad discursiva, sin sostener un debate que no sea a base de las ideas y no de mentadas de madre.<\/span><\/p>\n<p><span style=\"font-size: 14pt;\">Porque la pobr\u00edsima calidad de las iniciativas de reforma aprobadas a lo largo de los \u00faltimos 5 a\u00f1os es deplorable, sin calidad, altamente destructivas, pseudo inclusivas pero m\u00e1s bien promotoras de una corriente del pensamiento que destruye la m\u00e1s elemental de las estructuras, la familia.<\/span><\/p>\n<p><span style=\"font-size: 14pt;\">As\u00ed que a pesar de que la sociedad odie aparentemente hasta la entra\u00f1a al otrora poderoso PRI, si debi\u00e9ramos al menos admitir que a lo largo de los casi 80 a\u00f1os en el poder, fueron los constructores del M\u00e9xico de nuestros abuelos, padres y de al menos nuestra generaci\u00f3n, esa que pod\u00eda salir a la calle y con tranquilidad esperar a regresar a casa, hoy eso no sucede.<\/span><\/p>\n<p><span style=\"font-size: 14pt;\">\u00bfO usted qu\u00e9 opina?<\/span><\/p>\n<p><span style=\"font-size: 14pt;\">\u00a0<\/span><span style=\"font-size: 14pt;\">Al tiempo.<\/span><\/p>\n<p><img data-recalc-dims=\"1\" loading=\"lazy\" decoding=\"async\" class=\"aligncenter size-full wp-image-24821\" src=\"https:\/\/i0.wp.com\/politicosaldesnudo.com.mx\/wp-content\/uploads\/2023\/10\/FIRMA-EDITORIAL-PD-1.jpg?resize=800%2C98&#038;ssl=1\" alt=\"\" width=\"800\" height=\"98\" srcset=\"https:\/\/i0.wp.com\/politicosaldesnudo.com.mx\/wp-content\/uploads\/2023\/10\/FIRMA-EDITORIAL-PD-1.jpg?w=1024&amp;ssl=1 1024w, https:\/\/i0.wp.com\/politicosaldesnudo.com.mx\/wp-content\/uploads\/2023\/10\/FIRMA-EDITORIAL-PD-1.jpg?resize=300%2C37&amp;ssl=1 300w, https:\/\/i0.wp.com\/politicosaldesnudo.com.mx\/wp-content\/uploads\/2023\/10\/FIRMA-EDITORIAL-PD-1.jpg?resize=768%2C94&amp;ssl=1 768w\" sizes=\"auto, (max-width: 800px) 100vw, 800px\" \/><\/p>\n","protected":false},"excerpt":{"rendered":"<p>Por: Luis Ram\u00edrez Baqueiro \u201cEl valor encara al miedo y as\u00ed lo domina.\u201d \u2013 Martin Luther King. El otrora poderoso<\/p>\n","protected":false},"author":4,"featured_media":4390,"comment_status":"closed","ping_status":"closed","sticky":false,"template":"","format":"standard","meta":{"colormag_page_container_layout":"default_layout","colormag_page_sidebar_layout":"default_layout","_jetpack_memberships_contains_paid_content":false,"footnotes":"","jetpack_publicize_message":"","jetpack_publicize_feature_enabled":true,"jetpack_social_post_already_shared":false,"jetpack_social_options":{"image_generator_settings":{"template":"highway","default_image_id":0,"font":"","enabled":false},"version":2}},"categories":[26],"tags":[],"class_list":["post-24908","post","type-post","status-publish","format-standard","has-post-thumbnail","hentry","category-columnistas"],"jetpack_publicize_connections":[],"jetpack_featured_media_url":"https:\/\/i0.wp.com\/politicosaldesnudo.com.mx\/wp-content\/uploads\/2022\/04\/LUIS-RAMI%CC%81REZ-BAQUEIRO.png?fit=1816%2C1016&ssl=1","jetpack-related-posts":[],"jetpack_sharing_enabled":true,"_links":{"self":[{"href":"https:\/\/politicosaldesnudo.com.mx\/index.php\/wp-json\/wp\/v2\/posts\/24908","targetHints":{"allow":["GET"]}}],"collection":[{"href":"https:\/\/politicosaldesnudo.com.mx\/index.php\/wp-json\/wp\/v2\/posts"}],"about":[{"href":"https:\/\/politicosaldesnudo.com.mx\/index.php\/wp-json\/wp\/v2\/types\/post"}],"author":[{"embeddable":true,"href":"https:\/\/politicosaldesnudo.com.mx\/index.php\/wp-json\/wp\/v2\/users\/4"}],"replies":[{"embeddable":true,"href":"https:\/\/politicosaldesnudo.com.mx\/index.php\/wp-json\/wp\/v2\/comments?post=24908"}],"version-history":[{"count":0,"href":"https:\/\/politicosaldesnudo.com.mx\/index.php\/wp-json\/wp\/v2\/posts\/24908\/revisions"}],"wp:featuredmedia":[{"embeddable":true,"href":"https:\/\/politicosaldesnudo.com.mx\/index.php\/wp-json\/wp\/v2\/media\/4390"}],"wp:attachment":[{"href":"https:\/\/politicosaldesnudo.com.mx\/index.php\/wp-json\/wp\/v2\/media?parent=24908"}],"wp:term":[{"taxonomy":"category","embeddable":true,"href":"https:\/\/politicosaldesnudo.com.mx\/index.php\/wp-json\/wp\/v2\/categories?post=24908"},{"taxonomy":"post_tag","embeddable":true,"href":"https:\/\/politicosaldesnudo.com.mx\/index.php\/wp-json\/wp\/v2\/tags?post=24908"}],"curies":[{"name":"wp","href":"https:\/\/api.w.org\/{rel}","templated":true}]}}