{"id":24922,"date":"2023-10-17T17:15:25","date_gmt":"2023-10-17T22:15:25","guid":{"rendered":"https:\/\/politicosaldesnudo.com.mx\/?p=24922"},"modified":"2023-10-17T17:15:25","modified_gmt":"2023-10-17T22:15:25","slug":"transportistas-bloquean-puerto-de-lazaro-cardenas-michoacan","status":"publish","type":"post","link":"https:\/\/politicosaldesnudo.com.mx\/index.php\/2023\/10\/17\/transportistas-bloquean-puerto-de-lazaro-cardenas-michoacan\/","title":{"rendered":"Transportistas bloquean puerto de L\u00e1zaro C\u00e1rdenas, Michoac\u00e1n"},"content":{"rendered":"<p><span style=\"font-size: 14pt;\">El puerto L\u00e1zaro C\u00e1rdenas, que arrastra desde agosto un problema de retrasos de hasta 12 horas para la entrada y salida de contenedores con mercanc\u00edas e insumos, ahora se enfrenta a bloqueos por parte de un grupo de transportistas denominado Operadores Unidos.<\/span><\/p>\n<p><span style=\"font-size: 14pt;\">La administraci\u00f3n del puerto ubicado en Michoac\u00e1n indic\u00f3 que ha puesto en pr\u00e1ctica medidas adicionales para agilizar la log\u00edstica en carga contenerizada, debido a los bloqueos por parte de los transportistas.<\/span><\/p>\n<p><span style=\"font-size: 14pt;\">\u201cLa afectaci\u00f3n es \u00fanicamente en el acceso de camiones de carga en la Torre 8, por lo que las operaciones al interior de nuestro puerto contin\u00faan funcionando con normalidad sin interrupciones\u201d, se\u00f1al\u00f3.<\/span><\/p>\n<p><span style=\"font-size: 14pt;\">Lo anterior se suma a los retrasos que observan desde agosto en ese puerto, lo cual es consecuencia del poco personal que hay, horarios insuficientes y tambi\u00e9n las revisiones m\u00e1s minuciosas que se hacen para evitar el contrabando de fentanilo (<a href=\"https:\/\/cutt.ly\/kwmBQfxP\">https:\/\/cutt.ly\/kwmBQfxP<\/a>).<\/span><\/p>\n<p><img data-recalc-dims=\"1\" loading=\"lazy\" decoding=\"async\" class=\"aligncenter size-large wp-image-24923\" src=\"https:\/\/i0.wp.com\/politicosaldesnudo.com.mx\/wp-content\/uploads\/2023\/10\/puerto-de-lazaro-cardenas-face-1024x661.png?resize=800%2C516&#038;ssl=1\" alt=\"\" width=\"800\" height=\"516\" srcset=\"https:\/\/i0.wp.com\/politicosaldesnudo.com.mx\/wp-content\/uploads\/2023\/10\/puerto-de-lazaro-cardenas-face.png?resize=1024%2C661&amp;ssl=1 1024w, https:\/\/i0.wp.com\/politicosaldesnudo.com.mx\/wp-content\/uploads\/2023\/10\/puerto-de-lazaro-cardenas-face.png?resize=300%2C194&amp;ssl=1 300w, https:\/\/i0.wp.com\/politicosaldesnudo.com.mx\/wp-content\/uploads\/2023\/10\/puerto-de-lazaro-cardenas-face.png?resize=768%2C496&amp;ssl=1 768w, https:\/\/i0.wp.com\/politicosaldesnudo.com.mx\/wp-content\/uploads\/2023\/10\/puerto-de-lazaro-cardenas-face.png?w=1161&amp;ssl=1 1161w\" sizes=\"auto, (max-width: 800px) 100vw, 800px\" \/><\/p>\n<p><span style=\"font-size: 14pt;\">La autoridad en el puerto dijo entender el derecho de manifestaci\u00f3n por parte de agentes aduanales, agentes navieros, aduana, terminales, administraci\u00f3n, autoridades y prestadores de servicio, pero dijo no aprobar acciones que bloqueen y afecten directamente su fuente de trabajo y el flujo regular de las operaciones.<\/span><\/p>\n<p><span style=\"font-size: 14pt;\">\u201cLamentamos profundamente los inconvenientes que esto pueda estar causando y agradecemos su comprensi\u00f3n mientras trabajamos arduamente para solucionar este problema\u201d, dijo.<\/span><\/p>\n<p><span style=\"font-size: 14pt;\">La administraci\u00f3n indic\u00f3 que el lunes se reunieron con la Asociaci\u00f3n de Transportistas de Carga Federal de L\u00e1zaro C\u00e1rdenas (ATLAC), la empresa Hutchison Ports LCT (HPH), que opera la Terminal de contenedores I, la aduana, la Confederaci\u00f3n Regional Obrero Campesina (CROC), \u00e1rea de transportistas, la Confederaci\u00f3n Latinoamericana de Agentes Aduanales (CLAA), la Asociaci\u00f3n de Agentes Aduanales de L\u00e1zaro C\u00e1rdenas (AAALAC), la Asociaci\u00f3n Mexicana de Agentes Navieros (AMANAC), as\u00ed como la a Administraci\u00f3n del Sistema Portuario Nacional (ASIPONA) para encontrar una soluci\u00f3n r\u00e1pida.<\/span><\/p>\n<p><span style=\"font-size: 14pt;\">No obstante, el grupo Operadores Unidos no se present\u00f3, a pesar de que tambi\u00e9n fueron convocados.<\/span><\/p>\n<p><span style=\"font-size: 14pt;\">Como resultado de la reuni\u00f3n, se acord\u00f3 agilizar la log\u00edstica en el segmento de carga contenerizada, basada en la distribuci\u00f3n de bloques para la mejora en el flujo del autotransporte.<\/span><\/p>\n<p><span style=\"font-size: 14pt;\">Los participantes en la reuni\u00f3n acordaron, entre otras cosas, un mayor orden para realizar las operaciones por parte de los transportistas, que incluye el trabajo nocturno que realizan las navieras en el puerto.<\/span><\/p>\n<p><span style=\"font-size: 14pt;\">La Aduana de L\u00e1zaro C\u00e1rdenas se comprometi\u00f3 a revisar la notificaci\u00f3n de los tiempos extraordinarios m\u00e1s anticipados a las terminales, a revisar las mercanc\u00edas con restricci\u00f3n de horarios para algunas mercanc\u00edas como textiles y revisar el tema de la salida de vac\u00edos \u00fanicamente para carga contenerizada sin contenedor.<\/span><\/p>\n<p><span style=\"font-size: 14pt;\">En d\u00edas recientes, la ASIPONA de este puerto emiti\u00f3 un comunicado para expresar que buscaba una mayor comunicaci\u00f3n con las empresas que operan y resolver las problem\u00e1ticas existentes.<\/span><\/p>\n","protected":false},"excerpt":{"rendered":"<p>El puerto L\u00e1zaro C\u00e1rdenas, que arrastra desde agosto un problema de retrasos de hasta 12 horas para la entrada y<\/p>\n","protected":false},"author":4,"featured_media":24924,"comment_status":"closed","ping_status":"closed","sticky":false,"template":"","format":"standard","meta":{"colormag_page_container_layout":"default_layout","colormag_page_sidebar_layout":"default_layout","_jetpack_memberships_contains_paid_content":false,"footnotes":"","jetpack_publicize_message":"","jetpack_publicize_feature_enabled":true,"jetpack_social_post_already_shared":false,"jetpack_social_options":{"image_generator_settings":{"template":"highway","default_image_id":0,"font":"","enabled":false},"version":2}},"categories":[30],"tags":[],"class_list":["post-24922","post","type-post","status-publish","format-standard","has-post-thumbnail","hentry","category-estados"],"jetpack_publicize_connections":[],"jetpack_featured_media_url":"https:\/\/i0.wp.com\/politicosaldesnudo.com.mx\/wp-content\/uploads\/2023\/10\/puerto-de-lazaro-cardenas-manifestacion.jpg?fit=1161%2C750&ssl=1","jetpack-related-posts":[],"jetpack_sharing_enabled":true,"_links":{"self":[{"href":"https:\/\/politicosaldesnudo.com.mx\/index.php\/wp-json\/wp\/v2\/posts\/24922","targetHints":{"allow":["GET"]}}],"collection":[{"href":"https:\/\/politicosaldesnudo.com.mx\/index.php\/wp-json\/wp\/v2\/posts"}],"about":[{"href":"https:\/\/politicosaldesnudo.com.mx\/index.php\/wp-json\/wp\/v2\/types\/post"}],"author":[{"embeddable":true,"href":"https:\/\/politicosaldesnudo.com.mx\/index.php\/wp-json\/wp\/v2\/users\/4"}],"replies":[{"embeddable":true,"href":"https:\/\/politicosaldesnudo.com.mx\/index.php\/wp-json\/wp\/v2\/comments?post=24922"}],"version-history":[{"count":0,"href":"https:\/\/politicosaldesnudo.com.mx\/index.php\/wp-json\/wp\/v2\/posts\/24922\/revisions"}],"wp:featuredmedia":[{"embeddable":true,"href":"https:\/\/politicosaldesnudo.com.mx\/index.php\/wp-json\/wp\/v2\/media\/24924"}],"wp:attachment":[{"href":"https:\/\/politicosaldesnudo.com.mx\/index.php\/wp-json\/wp\/v2\/media?parent=24922"}],"wp:term":[{"taxonomy":"category","embeddable":true,"href":"https:\/\/politicosaldesnudo.com.mx\/index.php\/wp-json\/wp\/v2\/categories?post=24922"},{"taxonomy":"post_tag","embeddable":true,"href":"https:\/\/politicosaldesnudo.com.mx\/index.php\/wp-json\/wp\/v2\/tags?post=24922"}],"curies":[{"name":"wp","href":"https:\/\/api.w.org\/{rel}","templated":true}]}}