{"id":24948,"date":"2023-10-18T10:15:34","date_gmt":"2023-10-18T15:15:34","guid":{"rendered":"https:\/\/politicosaldesnudo.com.mx\/?p=24948"},"modified":"2023-10-18T10:15:34","modified_gmt":"2023-10-18T15:15:34","slug":"vamos-bien-vamos-bien","status":"publish","type":"post","link":"https:\/\/politicosaldesnudo.com.mx\/index.php\/2023\/10\/18\/vamos-bien-vamos-bien\/","title":{"rendered":"Vamos bien, vamos bien"},"content":{"rendered":"<p><span style=\"font-size: 14pt;\"><strong>Por Mois\u00e9s S\u00e1nchez Lim\u00f3n<\/strong><\/span><\/p>\n<p><span style=\"font-size: 14pt;\">\u00bfLe suena el nombre del doctor Francisco Gardu\u00f1o Y\u00e1\u00f1ez?<\/span><\/p>\n<p><span style=\"font-size: 14pt;\">\u00bfRecuerda la tragedia ocurrida la noche del lunes 27 de marzo de este a\u00f1o 2023 en la estaci\u00f3n migratoria de Ciudad Ju\u00e1rez, Chihuahua? Por asfixia, unos, y calcinados, otros, murieron 40 migrantes sudamericanos.<\/span><\/p>\n<p><span style=\"font-size: 14pt;\">\u00bfD\u00f3nde anda el sacerdote Alejandro Solalinde, quien el martes 4 de abril, tambi\u00e9n de este a\u00f1o 2023, inform\u00f3 que el licenciado presidente planeaba cambiar hasta el modo de andar del Instituto Nacional de Migraci\u00f3n?<\/span><\/p>\n<p><span style=\"font-size: 14pt;\">Y qu\u00e9 decir de aquella declaraci\u00f3n del carism\u00e1tico Donald Trump respecto de que, en 2019, dobl\u00f3 al gobierno del licenciado Duce para que desplegara a 25 mil elementos de la Guardia Nacional para contener a la ola migratoria que amenazaba con inundar a Estados Unidos.<\/span><\/p>\n<p><span style=\"font-size: 14pt;\">\u00a1Rec\u00e1spita!<\/span><\/p>\n<p><span style=\"font-size: 14pt;\">El \u00ednclito Paco Ignacio Taibo II, director del Fondo de Cultura Econ\u00f3mica podr\u00eda cobra derechos de autor al hoy ex presidente de Estados Unidos.<\/span><\/p>\n<p><span style=\"font-size: 14pt;\">En fin; mire usted.<\/span><\/p>\n<p><span style=\"font-size: 14pt;\">En el ocaso de su casi sexenio, al licenciado presidente la desmemoria le ha llevado a dar por hecho de que en M\u00e9xico todo est\u00e1 de rechupete, a punto de turr\u00f3n.<\/span><\/p>\n<p><span style=\"font-size: 14pt;\">Bueno, bueno, bueno\u2026<\/span><\/p>\n<p><span style=\"font-size: 14pt;\">Si usted forma parte de quienes, respetable su militancia y preferencia, defienden casos indefendibles, \u00e9sos que en tiempos de los conservadores y neoliberales ya estar\u00edan en prisi\u00f3n, seguro tiene respuesta a interrogantes relacionadas con la pr\u00edstina honestidad valiente del gobierno de la 4T.<\/span><\/p>\n<p><span style=\"font-size: 14pt;\">\u00bfSabe qu\u00e9 ha pasado con los responsables del saqueo en el llamado Instituto para Devolver al Pueblo lo Robado y de la empresa Seguridad Alimentaria Mexicana (Segalmex) dependiente de la Secretar\u00eda de Agricultura?<\/span><\/p>\n<p><span style=\"font-size: 14pt;\">\u00bfPor qu\u00e9 se ha cubierto con el manto de la impunidad al doctor Francisco Gardu\u00f1o Y\u00e1\u00f1ez manteni\u00e9ndolo, incluso, en el cargo de Comisionado del Instituto Nacional de Migraci\u00f3n?<\/span><\/p>\n<p><span style=\"font-size: 14pt;\"><em>\u00bfSabe usted que el pr\u00f3ximo domingo 22 de octubre habr\u00e1 c\u00f3nclave de presidentes y cancilleres de 11 pa\u00edses latinoamericanos en Palenque, Chiapas?<\/em><\/span><\/p>\n<p><span style=\"font-size: 14pt;\"><em>El c\u00f3nclave pretende atender al fen\u00f3meno migratorio que creci\u00f3 exponencialmente y, hoy, tiene en crisis a gobiernos estatales y municipales de estados fronterizos, e incluso ha derivado en el cobro de facturas pol\u00edticas, como el caso de Chihuahua, a cuya gobernadora Maru Campos le han dejado el paquete completo de los migrantes en Ciudad Ju\u00e1rez.<\/em><\/span><\/p>\n<p><span style=\"font-size: 14pt;\"><em>Digamos que pol\u00edticamente es correcto que un presidente se preocupe por este tema que, en tiempos de la globalidad y los contrastes demogr\u00e1ficos, cobra vital importancia para las econom\u00edas locales.<\/em><\/span><\/p>\n<p><span style=\"font-size: 14pt;\"><em>Aunque igual evidencia incapacidad de la administraci\u00f3n p\u00fablica para orientar mecanismos no solo de contenci\u00f3n, sobre todo de previsi\u00f3n dom\u00e9stica en esos pa\u00edses que se han convertido en expulsores de mano de obra barata, consecuencia de p\u00e9simos gobiernos y democracias que devinieron en dictaduras.<\/em><\/span><\/p>\n<p><span style=\"font-size: 14pt;\"><em>Ah\u00ed tiene usted a Venezuela, Cuba y Nicaragua. <\/em><\/span><\/p>\n<p><span style=\"font-size: 14pt;\"><em>Por favor no se santig\u00fce y que las buenas conciencias no se hagan que la virgen les habla. <\/em><\/span><\/p>\n<p><span style=\"font-size: 14pt;\"><em>A la distancia de la doblada y cuando el fen\u00f3meno migratorio tiene metido en severo problema pol\u00edtico, social y econ\u00f3mico al gobierno mexicano, el licenciado presidente tuvo la idea de convocar a ese c\u00f3nclave.<\/em><\/span><\/p>\n<p><span style=\"font-size: 14pt;\">\u201cVamos a llevar a cabo el d\u00eda 22 de este mes, una reuni\u00f3n de presidentes y cancilleres de pa\u00edses vecinos, que estamos enfrentando el fen\u00f3meno migratorio, nos vamos a reunir, los estoy invitando para reunirnos en Palenque, Chiapas\u201d, dijo en la ma\u00f1anera del pasado lunes 9 de este mes de octubre.<\/span><\/p>\n<p><span style=\"font-size: 14pt;\">Y refiri\u00f3 que est\u00e1n invitados la presidenta de Honduras, Xiomara Castro; los presidentes de Ecuador, Guillermo Lasso; de Colombia, Gustavo Petro; de El Salvador, Nayib Bukele; de Guatemala, Alejandro Giammattei; de Venezuela, Nicol\u00e1s Maduro; de Hait\u00ed, Ariel Henry; de Cuba, Miguel D\u00edaz-Canel; de Costa Rica, Rodrigo Chaves y de Panam\u00e1, Laurentino Cortizo, y el primer ministro de Belice, Johnny Brice\u00f1o.<\/span><\/p>\n<p><span style=\"font-size: 14pt;\">Don Andr\u00e9s Manuel coment\u00f3 que se trata de llegar a \u201cun acuerdo de buena vecindad contra la pobreza, vecindad por el bienestar de nuestros pueblos, para buscar que, con la ayuda mutua, podamos atender el problema de la migraci\u00f3n. Nos duele mucho lo que est\u00e1 sucediendo con los migrantes\u201d.<\/span><\/p>\n<p><span style=\"font-size: 14pt;\">En serio, no se r\u00eda.<\/span><\/p>\n<p><span style=\"font-size: 14pt;\">Conste que incluso, anunci\u00f3, presentar\u00e1 una propuesta integral de atenci\u00f3n a las causas de la migraci\u00f3n en los pa\u00edses de origen a partir de la creaci\u00f3n de oportunidades de trabajo y estudio. El tr\u00e1fico ilegal de personas ser\u00e1 otro tema a abordar.<\/span><\/p>\n<p><span style=\"font-size: 14pt;\">\u00bfY?<\/span><\/p>\n<p><span style=\"font-size: 14pt;\">En la ma\u00f1anera de ayer lunes, el colega Jos\u00e9 Antonio Morales, reportero de Grupo ACIR, pidi\u00f3 al licenciado L\u00f3pez Obrador conocer su agenda de la referida cumbre.<\/span><\/p>\n<p><span style=\"font-size: 14pt;\">&#8211;Bueno \u2013respondi\u00f3 el licenciado presidente&#8211; desde que llegamos estamos atendiendo el fen\u00f3meno migratorio y vamos bien (\u2026).<\/span><\/p>\n<p><span style=\"font-size: 14pt;\">\u00bfQu\u00e9 le parece? La frontera en crisis migratoria y el licenciado Andr\u00e9s Manuel dice que \u201cvamos bien\u201d.<\/span><\/p>\n<p><span style=\"font-size: 14pt;\">Insisto, porfis, no se r\u00eda. Y menos cuando lea lo que dijo seguidamente. A saber:<\/span><\/p>\n<p><span style=\"font-size: 14pt;\">\u201cEntonces, nosotros, en el caso de nuestro pa\u00eds, pues con toda la pol\u00edtica que se ha aplicado de atender las causas que ocasionan la pobreza, que es lo que estamos haciendo, pues hemos logrado disminuir la migraci\u00f3n de mexicanos a Estados Unidos, porque hay trabajo en M\u00e9xico y porque no sucede lo que pasaba en el gobierno de Calder\u00f3n. Eso lo tengo que decir con toda claridad, porque tambi\u00e9n se olvida\u201d.<\/span><\/p>\n<p><span style=\"font-size: 14pt;\">Y lueguito refresc\u00f3 la memoria, aunque en contradicci\u00f3n abierta con su idea de lo que propondr\u00e1 el domingo a sus cuates en Palenque.<\/span><\/p>\n<p><span style=\"font-size: 14pt;\">\u201c(\u2026) Por ejemplo \u2013cit\u00f3 Su Alteza Seren\u00edsima&#8211; M\u00e9xico ayuda a varios pa\u00edses de Centroam\u00e9rica, del Caribe, con el programa Sembrando Vida, con el programa de J\u00f3venes Construyendo el Futuro. Estamos invirtiendo como 150, 200 millones de d\u00f3lares en estos programas y ha habido resultados. Todo esto ayuda a disminuir el flujo migratorio, atemperar el flujo migratorio\u201d.<\/span><\/p>\n<p><span style=\"font-size: 14pt;\">\u00bfEntonces? \u00bfDe nada han servido esos miserables 200 millones de d\u00f3lares?<\/span><\/p>\n<p><span style=\"font-size: 14pt;\">\u00a1Recontrac\u00e1spita, m\u00edster Biden?<\/span><\/p>\n<p><span style=\"font-size: 14pt;\">Pero\u2026<\/span><\/p>\n<p><span style=\"font-size: 14pt;\">Ya ve usted c\u00f3mo es de listo el licenciado. Y, en t\u00e9rminos del Fil\u00f3sofo de G\u00fcemes, aclar\u00f3 que, bueno, pues \u201c\u00faltimamente ha habido un incremento en el flujo migratorio, primero baj\u00f3 y ahora est\u00e1 subiendo, y por eso vamos a tener este encuentro en Palenque (\u2026).<\/span><\/p>\n<p><span style=\"font-size: 14pt;\">\u201c(\u2026) Y no hay desbordamiento. A pesar de que ha crecido el flujo migratorio, ah\u00ed vamos ordenando las cosas, porque trabajamos todos los d\u00edas. Por ejemplo, me re\u00fano casi 15 d\u00edas con todos los secretarios que tienen que ver con la migraci\u00f3n y con los gobernadores de Chiapas, de Tabasco, con la gobernadora de Campeche, con el gobernador de Veracruz y el gobernador de Oaxaca, para ver lo que pasa en la frontera sur\u201d.<\/span><\/p>\n<p><span style=\"font-size: 14pt;\">\u00bfY?<\/span><\/p>\n<p><span style=\"font-size: 14pt;\">Lo dicho. En la ruta cr\u00edtica del fin sexenal hay amnesia y, como en campa\u00f1a, se reparten espejitos y cuentas multicolores. \u00a1Total!, el pueblo ni se acuerda ni pregunta ni se encabrona. As\u00ed de facilito.<\/span><\/p>\n<p><span style=\"font-size: 14pt;\">\u00bfSe aparecer\u00e1 el domingo, en Palenque, el protagonista y salvador de almas, el licenciado sacerdote Alejandro Solalinde, para anuncia que, \u00a1eureka!, se concret\u00f3 la idea del licenciado presidente de crear la <strong>Coordinaci\u00f3n Nacional de Asuntos Migratorios y Extranjer\u00eda que quitar\u00e1 nombre y hasta modo de andar al<\/strong>\u00a0<strong>Instituto Nacional de Migraci\u00f3n?<\/strong><\/span><\/p>\n<p><span style=\"font-size: 14pt;\">Y es que, de acuerdo con lo dicho aquel d\u00eda de abril de este a\u00f1o, la Coordinaci\u00f3n ser\u00e1 lo m\u00e1ximo de lo m\u00e1ximo y en ella, como lo adelant\u00f3 el licenciado Solalinde, participar\u00e1n personas de muy amplios sectores.<\/span><\/p>\n<p><span style=\"font-size: 14pt;\">\u201cLes puedo decir \u2013cit\u00f3 ese d\u00eda el cura Solalinde&#8211; que son personas de sectores muy amplios, donde va a haber representaci\u00f3n en las iglesias de la academia, la Guardia Nacional, Fuerzas Armadas pero tambi\u00e9n CNDH Conapred, las secretar\u00edas que tienen que ver con Educaci\u00f3n Trabajo, Salud, todo esto van a estar tambi\u00e9n representantes de la casa de migrante\u201d.<\/span><\/p>\n<p><span style=\"font-size: 14pt;\">Prometer no empobrece. Y los pobres por ser pobres fieles a la 4T ya se ganaron hasta el cielo. \u00a1Rec\u00f3rcholis, Drakko! Digo.<\/span><\/p>\n<p><img data-recalc-dims=\"1\" loading=\"lazy\" decoding=\"async\" class=\"aligncenter size-full wp-image-24821\" src=\"https:\/\/i0.wp.com\/politicosaldesnudo.com.mx\/wp-content\/uploads\/2023\/10\/FIRMA-EDITORIAL-PD-1.jpg?resize=800%2C98&#038;ssl=1\" alt=\"\" width=\"800\" height=\"98\" srcset=\"https:\/\/i0.wp.com\/politicosaldesnudo.com.mx\/wp-content\/uploads\/2023\/10\/FIRMA-EDITORIAL-PD-1.jpg?w=1024&amp;ssl=1 1024w, https:\/\/i0.wp.com\/politicosaldesnudo.com.mx\/wp-content\/uploads\/2023\/10\/FIRMA-EDITORIAL-PD-1.jpg?resize=300%2C37&amp;ssl=1 300w, https:\/\/i0.wp.com\/politicosaldesnudo.com.mx\/wp-content\/uploads\/2023\/10\/FIRMA-EDITORIAL-PD-1.jpg?resize=768%2C94&amp;ssl=1 768w\" sizes=\"auto, (max-width: 800px) 100vw, 800px\" \/><\/p>\n","protected":false},"excerpt":{"rendered":"<p>Por Mois\u00e9s S\u00e1nchez Lim\u00f3n \u00bfLe suena el nombre del doctor Francisco Gardu\u00f1o Y\u00e1\u00f1ez? \u00bfRecuerda la tragedia ocurrida la noche del<\/p>\n","protected":false},"author":4,"featured_media":16109,"comment_status":"closed","ping_status":"closed","sticky":false,"template":"","format":"standard","meta":{"colormag_page_container_layout":"default_layout","colormag_page_sidebar_layout":"default_layout","_jetpack_memberships_contains_paid_content":false,"footnotes":"","jetpack_publicize_message":"","jetpack_publicize_feature_enabled":true,"jetpack_social_post_already_shared":false,"jetpack_social_options":{"image_generator_settings":{"template":"highway","default_image_id":0,"font":"","enabled":false},"version":2}},"categories":[26],"tags":[],"class_list":["post-24948","post","type-post","status-publish","format-standard","has-post-thumbnail","hentry","category-columnistas"],"jetpack_publicize_connections":[],"jetpack_featured_media_url":"https:\/\/i0.wp.com\/politicosaldesnudo.com.mx\/wp-content\/uploads\/2023\/02\/P-MOISES-SANCHEZ-LIMON.png?fit=1816%2C1016&ssl=1","jetpack-related-posts":[],"jetpack_sharing_enabled":true,"_links":{"self":[{"href":"https:\/\/politicosaldesnudo.com.mx\/index.php\/wp-json\/wp\/v2\/posts\/24948","targetHints":{"allow":["GET"]}}],"collection":[{"href":"https:\/\/politicosaldesnudo.com.mx\/index.php\/wp-json\/wp\/v2\/posts"}],"about":[{"href":"https:\/\/politicosaldesnudo.com.mx\/index.php\/wp-json\/wp\/v2\/types\/post"}],"author":[{"embeddable":true,"href":"https:\/\/politicosaldesnudo.com.mx\/index.php\/wp-json\/wp\/v2\/users\/4"}],"replies":[{"embeddable":true,"href":"https:\/\/politicosaldesnudo.com.mx\/index.php\/wp-json\/wp\/v2\/comments?post=24948"}],"version-history":[{"count":0,"href":"https:\/\/politicosaldesnudo.com.mx\/index.php\/wp-json\/wp\/v2\/posts\/24948\/revisions"}],"wp:featuredmedia":[{"embeddable":true,"href":"https:\/\/politicosaldesnudo.com.mx\/index.php\/wp-json\/wp\/v2\/media\/16109"}],"wp:attachment":[{"href":"https:\/\/politicosaldesnudo.com.mx\/index.php\/wp-json\/wp\/v2\/media?parent=24948"}],"wp:term":[{"taxonomy":"category","embeddable":true,"href":"https:\/\/politicosaldesnudo.com.mx\/index.php\/wp-json\/wp\/v2\/categories?post=24948"},{"taxonomy":"post_tag","embeddable":true,"href":"https:\/\/politicosaldesnudo.com.mx\/index.php\/wp-json\/wp\/v2\/tags?post=24948"}],"curies":[{"name":"wp","href":"https:\/\/api.w.org\/{rel}","templated":true}]}}