{"id":24950,"date":"2023-10-18T10:18:41","date_gmt":"2023-10-18T15:18:41","guid":{"rendered":"https:\/\/politicosaldesnudo.com.mx\/?p=24950"},"modified":"2023-10-18T10:18:41","modified_gmt":"2023-10-18T15:18:41","slug":"sera-gobernadora-en-veracruz","status":"publish","type":"post","link":"https:\/\/politicosaldesnudo.com.mx\/index.php\/2023\/10\/18\/sera-gobernadora-en-veracruz\/","title":{"rendered":"\u00a1Ser\u00e1 gobernadora en Veracruz!"},"content":{"rendered":"<p><strong><span style=\"font-size: 14pt;\">Por Luis Ram\u00edrez Baqueiro<\/span><\/strong><\/p>\n<p><span style=\"font-size: 12pt;\"><em>\u201cPuede juzgarse el grado de civilizaci\u00f3n de un pueblo por la posici\u00f3n social de la mujer.\u201d \u2013 Domingo Sarmiento.<\/em><\/span><\/p>\n<p><span style=\"font-size: 14pt;\">La reciente determinaci\u00f3n de las comisiones unidas de Prerrogativas y Partidos Pol\u00edticos, as\u00ed como de Igualdad de G\u00e9nero y No Discriminaci\u00f3n del Instituto Nacional Electoral (INE) que aprobaron el proyecto en lo general por unanimidad, y ser\u00e1 discutido en la pr\u00f3xima sesi\u00f3n del Consejo General para que los partidos pol\u00edticos queden obligados a postular cinco mujeres y cuatro hombres para las gubernaturas en las elecciones de 2024, a fin de garantizar la paridad de g\u00e9nero, es ya casi tema saldado.<\/span><\/p>\n<p><span style=\"font-size: 14pt;\">La medida que no ha gustado para nada las estructuras patriarcales de los partidos pol\u00edticos, obligar\u00e1 les guste o no a buscar entre sus cuadros a las mujeres con capacidades y arrastre pol\u00edtico que les garantice el triunfo.<\/span><\/p>\n<p><span style=\"font-size: 14pt;\">Interesante que la medida se diera en el marco del 70 Aniversario del Sufragio de las Mujeres en M\u00e9xico, que se conmemor\u00f3 este 17 de octubre.<\/span><\/p>\n<p><span style=\"font-size: 14pt;\">Bajo esta premisa llama la atenci\u00f3n que se han incrementado las llamadas telef\u00f3nicas por parte de empresas encuestadoras en las que se comienzan a medir espec\u00edficamente las preferencias y el nivel de conocimiento de determinadas mujeres pol\u00edticas ellas para concursar como posibles candidatas al Gobierno de Veracruz.<\/span><\/p>\n<p><span style=\"font-size: 14pt;\">Apenas este lunes, este reportero recibi\u00f3 un par de llamadas en donde se solicitaba saber porque partido pol\u00edtico o porqu\u00e9 posible candidata nos inclinaremos a votar, el estudio demosc\u00f3pico evidentemente mandado hacer para medir a las candidatas del Partido Acci\u00f3n Nacional (PAN) centraba su medici\u00f3n en Patricia Lobeira.<\/span><\/p>\n<p><span style=\"font-size: 14pt;\">Llama la atenci\u00f3n la premura de la encuesta y lo espec\u00edfico de la misma, porque en el careo de la misma, solo se cuestionaba por dos personajes, uno de Morena, en la persona de Roc\u00edo Nahle Garc\u00eda y la otra la alcaldesa de Veracruz, antes mencionada.<\/span><\/p>\n<p><span style=\"font-size: 14pt;\">Quiere decir que al menos, los grupos pol\u00edticos de oposici\u00f3n en este caso los Yunes de la zona conurbada de Veracruz-Boca del R\u00edo, tienen ya la certeza de que posiblemente la definici\u00f3n de la candidatura para Veracruz ser\u00e1 por determinaci\u00f3n del INE, por paridad y favoreciendo a una mujer, con lo que estar\u00edan terminando de echar su resto, en aras de alcanzar nuevamente el poder.<\/span><\/p>\n<p><span style=\"font-size: 14pt;\">Pero queda claro que esa misma informaci\u00f3n comienza a ser factor dentro de los \u201cwar rooms\u201d de los partidos que conforman el Frente Amplio por M\u00e9xico y ellos tambi\u00e9n toman sus providencias.<\/span><\/p>\n<p><span style=\"font-size: 14pt;\">Las recientes declaraciones de la diputada local y coordinadora parlamentaria del PRI en la Sexag\u00e9sima Sexta Legislatura, Anil\u00fa Ingram Vallines as\u00ed lo confirman, pues la jarocha, ha advertido que est\u00e1 dispuesta y preparada para asumir el reto y pelear la posible candidatura por la gubernatura de Veracruz.<\/span><\/p>\n<p><span style=\"font-size: 14pt;\">Mujer talentosa, que con esfuerzo y preparaci\u00f3n ha ido escalando los pelda\u00f1os de la ruda pol\u00edtica mexicana.<\/span><\/p>\n<p><span style=\"font-size: 14pt;\">Suena l\u00f3gico que los partidos pol\u00edticos de oposici\u00f3n, se tomen el tiempo para analizar la gran desventaja que les significa el hecho de que encarar la contienda electoral con una mujer de contrincante, como todo parece indicar suceder\u00e1.<\/span><\/p>\n<p><span style=\"font-size: 14pt;\">De salida, la diferencia de g\u00e9nero pondr\u00e1 en franca desventaja aquellos que postulen hombres, por lo que seguramente la frase repetida hasta la saciedad por los mismos miembros de Morena y especialmente del presidente Andr\u00e9s Manuel L\u00f3pez Obrador se cumple a cabalidad, \u201ces tiempo de las mujeres\u201d y eso lo debemos respetar.<\/span><\/p>\n<p><span style=\"font-size: 14pt;\">Y solo recuerde usted que de los casi m\u00e1s de ocho millones de veracruzanos, poco m\u00e1s de 55% son f\u00e9minas, ahora haga sus c\u00e1lculos.<\/span><\/p>\n<p><span style=\"font-size: 14pt;\">\u00a0<\/span><span style=\"font-size: 14pt;\">Al tiempo.<\/span><\/p>\n<p><img data-recalc-dims=\"1\" loading=\"lazy\" decoding=\"async\" class=\"aligncenter size-full wp-image-24821\" src=\"https:\/\/i0.wp.com\/politicosaldesnudo.com.mx\/wp-content\/uploads\/2023\/10\/FIRMA-EDITORIAL-PD-1.jpg?resize=800%2C98&#038;ssl=1\" alt=\"\" width=\"800\" height=\"98\" srcset=\"https:\/\/i0.wp.com\/politicosaldesnudo.com.mx\/wp-content\/uploads\/2023\/10\/FIRMA-EDITORIAL-PD-1.jpg?w=1024&amp;ssl=1 1024w, https:\/\/i0.wp.com\/politicosaldesnudo.com.mx\/wp-content\/uploads\/2023\/10\/FIRMA-EDITORIAL-PD-1.jpg?resize=300%2C37&amp;ssl=1 300w, https:\/\/i0.wp.com\/politicosaldesnudo.com.mx\/wp-content\/uploads\/2023\/10\/FIRMA-EDITORIAL-PD-1.jpg?resize=768%2C94&amp;ssl=1 768w\" sizes=\"auto, (max-width: 800px) 100vw, 800px\" \/><\/p>\n","protected":false},"excerpt":{"rendered":"<p>Por Luis Ram\u00edrez Baqueiro \u201cPuede juzgarse el grado de civilizaci\u00f3n de un pueblo por la posici\u00f3n social de la mujer.\u201d<\/p>\n","protected":false},"author":4,"featured_media":4390,"comment_status":"closed","ping_status":"closed","sticky":false,"template":"","format":"standard","meta":{"colormag_page_container_layout":"default_layout","colormag_page_sidebar_layout":"default_layout","_jetpack_memberships_contains_paid_content":false,"footnotes":"","jetpack_publicize_message":"","jetpack_publicize_feature_enabled":true,"jetpack_social_post_already_shared":false,"jetpack_social_options":{"image_generator_settings":{"template":"highway","default_image_id":0,"font":"","enabled":false},"version":2}},"categories":[26],"tags":[],"class_list":["post-24950","post","type-post","status-publish","format-standard","has-post-thumbnail","hentry","category-columnistas"],"jetpack_publicize_connections":[],"jetpack_featured_media_url":"https:\/\/i0.wp.com\/politicosaldesnudo.com.mx\/wp-content\/uploads\/2022\/04\/LUIS-RAMI%CC%81REZ-BAQUEIRO.png?fit=1816%2C1016&ssl=1","jetpack-related-posts":[],"jetpack_sharing_enabled":true,"_links":{"self":[{"href":"https:\/\/politicosaldesnudo.com.mx\/index.php\/wp-json\/wp\/v2\/posts\/24950","targetHints":{"allow":["GET"]}}],"collection":[{"href":"https:\/\/politicosaldesnudo.com.mx\/index.php\/wp-json\/wp\/v2\/posts"}],"about":[{"href":"https:\/\/politicosaldesnudo.com.mx\/index.php\/wp-json\/wp\/v2\/types\/post"}],"author":[{"embeddable":true,"href":"https:\/\/politicosaldesnudo.com.mx\/index.php\/wp-json\/wp\/v2\/users\/4"}],"replies":[{"embeddable":true,"href":"https:\/\/politicosaldesnudo.com.mx\/index.php\/wp-json\/wp\/v2\/comments?post=24950"}],"version-history":[{"count":0,"href":"https:\/\/politicosaldesnudo.com.mx\/index.php\/wp-json\/wp\/v2\/posts\/24950\/revisions"}],"wp:featuredmedia":[{"embeddable":true,"href":"https:\/\/politicosaldesnudo.com.mx\/index.php\/wp-json\/wp\/v2\/media\/4390"}],"wp:attachment":[{"href":"https:\/\/politicosaldesnudo.com.mx\/index.php\/wp-json\/wp\/v2\/media?parent=24950"}],"wp:term":[{"taxonomy":"category","embeddable":true,"href":"https:\/\/politicosaldesnudo.com.mx\/index.php\/wp-json\/wp\/v2\/categories?post=24950"},{"taxonomy":"post_tag","embeddable":true,"href":"https:\/\/politicosaldesnudo.com.mx\/index.php\/wp-json\/wp\/v2\/tags?post=24950"}],"curies":[{"name":"wp","href":"https:\/\/api.w.org\/{rel}","templated":true}]}}