{"id":24985,"date":"2023-10-18T20:31:42","date_gmt":"2023-10-19T01:31:42","guid":{"rendered":"https:\/\/politicosaldesnudo.com.mx\/?p=24985"},"modified":"2023-10-18T20:31:42","modified_gmt":"2023-10-19T01:31:42","slug":"musk-expresa-dudas-sobre-planta-de-tesla-proyectada-en-nuevo-leon","status":"publish","type":"post","link":"https:\/\/politicosaldesnudo.com.mx\/index.php\/2023\/10\/18\/musk-expresa-dudas-sobre-planta-de-tesla-proyectada-en-nuevo-leon\/","title":{"rendered":"Musk expresa dudas sobre planta de Tesla proyectada en Nuevo Le\u00f3n"},"content":{"rendered":"<p><span style=\"font-size: 14pt;\">El presidente ejecutivo de Tesla, Elon Musk, dijo el mi\u00e9rcoles que el fabricante de veh\u00edculos el\u00e9ctricos estaba dudando sobre sus planes de instalar una f\u00e1brica en M\u00e9xico mientras eval\u00faa las perspectivas econ\u00f3micas, al tiempo que advirti\u00f3 por el efecto de las altas tasas de inter\u00e9s.<\/span><\/p>\n<p><span style=\"font-size: 14pt;\">Despu\u00e9s de que la compa\u00f1\u00eda incumpli\u00f3 las expectativas de Wall Street sobre el margen bruto de ganancias, beneficios e ingresos del tercer trimestre, Musk dijo que quer\u00eda tener una mejor idea de hacia d\u00f3nde se dirig\u00eda la econom\u00eda antes de ir \u201ca toda m\u00e1quina\u201d con la construcci\u00f3n de una planta en el norte de M\u00e9xico.<\/span><\/p>\n<p><img data-recalc-dims=\"1\" loading=\"lazy\" decoding=\"async\" class=\"aligncenter size-large wp-image-24986\" src=\"https:\/\/i0.wp.com\/politicosaldesnudo.com.mx\/wp-content\/uploads\/2023\/10\/db10-Musk-twqp-mediumSquareAt3X-v2-1024x1024.jpg?resize=800%2C800&#038;ssl=1\" alt=\"\" width=\"800\" height=\"800\" srcset=\"https:\/\/i0.wp.com\/politicosaldesnudo.com.mx\/wp-content\/uploads\/2023\/10\/db10-Musk-twqp-mediumSquareAt3X-v2.jpg?resize=1024%2C1024&amp;ssl=1 1024w, https:\/\/i0.wp.com\/politicosaldesnudo.com.mx\/wp-content\/uploads\/2023\/10\/db10-Musk-twqp-mediumSquareAt3X-v2.jpg?resize=300%2C300&amp;ssl=1 300w, https:\/\/i0.wp.com\/politicosaldesnudo.com.mx\/wp-content\/uploads\/2023\/10\/db10-Musk-twqp-mediumSquareAt3X-v2.jpg?resize=150%2C150&amp;ssl=1 150w, https:\/\/i0.wp.com\/politicosaldesnudo.com.mx\/wp-content\/uploads\/2023\/10\/db10-Musk-twqp-mediumSquareAt3X-v2.jpg?resize=768%2C768&amp;ssl=1 768w, https:\/\/i0.wp.com\/politicosaldesnudo.com.mx\/wp-content\/uploads\/2023\/10\/db10-Musk-twqp-mediumSquareAt3X-v2.jpg?resize=1536%2C1536&amp;ssl=1 1536w, https:\/\/i0.wp.com\/politicosaldesnudo.com.mx\/wp-content\/uploads\/2023\/10\/db10-Musk-twqp-mediumSquareAt3X-v2.jpg?w=1800&amp;ssl=1 1800w, https:\/\/i0.wp.com\/politicosaldesnudo.com.mx\/wp-content\/uploads\/2023\/10\/db10-Musk-twqp-mediumSquareAt3X-v2.jpg?w=1600&amp;ssl=1 1600w\" sizes=\"auto, (max-width: 800px) 100vw, 800px\" \/><\/p>\n<p><span style=\"font-size: 14pt;\">\u201cSi las tasas de inter\u00e9s siguen altas&#8230; es mucho m\u00e1s dif\u00edcil para la gente comprar un auto. Simplemente no pueden permit\u00edrselo\u201d, dijo en una conferencia telef\u00f3nica con analistas.<\/span><\/p>\n<p><span style=\"font-size: 14pt;\">Tesla anunci\u00f3 en marzo que construir\u00eda una gran planta en Nuevo Le\u00f3n, donde ya tiene proveedores, en lo que funcionarios mexicanos han descrito como una inversi\u00f3n de m\u00e1s de cinco mil millones de d\u00f3lares, si bien la compa\u00f1\u00eda no ha revelado el costo de capital asignado.<\/span><\/p>\n<p><span style=\"font-size: 14pt;\">Hasta el momento, Tesla ha logrado mantener la demanda con una serie de recortes de precios, pero Musk pas\u00f3 gran parte de la llamada expresando preocupaciones sobre una mayor expansi\u00f3n, diciendo que tem\u00eda que el aumento de las tasas de inter\u00e9s hiciera que los autos fueran menos accesibles.<\/span><\/p>\n<p><span style=\"font-size: 14pt;\">Pero ser presionado para que entregase m\u00e1s detalles sobre la f\u00e1brica en M\u00e9xico, Musk dijo: \u201cEstoy marcado por el a\u00f1o 2009, cuando General Motors y Chrysler quebraron. No quiero ir a toda velocidad hacia la incertidumbre\u201d.<\/span><\/p>\n<p><span style=\"font-size: 14pt;\"><strong>Gobernador de NL anuncia inversiones<\/strong><\/span><\/p>\n<p><span style=\"font-size: 14pt;\">El mismo mi\u00e9rcoles, durante un viaje a Shangh\u00e1i, el gobernador de Nuevo Le\u00f3n, Samuel Garc\u00eda, asegur\u00f3 que dos proveedores chinos de Tesla invertir\u00e1n casi mil millones de d\u00f3lares en el estado.<\/span><\/p>\n<p><span style=\"font-size: 14pt;\">La inversi\u00f3n de la compa\u00f1\u00eda Ningbo Tuopu ser\u00eda de unos 700 millones de d\u00f3lares y la de Hesai Technology, de unos 260 millones de d\u00f3lares, se\u00f1al\u00f3 un funcionario estatal.<\/span><\/p>\n","protected":false},"excerpt":{"rendered":"<p>El presidente ejecutivo de Tesla, Elon Musk, dijo el mi\u00e9rcoles que el fabricante de veh\u00edculos el\u00e9ctricos estaba dudando sobre sus<\/p>\n","protected":false},"author":4,"featured_media":24987,"comment_status":"closed","ping_status":"closed","sticky":false,"template":"","format":"standard","meta":{"colormag_page_container_layout":"default_layout","colormag_page_sidebar_layout":"default_layout","_jetpack_memberships_contains_paid_content":false,"footnotes":"","jetpack_publicize_message":"","jetpack_publicize_feature_enabled":true,"jetpack_social_post_already_shared":false,"jetpack_social_options":{"image_generator_settings":{"template":"highway","default_image_id":0,"font":"","enabled":false},"version":2}},"categories":[2050],"tags":[],"class_list":["post-24985","post","type-post","status-publish","format-standard","has-post-thumbnail","hentry","category-economia"],"jetpack_publicize_connections":[],"jetpack_featured_media_url":"https:\/\/i0.wp.com\/politicosaldesnudo.com.mx\/wp-content\/uploads\/2023\/10\/SFTK4VNDNBNAVHIBAMEZEQPQOM-scaled.jpg?fit=2560%2C1706&ssl=1","jetpack-related-posts":[],"jetpack_sharing_enabled":true,"_links":{"self":[{"href":"https:\/\/politicosaldesnudo.com.mx\/index.php\/wp-json\/wp\/v2\/posts\/24985","targetHints":{"allow":["GET"]}}],"collection":[{"href":"https:\/\/politicosaldesnudo.com.mx\/index.php\/wp-json\/wp\/v2\/posts"}],"about":[{"href":"https:\/\/politicosaldesnudo.com.mx\/index.php\/wp-json\/wp\/v2\/types\/post"}],"author":[{"embeddable":true,"href":"https:\/\/politicosaldesnudo.com.mx\/index.php\/wp-json\/wp\/v2\/users\/4"}],"replies":[{"embeddable":true,"href":"https:\/\/politicosaldesnudo.com.mx\/index.php\/wp-json\/wp\/v2\/comments?post=24985"}],"version-history":[{"count":0,"href":"https:\/\/politicosaldesnudo.com.mx\/index.php\/wp-json\/wp\/v2\/posts\/24985\/revisions"}],"wp:featuredmedia":[{"embeddable":true,"href":"https:\/\/politicosaldesnudo.com.mx\/index.php\/wp-json\/wp\/v2\/media\/24987"}],"wp:attachment":[{"href":"https:\/\/politicosaldesnudo.com.mx\/index.php\/wp-json\/wp\/v2\/media?parent=24985"}],"wp:term":[{"taxonomy":"category","embeddable":true,"href":"https:\/\/politicosaldesnudo.com.mx\/index.php\/wp-json\/wp\/v2\/categories?post=24985"},{"taxonomy":"post_tag","embeddable":true,"href":"https:\/\/politicosaldesnudo.com.mx\/index.php\/wp-json\/wp\/v2\/tags?post=24985"}],"curies":[{"name":"wp","href":"https:\/\/api.w.org\/{rel}","templated":true}]}}