{"id":25007,"date":"2023-10-19T12:33:37","date_gmt":"2023-10-19T17:33:37","guid":{"rendered":"https:\/\/politicosaldesnudo.com.mx\/?p=25007"},"modified":"2023-10-19T12:33:37","modified_gmt":"2023-10-19T17:33:37","slug":"el-mismo-pri-de-siempre","status":"publish","type":"post","link":"https:\/\/politicosaldesnudo.com.mx\/index.php\/2023\/10\/19\/el-mismo-pri-de-siempre\/","title":{"rendered":"El mismo PRI de siempre"},"content":{"rendered":"<p><strong><span style=\"font-size: 14pt;\">Por: Luis Ram\u00edrez Baqueiro<\/span><\/strong><\/p>\n<p><span style=\"font-size: 12pt;\"><em>\u201cLa pol\u00edtica es el para\u00edso de los charlatanes.\u201d \u2013 Bernard Shaw.<\/em><\/span><\/p>\n<p><span style=\"font-size: 14pt;\">Fieles a sus costumbres los priistas veracruzanos recibieron como balde de agua fr\u00eda la noticia de que su dirigente nacional, Alejandro \u201cAlito\u201d Moreno C\u00e1rdenas les receto una m\u00e1s de su larga lista de patra\u00f1as, al designar de manera unilateral y sin consultar a la base el cambio de dirigencia en su partido en el estado de Veracruz.<\/span><\/p>\n<p><span style=\"font-size: 14pt;\">Los afortunados ganadores de la rifa han sido Adolfo Ram\u00edrez Arana y Lorena Pi\u00f1\u00f3n Rivera, a quienes los afectos pol\u00edticos los unen y ligan desde su tiempo como dirigente nacional del Frente Juvenil Revolucionario (FJR).<\/span><\/p>\n<p><span style=\"font-size: 14pt;\">La noticia no debiera ser de sorpresa, para la militancia priista, mucho menos para los cuadros concursantes en el intento por tomar el control del partido, pues la pr\u00e1ctica de artilugios porriles lo han distinguido toda su vida.<\/span><\/p>\n<p><span style=\"font-size: 14pt;\">Aunque la jugada deja al descubierto dos posibles realidades.<\/span><\/p>\n<p><span style=\"font-size: 14pt;\">La primera, que pareciera identificar al diputado federal Jos\u00e9 Francisco Yunes Zorrilla como el operador de la llegada de Adolfo Ram\u00edrez Arana al PRI, para as\u00ed, tomar el control del partido y con ello perfilarse por la candidatura priista de la posible Coalici\u00f3n entre PAN, PRI y PRD.<\/span><\/p>\n<p><span style=\"font-size: 14pt;\">Y la segunda, que evidencia la toma del control del partido en Veracruz, mediante la llegada de un par de personajes serviles y a modo para poder, negociar desde el Comit\u00e9 Ejecutivo Nacional del tricolor, la venta de las candidaturas a los cargos de elecci\u00f3n popular para el proceso electoral del 2024.<\/span><\/p>\n<p><span style=\"font-size: 14pt;\">Quienes se encuentran cercanos al ex senador priista afirman que nada tuvo que ver en la designaci\u00f3n de Ram\u00edrez Arana, como nuevo l\u00edder estatal de su partido. Por el contrario, se\u00f1alan que fueron personajes ahora identificados con Morena, quienes operaron para su llegada a modo de facilitarle al partido en el poder su continuidad.<\/span><\/p>\n<p><span style=\"font-size: 14pt;\">Y es que solo basta recordar el pasado Fidelista y Duartista de Ram\u00edrez Arana, quien junto a su c\u00f3nyuge Ana Rosa Vald\u00e9s se le metieron hasta por el tu\u00e9tano al mismo Fidel Herrera Beltr\u00e1n otrora poderos\u00edsimo Gobernador de Veracruz, a quien se le atribuye la m\u00e1xima aquella de \u201cencontrarse en la plenitud del pinche poder\u201d, para posteriormente transitar con Javier Duarte de Ochoa.<\/span><\/p>\n<p><span style=\"font-size: 14pt;\">Quiz\u00e1 por ello, no haya sido extra\u00f1o, que, desde el Reclusorio Norte en pasados d\u00edas, desde su cuenta en \u201cX\u201d antes Twitter el cordob\u00e9s lo hubiera destapado para el cargo; aunque casualmente uno de los suspirantes mantiene un pariente como vecino de celda del ex gobernador. Ya sabe usted, casualidades de esas que te da el destino.<\/span><\/p>\n<p><span style=\"font-size: 14pt;\">Quienes conocen de cerca a Ram\u00edrez Arana afirman que el perfil del nuevo presidente priista en Veracruz es entreguista, servil, sumiso y disciplinado, lo que le asegura \u201cAlito\u201d Moreno consumar sus planes y negocios en la entidad.<\/span><\/p>\n<p><span style=\"font-size: 14pt;\">Pues la relaci\u00f3n estrecha entre ambos l\u00edderes juveniles se ahond\u00f3 m\u00e1s, tras el impulso de todas las modificaciones estatutarias que Moreno C\u00e1rdenas le pidi\u00f3 en su momento.<\/span><\/p>\n<p><span style=\"font-size: 14pt;\">Seguramente el manejo de las listas y la negociaci\u00f3n de ellas para los cargos en disputa en el pr\u00f3ximo proceso electoral pasar\u00e1n por las oficinas de Insurgentes Sur en la Ciudad de M\u00e9xico, sin que Ram\u00edrez Arana o Pi\u00f1\u00f3n Rivera puedan intervenir.<\/span><\/p>\n<p><span style=\"font-size: 14pt;\">Cabe recordar que en la primera incursi\u00f3n de Adolfo Ram\u00edrez por la dirigencia priista \u2013la que perdiera con el presidente saliente Marl\u00f3n Ram\u00edrez Mar\u00edn- recibi\u00f3 el apoyo de Ranulfo M\u00e1rquez quien oper\u00f3 total y abiertamente a favor de Morena, en lugar de apoyar a Pepe Yunes.<\/span><\/p>\n<p><span style=\"font-size: 14pt;\">Otros personajes que le dieron su respaldo habr\u00eda sido H\u00e9ctor Yunes Landa, pues en la f\u00f3rmula llev\u00f3 a Silvia Dom\u00ednguez como aspirante a Secretaria General del partido, y, por el contrario, Marlon Ram\u00edrez habr\u00eda recibido apoyo de Pepe Yunes, quien impuls\u00f3 a Ariadna Guadalupe \u00c1ngeles Aguirre, quien ahora apoy\u00f3 abiertamente a Fernando Kuri Kuri.<\/span><\/p>\n<p><span style=\"font-size: 14pt;\">Una vez m\u00e1s los liderazgos del PRI dejan su sello, seguramente garantizadas estar\u00e1n las dos primeras posiciones plurinominales para la diputaci\u00f3n local, en donde Lorena Pi\u00f1\u00f3n Rivera ir\u00e1 en primer sitio, y en la segunda posici\u00f3n, retornar\u00e1 Ram\u00edrez Arana, al Congreso de Veracruz.<\/span><\/p>\n<p><span style=\"font-size: 14pt;\">Por incre\u00edble que parezca, cuando el dirigente saliente Marlon Ram\u00edrez Mar\u00edn se encontraba en su mejor momento, pues se comportaba como un l\u00edder de la oposici\u00f3n contestatario, el dirigente nacional de su partido, le da las gracias y lo saca de la jugada.<\/span><\/p>\n<p><span style=\"font-size: 14pt;\">El mismo PRI de siempre, con las mismas pr\u00e1cticas y las mismas ma\u00f1as.<\/span><\/p>\n<p><span style=\"font-size: 14pt;\"><em>Sextante<\/em><\/span><\/p>\n<p><span style=\"font-size: 14pt;\">Este jueves 19 de octubre se subir\u00e1 al Pleno del Instituto Nacional Electoral (INE) el tema de la designaci\u00f3n de al menos 5 candidatas a las 9 gubernaturas por paridad. Ser\u00e1 una discusi\u00f3n interesante a pesar de la resistencia de los partidos pol\u00edticos, quienes han mostrado cierta reticencia. Pero la realidad es que vivimos tiempos de cambio, y es momento de terminar con la visi\u00f3n patriarcal de la pol\u00edtica. Ser\u00e1 el 1 de enero la fecha definitoria para Veracruz.<\/span><\/p>\n<p><span style=\"font-size: 14pt;\">\u00a0Al tiempo.<\/span><\/p>\n<p><img data-recalc-dims=\"1\" loading=\"lazy\" decoding=\"async\" class=\"aligncenter size-full wp-image-24821\" src=\"https:\/\/i0.wp.com\/politicosaldesnudo.com.mx\/wp-content\/uploads\/2023\/10\/FIRMA-EDITORIAL-PD-1.jpg?resize=800%2C98&#038;ssl=1\" alt=\"\" width=\"800\" height=\"98\" srcset=\"https:\/\/i0.wp.com\/politicosaldesnudo.com.mx\/wp-content\/uploads\/2023\/10\/FIRMA-EDITORIAL-PD-1.jpg?w=1024&amp;ssl=1 1024w, https:\/\/i0.wp.com\/politicosaldesnudo.com.mx\/wp-content\/uploads\/2023\/10\/FIRMA-EDITORIAL-PD-1.jpg?resize=300%2C37&amp;ssl=1 300w, https:\/\/i0.wp.com\/politicosaldesnudo.com.mx\/wp-content\/uploads\/2023\/10\/FIRMA-EDITORIAL-PD-1.jpg?resize=768%2C94&amp;ssl=1 768w\" sizes=\"auto, (max-width: 800px) 100vw, 800px\" \/><\/p>\n","protected":false},"excerpt":{"rendered":"<p>Por: Luis Ram\u00edrez Baqueiro \u201cLa pol\u00edtica es el para\u00edso de los charlatanes.\u201d \u2013 Bernard Shaw. Fieles a sus costumbres los<\/p>\n","protected":false},"author":4,"featured_media":4390,"comment_status":"closed","ping_status":"closed","sticky":false,"template":"","format":"standard","meta":{"colormag_page_container_layout":"default_layout","colormag_page_sidebar_layout":"default_layout","_jetpack_memberships_contains_paid_content":false,"footnotes":"","jetpack_publicize_message":"","jetpack_publicize_feature_enabled":true,"jetpack_social_post_already_shared":false,"jetpack_social_options":{"image_generator_settings":{"template":"highway","default_image_id":0,"font":"","enabled":false},"version":2}},"categories":[26],"tags":[],"class_list":["post-25007","post","type-post","status-publish","format-standard","has-post-thumbnail","hentry","category-columnistas"],"jetpack_publicize_connections":[],"jetpack_featured_media_url":"https:\/\/i0.wp.com\/politicosaldesnudo.com.mx\/wp-content\/uploads\/2022\/04\/LUIS-RAMI%CC%81REZ-BAQUEIRO.png?fit=1816%2C1016&ssl=1","jetpack-related-posts":[],"jetpack_sharing_enabled":true,"_links":{"self":[{"href":"https:\/\/politicosaldesnudo.com.mx\/index.php\/wp-json\/wp\/v2\/posts\/25007","targetHints":{"allow":["GET"]}}],"collection":[{"href":"https:\/\/politicosaldesnudo.com.mx\/index.php\/wp-json\/wp\/v2\/posts"}],"about":[{"href":"https:\/\/politicosaldesnudo.com.mx\/index.php\/wp-json\/wp\/v2\/types\/post"}],"author":[{"embeddable":true,"href":"https:\/\/politicosaldesnudo.com.mx\/index.php\/wp-json\/wp\/v2\/users\/4"}],"replies":[{"embeddable":true,"href":"https:\/\/politicosaldesnudo.com.mx\/index.php\/wp-json\/wp\/v2\/comments?post=25007"}],"version-history":[{"count":0,"href":"https:\/\/politicosaldesnudo.com.mx\/index.php\/wp-json\/wp\/v2\/posts\/25007\/revisions"}],"wp:featuredmedia":[{"embeddable":true,"href":"https:\/\/politicosaldesnudo.com.mx\/index.php\/wp-json\/wp\/v2\/media\/4390"}],"wp:attachment":[{"href":"https:\/\/politicosaldesnudo.com.mx\/index.php\/wp-json\/wp\/v2\/media?parent=25007"}],"wp:term":[{"taxonomy":"category","embeddable":true,"href":"https:\/\/politicosaldesnudo.com.mx\/index.php\/wp-json\/wp\/v2\/categories?post=25007"},{"taxonomy":"post_tag","embeddable":true,"href":"https:\/\/politicosaldesnudo.com.mx\/index.php\/wp-json\/wp\/v2\/tags?post=25007"}],"curies":[{"name":"wp","href":"https:\/\/api.w.org\/{rel}","templated":true}]}}