{"id":25015,"date":"2023-10-19T13:06:41","date_gmt":"2023-10-19T18:06:41","guid":{"rendered":"https:\/\/politicosaldesnudo.com.mx\/?p=25015"},"modified":"2023-10-19T13:06:41","modified_gmt":"2023-10-19T18:06:41","slug":"cierran-puerto-de-manzanillo-por-norma","status":"publish","type":"post","link":"https:\/\/politicosaldesnudo.com.mx\/index.php\/2023\/10\/19\/cierran-puerto-de-manzanillo-por-norma\/","title":{"rendered":"Cierran puerto de Manzanillo por &#8216;Norma&#8217;"},"content":{"rendered":"<p class=\"teaser\"><span style=\"font-size: 14pt;\">Manzanillo.- Ante la presencia de Norma en el pac\u00edfico mexicano, la Capitan\u00eda del Puerto de Manzanillo, prohibi\u00f3 la salida al mar a embarcaciones menores y de servicios tur\u00edsticos.<\/span><\/p>\n<p><img data-recalc-dims=\"1\" loading=\"lazy\" decoding=\"async\" class=\"aligncenter size-full wp-image-25017\" src=\"https:\/\/i0.wp.com\/politicosaldesnudo.com.mx\/wp-content\/uploads\/2023\/10\/3021036.jpg?resize=800%2C600&#038;ssl=1\" alt=\"\" width=\"800\" height=\"600\" srcset=\"https:\/\/i0.wp.com\/politicosaldesnudo.com.mx\/wp-content\/uploads\/2023\/10\/3021036.jpg?w=800&amp;ssl=1 800w, https:\/\/i0.wp.com\/politicosaldesnudo.com.mx\/wp-content\/uploads\/2023\/10\/3021036.jpg?resize=300%2C225&amp;ssl=1 300w, https:\/\/i0.wp.com\/politicosaldesnudo.com.mx\/wp-content\/uploads\/2023\/10\/3021036.jpg?resize=768%2C576&amp;ssl=1 768w\" sizes=\"auto, (max-width: 800px) 100vw, 800px\" \/><\/p>\n<p><span style=\"font-size: 14pt;\">Por ahora en Colima se mantiene un tiempo nublado con lluvias aisladas y dispersas, sin que esto represe un riesgo para la poblaci\u00f3n, incluso hasta el momento las clases y dem\u00e1s actividades productivas se mantienen.\u00a0\u00a0<\/span><\/p>\n<p><span style=\"font-size: 14pt;\">La Unidad Estatal de Protecci\u00f3n Civil mantiene vigilancia permanente del hurac\u00e1n <em>Norma<\/em>, que si bien se dirige hacia Baja California Sur, los desprendimientos nubosos y su interacci\u00f3n con una baja presi\u00f3n, podr\u00edan generar fuertes lluvias en el estado.\u00a0\u00a0<\/span><\/p>\n<p><span style=\"font-size: 14pt;\">Se prev\u00e9 que este jueves por la tarde o madrugada del viernes, los remanentes de Norma sean m\u00e1s visibles en Colima con potencial de lluvias, viento e incremento en el oleaje, por ello Protecci\u00f3n Civil del Estado, pide a las personas \u201cseguir las indicaciones y medidas de prevenci\u00f3n emitidas por las autoridades oficiales\u201d. Entre ellas alejarse de cauces de r\u00edos y de la zona de playa.\u00a0\u00a0<\/span><\/p>\n","protected":false},"excerpt":{"rendered":"<p>Manzanillo.- Ante la presencia de Norma en el pac\u00edfico mexicano, la Capitan\u00eda del Puerto de Manzanillo, prohibi\u00f3 la salida al<\/p>\n","protected":false},"author":4,"featured_media":25016,"comment_status":"closed","ping_status":"closed","sticky":false,"template":"","format":"standard","meta":{"colormag_page_container_layout":"default_layout","colormag_page_sidebar_layout":"default_layout","_jetpack_memberships_contains_paid_content":false,"footnotes":"","jetpack_publicize_message":"","jetpack_publicize_feature_enabled":true,"jetpack_social_post_already_shared":false,"jetpack_social_options":{"image_generator_settings":{"template":"highway","default_image_id":0,"font":"","enabled":false},"version":2}},"categories":[30],"tags":[],"class_list":["post-25015","post","type-post","status-publish","format-standard","has-post-thumbnail","hentry","category-estados"],"jetpack_publicize_connections":[],"jetpack_featured_media_url":"https:\/\/i0.wp.com\/politicosaldesnudo.com.mx\/wp-content\/uploads\/2023\/10\/3020961.jpg?fit=800%2C600&ssl=1","jetpack-related-posts":[],"jetpack_sharing_enabled":true,"_links":{"self":[{"href":"https:\/\/politicosaldesnudo.com.mx\/index.php\/wp-json\/wp\/v2\/posts\/25015","targetHints":{"allow":["GET"]}}],"collection":[{"href":"https:\/\/politicosaldesnudo.com.mx\/index.php\/wp-json\/wp\/v2\/posts"}],"about":[{"href":"https:\/\/politicosaldesnudo.com.mx\/index.php\/wp-json\/wp\/v2\/types\/post"}],"author":[{"embeddable":true,"href":"https:\/\/politicosaldesnudo.com.mx\/index.php\/wp-json\/wp\/v2\/users\/4"}],"replies":[{"embeddable":true,"href":"https:\/\/politicosaldesnudo.com.mx\/index.php\/wp-json\/wp\/v2\/comments?post=25015"}],"version-history":[{"count":0,"href":"https:\/\/politicosaldesnudo.com.mx\/index.php\/wp-json\/wp\/v2\/posts\/25015\/revisions"}],"wp:featuredmedia":[{"embeddable":true,"href":"https:\/\/politicosaldesnudo.com.mx\/index.php\/wp-json\/wp\/v2\/media\/25016"}],"wp:attachment":[{"href":"https:\/\/politicosaldesnudo.com.mx\/index.php\/wp-json\/wp\/v2\/media?parent=25015"}],"wp:term":[{"taxonomy":"category","embeddable":true,"href":"https:\/\/politicosaldesnudo.com.mx\/index.php\/wp-json\/wp\/v2\/categories?post=25015"},{"taxonomy":"post_tag","embeddable":true,"href":"https:\/\/politicosaldesnudo.com.mx\/index.php\/wp-json\/wp\/v2\/tags?post=25015"}],"curies":[{"name":"wp","href":"https:\/\/api.w.org\/{rel}","templated":true}]}}