{"id":25025,"date":"2023-10-19T19:12:07","date_gmt":"2023-10-20T00:12:07","guid":{"rendered":"https:\/\/politicosaldesnudo.com.mx\/?p=25025"},"modified":"2023-10-19T19:12:07","modified_gmt":"2023-10-20T00:12:07","slug":"ine-cancela-proyecto-sobre-paridad-de-genero-en-candidaturas-a-gubernaturas","status":"publish","type":"post","link":"https:\/\/politicosaldesnudo.com.mx\/index.php\/2023\/10\/19\/ine-cancela-proyecto-sobre-paridad-de-genero-en-candidaturas-a-gubernaturas\/","title":{"rendered":"INE cancela proyecto sobre paridad de g\u00e9nero en candidaturas a gubernaturas"},"content":{"rendered":"<p><span style=\"font-size: 14pt;\">Por una confusi\u00f3n en el m\u00e9todo de votaci\u00f3n, el consejo general del Instituto Nacional Electoral (INE) rechaz\u00f3 el proyecto de acuerdo que ordenaba a los partidos postular 5 mujeres y 4 hombres en las gubernaturas a disputarse el a\u00f1o pr\u00f3ximo.<\/span><\/p>\n<p class=\"western\"><span style=\"font-size: 14pt;\">Despu\u00e9s de tres horas de discusi\u00f3n, en la que estaba claro que una mayor\u00eda de consejeros votar\u00eda a favor,pese a la oposici\u00f3n de los partidos, salvo el PVEM, los integrantes del consejo entraron en un galimat\u00edas, frente a una propuesta de engrose, es decir, se\u00f1alar que aunque ten\u00edan distintos argumentos llegaban al mismo punto del 5\/4.<\/span><\/p>\n<p class=\"western\"><span style=\"font-size: 14pt;\">Sin embargo, los que m\u00e1s insist\u00edan en esa regla de paridad votaron en contra en lo general, por lo que se cerr\u00f3 la votaci\u00f3n y en autom\u00e1tico fue desechado el punto.<\/span><\/p>\n<p><img data-recalc-dims=\"1\" loading=\"lazy\" decoding=\"async\" class=\"aligncenter size-full wp-image-25027\" src=\"https:\/\/i0.wp.com\/politicosaldesnudo.com.mx\/wp-content\/uploads\/2023\/10\/image_large.jpg?resize=800%2C533&#038;ssl=1\" alt=\"\" width=\"800\" height=\"533\" srcset=\"https:\/\/i0.wp.com\/politicosaldesnudo.com.mx\/wp-content\/uploads\/2023\/10\/image_large.jpg?w=1024&amp;ssl=1 1024w, https:\/\/i0.wp.com\/politicosaldesnudo.com.mx\/wp-content\/uploads\/2023\/10\/image_large.jpg?resize=300%2C200&amp;ssl=1 300w, https:\/\/i0.wp.com\/politicosaldesnudo.com.mx\/wp-content\/uploads\/2023\/10\/image_large.jpg?resize=768%2C512&amp;ssl=1 768w\" sizes=\"auto, (max-width: 800px) 100vw, 800px\" \/><\/p>\n<p class=\"western\"><span style=\"font-size: 14pt;\">La consejera presidenta, Guadalupe Taddei, adelant\u00f3 que se convocar\u00e1 a una sesi\u00f3n de inmediato a fin de abordar otra vez el tema.<\/span><\/p>\n<p class=\"western\"><span style=\"font-size: 14pt;\">No obstante, la consejera Dania Ravel acus\u00f3 en la mesa de consejo que hubo \u201cchicanada\u201d para desechar el proyecto pues lo que ellos hab\u00edan entendido es que tras la votaci\u00f3n en general se abordar\u00edan los puntos en lo particular.<\/span><\/p>\n<p class=\"western\"><span style=\"font-size: 14pt;\">Once minutos antes de finalizar, la secretaria ejecutiva, Mar\u00eda Elena Cornejo, someti\u00f3 a votaci\u00f3n el punto 4 \u2013 y \u00faltimo de la sesi\u00f3n-.<\/span><\/p>\n<p class=\"western\"><span style=\"font-size: 14pt;\">Los consejeros Taddei, Norma de la Cruz, Rita Bell L\u00f3pez, Jorge Monta\u00f1o y Uuc-kib Espadas votaron a favor en lo general, y en contra lo hicieron Jaime Rivera, Carla Humphrey, Arturo Castillo, Mart\u00edn Faz, Ravel y Claudia Zavala.<\/span><\/p>\n<p class=\"western\"><span style=\"font-size: 14pt;\">\u201cConsejera presidenta, no ha sido aprobado por seis votos\u201d, inform\u00f3 Cornejo, a lo que Taddei expres\u00f3: ya no aprobamos el proyecto.<\/span><\/p>\n<p class=\"western\"><span style=\"font-size: 14pt;\">Alguien sugiri\u00f3: ahora pasemos a la propuesta\u2026<\/span><\/p>\n<p class=\"western\"><span style=\"font-size: 14pt;\">-No, no hay proyecto, \u00bfya de qu\u00e9 partes?, se\u00f1al\u00f3 Taddei.<\/span><\/p>\n<p class=\"western\"><span style=\"font-size: 14pt;\">El consejero Espadas, el \u00fanico de sus colegas que rechazaba la orden a los partidos del 5\/4, intervino desde la asistencia virtual a la sesi\u00f3n:<\/span><\/p>\n<p class=\"western\"><span style=\"font-size: 14pt;\">-Si el proyecto no fue aprobado no hay nada qu\u00e9 modificar<\/span><\/p>\n<p class=\"western\"><span style=\"font-size: 14pt;\">-No hay nada m\u00e1s que votar, a\u00f1adi\u00f3 De la Cruz<\/span><\/p>\n<p class=\"western\"><span style=\"font-size: 14pt;\">-El propuesto no fue aprobado, me da mucha pena, dijo Espadas<\/span><\/p>\n<p class=\"western\"><span style=\"font-size: 14pt;\">-Lo sentimos, agreg\u00f3 De la Cruz.<\/span><\/p>\n<p class=\"western\"><span style=\"font-size: 14pt;\">Ravel tom\u00f3 el micr\u00f3fono y solt\u00f3: Presidenta, con todo respeto, esta es una chicanada porque hemos estado insistiendo durante toda la sesi\u00f3n que nosotros queremos votar el criterio 5\/4 y se aferraron a que eso no fuera as\u00ed, y se nos dijo que se iban a separar esos puntos resolutivos para que despu\u00e9s se sometieran a consideraci\u00f3n y ahorita ya no se pueden someter a consideraci\u00f3n, entonces eso no puede transitar, \u00a1por favor!<\/span><\/p>\n<p class=\"western\"><span style=\"font-size: 14pt;\">Taddei le respondi\u00f3: \u201cYo lo \u00fanico que le voy a pedir es que seamos respetuosas, aqu\u00ed no hay chicanada\u2026<\/span><\/p>\n<p class=\"western\"><span style=\"font-size: 14pt;\">-A m\u00ed me llamaron clasista \u2013 acus\u00f3 Ravel, en referencia a una expresi\u00f3n de Espadas, quien acus\u00f3 recibo: chicanada lo que nos quiso hacer, que alg\u00fan consejero o consejera se confunda a la hora de votar, a todos nos ha pasado alguna vez, es responsabilidad de cada quien. Ten\u00edan que votar (a favor en lo general), el proyecto fue votado y desechado, no hay materia para que esta sesi\u00f3n contin\u00fae.<\/span><\/p>\n<p class=\"western\"><span style=\"font-size: 14pt;\">Rivera subray\u00f3 que se entend\u00eda que ten\u00edan que rechazar la votaci\u00f3n en lo general, aquella que propon\u00eda excluir los puntos (relacionados con el 5\/4), para luego votarlo, como lo pidi\u00f3 Zavala. Entonces, \u201choy no est\u00e1 aprobado en lo general en conjunto, porque debi\u00f3 especificarse que se separaban esos puntos, eso no se especific\u00f3 a la hora de la votaci\u00f3n\u201d.<\/span><\/p>\n<p class=\"western\"><span style=\"font-size: 14pt;\">Por la confusi\u00f3n, algunos consejeros pidieron que se consultara la grabaci\u00f3n y se distribuyera la versi\u00f3n estenogr\u00e1fica.<\/span><\/p>\n<p class=\"western\"><span style=\"font-size: 14pt;\">\u201cQuien quisiera que el proyecto avanzara y luego modificarlo ten\u00eda que votar a favor en lo general, pero francamente pens\u00e9 que as\u00ed iba a hacer\u201d.<\/span><\/p>\n<p class=\"western\"><span style=\"font-size: 14pt;\">Humprhey, molesta, se quej\u00f3 del orden en la sesi\u00f3n, donde \u201ccada quien habla cuando quiere. Me parece que estuvimos debatiendo de un engrose donde varios y varias establecimos nuestra posici\u00f3n de que est\u00e1bamos de acuerdo con el engrose; yo incluso dije estoy a favor y me parece que deb\u00eda votarse de esta manera, as\u00ed lo propuse, se bate\u00f3 que no, pero para nadie es desconocido aqu\u00ed que hay una propuesta con un engrose que se present\u00f3 primero en comisiones unidas, que se present\u00f3 aqu\u00ed a las 10 de la ma\u00f1ana y que la mayor\u00eda estar\u00edamos de acuerdo con los considerandos respecto de los que se se\u00f1ala el n\u00famero de candidaturas de hombres y mujeres para las nueve gubernaturas el a\u00f1o que entra, entonces, me parece que pues tenemos que votar el acuerdo. O se\u00f1ora presidenta le solicito convoque a otra sesi\u00f3n de consejo general con el proyecto de acuerdo lo antes posible, en un plazo de 24 horas\u201d.<\/span><\/p>\n<p class=\"western\"><span style=\"font-size: 14pt;\">Taddei dijo \u201csin necesidad de que lo solicite, as\u00ed se har\u00e1 porque es lo procedente. No se puede repetir la votaci\u00f3n, hay que convocar a una nueva sesi\u00f3n\u201d.<\/span><\/p>\n","protected":false},"excerpt":{"rendered":"<p>Por una confusi\u00f3n en el m\u00e9todo de votaci\u00f3n, el consejo general del Instituto Nacional Electoral (INE) rechaz\u00f3 el proyecto de<\/p>\n","protected":false},"author":4,"featured_media":25026,"comment_status":"closed","ping_status":"closed","sticky":false,"template":"","format":"standard","meta":{"colormag_page_container_layout":"default_layout","colormag_page_sidebar_layout":"default_layout","_jetpack_memberships_contains_paid_content":false,"footnotes":"","jetpack_publicize_message":"","jetpack_publicize_feature_enabled":true,"jetpack_social_post_already_shared":false,"jetpack_social_options":{"image_generator_settings":{"template":"highway","default_image_id":0,"font":"","enabled":false},"version":2}},"categories":[33],"tags":[],"class_list":["post-25025","post","type-post","status-publish","format-standard","has-post-thumbnail","hentry","category-nacional"],"jetpack_publicize_connections":[],"jetpack_featured_media_url":"https:\/\/i0.wp.com\/politicosaldesnudo.com.mx\/wp-content\/uploads\/2023\/10\/5f10db6fccfa0.jpeg?fit=1200%2C675&ssl=1","jetpack-related-posts":[],"jetpack_sharing_enabled":true,"_links":{"self":[{"href":"https:\/\/politicosaldesnudo.com.mx\/index.php\/wp-json\/wp\/v2\/posts\/25025","targetHints":{"allow":["GET"]}}],"collection":[{"href":"https:\/\/politicosaldesnudo.com.mx\/index.php\/wp-json\/wp\/v2\/posts"}],"about":[{"href":"https:\/\/politicosaldesnudo.com.mx\/index.php\/wp-json\/wp\/v2\/types\/post"}],"author":[{"embeddable":true,"href":"https:\/\/politicosaldesnudo.com.mx\/index.php\/wp-json\/wp\/v2\/users\/4"}],"replies":[{"embeddable":true,"href":"https:\/\/politicosaldesnudo.com.mx\/index.php\/wp-json\/wp\/v2\/comments?post=25025"}],"version-history":[{"count":0,"href":"https:\/\/politicosaldesnudo.com.mx\/index.php\/wp-json\/wp\/v2\/posts\/25025\/revisions"}],"wp:featuredmedia":[{"embeddable":true,"href":"https:\/\/politicosaldesnudo.com.mx\/index.php\/wp-json\/wp\/v2\/media\/25026"}],"wp:attachment":[{"href":"https:\/\/politicosaldesnudo.com.mx\/index.php\/wp-json\/wp\/v2\/media?parent=25025"}],"wp:term":[{"taxonomy":"category","embeddable":true,"href":"https:\/\/politicosaldesnudo.com.mx\/index.php\/wp-json\/wp\/v2\/categories?post=25025"},{"taxonomy":"post_tag","embeddable":true,"href":"https:\/\/politicosaldesnudo.com.mx\/index.php\/wp-json\/wp\/v2\/tags?post=25025"}],"curies":[{"name":"wp","href":"https:\/\/api.w.org\/{rel}","templated":true}]}}