{"id":25029,"date":"2023-10-19T19:19:08","date_gmt":"2023-10-20T00:19:08","guid":{"rendered":"https:\/\/politicosaldesnudo.com.mx\/?p=25029"},"modified":"2023-10-19T19:19:08","modified_gmt":"2023-10-20T00:19:08","slug":"exportaciones-de-crudo-se-reduciran-71-en-2024-sener","status":"publish","type":"post","link":"https:\/\/politicosaldesnudo.com.mx\/index.php\/2023\/10\/19\/exportaciones-de-crudo-se-reduciran-71-en-2024-sener\/","title":{"rendered":"Exportaciones de crudo se reducir\u00e1n 71% en 2024: Sener"},"content":{"rendered":"<p><span style=\"font-size: 14pt;\">La exportaci\u00f3n de crudo del pa\u00eds se reducir\u00e1 a partir del pr\u00f3ximo a\u00f1o alrededor de 71.34 por ciento, pues dicho volumen que se vende en el mercado exterior se destinar\u00e1 a las refiner\u00edas que existen en el territorio nacional, dijo Miguel \u00c1ngel Maciel Torres, titular de la Secretar\u00eda de Energ\u00eda (Sener).<\/span><\/p>\n<p><span style=\"font-size: 14pt;\">\u201cEsperamos que la mezcla mexicana se deje de exportar, es decir, un gran volumen, se deja de exportar porque vamos a dedicarlo, a meterlo a la refinaci\u00f3n y en las refiner\u00edas lograr\u00edamos en el 2024 disminuir a 300 mil barriles por d\u00eda\u201d, dijo el funcionario durante una ponencia en el 5 Congreso de Energ\u00eda de Veracruz.<\/span><\/p>\n<p><span style=\"font-size: 14pt;\">De acuerdo con datos de la Sener, en este a\u00f1o en promedio se exportar\u00e1n un mill\u00f3n 033 mil barriles diarios, dato que se prev\u00e9 sea menor en 71.34 por ciento al promediar 296 mil barriles diarios.<\/span><\/p>\n<p><img data-recalc-dims=\"1\" loading=\"lazy\" decoding=\"async\" class=\"aligncenter size-full wp-image-25031\" src=\"https:\/\/i0.wp.com\/politicosaldesnudo.com.mx\/wp-content\/uploads\/2023\/10\/th-2.jpg?resize=474%2C329&#038;ssl=1\" alt=\"\" width=\"474\" height=\"329\" srcset=\"https:\/\/i0.wp.com\/politicosaldesnudo.com.mx\/wp-content\/uploads\/2023\/10\/th-2.jpg?w=474&amp;ssl=1 474w, https:\/\/i0.wp.com\/politicosaldesnudo.com.mx\/wp-content\/uploads\/2023\/10\/th-2.jpg?resize=300%2C208&amp;ssl=1 300w, https:\/\/i0.wp.com\/politicosaldesnudo.com.mx\/wp-content\/uploads\/2023\/10\/th-2.jpg?resize=392%2C272&amp;ssl=1 392w, https:\/\/i0.wp.com\/politicosaldesnudo.com.mx\/wp-content\/uploads\/2023\/10\/th-2.jpg?resize=130%2C90&amp;ssl=1 130w\" sizes=\"auto, (max-width: 474px) 100vw, 474px\" \/><\/p>\n<p><span style=\"font-size: 14pt;\">Maciel Torres se\u00f1al\u00f3 que este plan de la actual administraci\u00f3n no es un secreto. \u201cNo hay que ocultar lo que lo que pretendemos\u201d, dijo.<\/span><\/p>\n<p><span style=\"font-size: 14pt;\">Explic\u00f3 que, como ha dicho el presidente Andr\u00e9s Manuel L\u00f3pez Obrador, M\u00e9xico \u201cdejar\u00e1 de vender naranjas para comprar jugo de naranja\u201d.<\/span><\/p>\n<p><span style=\"font-size: 14pt;\">Coment\u00f3 que el pa\u00eds vende el producto para obtenerlo de regreso como combustibles, como gasolinas, el cual implica mayores costos, por el proceso que se sigue en su fabricaci\u00f3n, pero tambi\u00e9n de su movilizaci\u00f3n.<\/span><\/p>\n<p><span style=\"font-size: 14pt;\">\u201cA la hora de importarlo (cada barril de gasolina o di\u00e9sel) tenemos que agregarle el precio del combustible, el precio del proceso, M\u00e9xico tiene que pagar el proceso de la refiner\u00edas de de otros pa\u00edses para que nos regresen, m\u00e1s los costos de transporte, para que nos regresen un producto que ya tiene un costo de proceso y otras cosas adicionales, entonces no hay ning\u00fan secreto que lo que m\u00e1s nos conviene es procesar nuestro crudo en M\u00e9xico\u201d, destac\u00f3<\/span><\/p>\n<p><span style=\"font-size: 14pt;\">Anot\u00f3 que el precio de los combustibles f\u00f3siles son vol\u00e1tiles, debido a que son sensibles al acontecimiento geopol\u00edtico como los conflictos b\u00e9licos.<\/span><\/p>\n<p><span style=\"font-size: 14pt;\">\u201cEl pa\u00eds que importa tendr\u00e1 que pagar un sobreprecio por situaciones ajenas al pa\u00eds entonces realmente nuestra expectativa es justamente cu\u00e1nto ganamos y cu\u00e1nto perdemos\u201d, advirti\u00f3.<\/span><\/p>\n<p><span style=\"font-size: 14pt;\">Mencion\u00f3 que la pol\u00edtica de la actual administraci\u00f3n es \u201chacer la sustituci\u00f3n de manera ordenada, para ir cambiando las importaciones por producci\u00f3n nacional\u201d.<\/span><\/p>\n<p><span style=\"font-size: 14pt;\">Adelant\u00f3 que para 2024-2025 M\u00e9xico producir\u00e1 el 80 por ciento de gasolina, para 2026 cuatro quintas partes del di\u00e9sel que se consume en el territorio nacional y caer\u00e1 la producci\u00f3n de combust\u00f3leo.<\/span><\/p>\n<p><span style=\"font-size: 14pt;\">El funcionario coment\u00f3 que en el pa\u00eds se consumen alrededor de un mill\u00f3n de barriles diarios de combustibles, mientras que la compra de autom\u00f3viles de combusti\u00f3n interna sigue en crecimiento en M\u00e9xico.<\/span><\/p>\n<p><span style=\"font-size: 14pt;\">\u201cTengan la seguridad de que vamos en la ruta correcta, vamos a asegurar el suministro de energ\u00eda y Combustibles a los mexicanos de forma sustentable\u201d, coment\u00f3.<\/span><\/p>\n<p><span style=\"font-size: 14pt;\">Se\u00f1al\u00f3 que en la inflaci\u00f3n de energ\u00e9ticos, M\u00e9xico ha sido eficiente y se han logrado buenos resultados. \u201cHay un tema de control en gas LP, en gasolina di\u00e9sel, en los productos que en las tarifas el\u00e9ctricas que hemos mantenido ya inclusive para abajo de la inflaci\u00f3n\u201d, dijo.<\/span><\/p>\n","protected":false},"excerpt":{"rendered":"<p>La exportaci\u00f3n de crudo del pa\u00eds se reducir\u00e1 a partir del pr\u00f3ximo a\u00f1o alrededor de 71.34 por ciento, pues dicho<\/p>\n","protected":false},"author":4,"featured_media":25030,"comment_status":"closed","ping_status":"closed","sticky":false,"template":"","format":"standard","meta":{"colormag_page_container_layout":"default_layout","colormag_page_sidebar_layout":"default_layout","_jetpack_memberships_contains_paid_content":false,"footnotes":"","jetpack_publicize_message":"","jetpack_publicize_feature_enabled":true,"jetpack_social_post_already_shared":false,"jetpack_social_options":{"image_generator_settings":{"template":"highway","default_image_id":0,"font":"","enabled":false},"version":2}},"categories":[33],"tags":[],"class_list":["post-25029","post","type-post","status-publish","format-standard","has-post-thumbnail","hentry","category-nacional"],"jetpack_publicize_connections":[],"jetpack_featured_media_url":"https:\/\/i0.wp.com\/politicosaldesnudo.com.mx\/wp-content\/uploads\/2023\/10\/descarga.jpg?fit=1600%2C1066&ssl=1","jetpack-related-posts":[],"jetpack_sharing_enabled":true,"_links":{"self":[{"href":"https:\/\/politicosaldesnudo.com.mx\/index.php\/wp-json\/wp\/v2\/posts\/25029","targetHints":{"allow":["GET"]}}],"collection":[{"href":"https:\/\/politicosaldesnudo.com.mx\/index.php\/wp-json\/wp\/v2\/posts"}],"about":[{"href":"https:\/\/politicosaldesnudo.com.mx\/index.php\/wp-json\/wp\/v2\/types\/post"}],"author":[{"embeddable":true,"href":"https:\/\/politicosaldesnudo.com.mx\/index.php\/wp-json\/wp\/v2\/users\/4"}],"replies":[{"embeddable":true,"href":"https:\/\/politicosaldesnudo.com.mx\/index.php\/wp-json\/wp\/v2\/comments?post=25029"}],"version-history":[{"count":0,"href":"https:\/\/politicosaldesnudo.com.mx\/index.php\/wp-json\/wp\/v2\/posts\/25029\/revisions"}],"wp:featuredmedia":[{"embeddable":true,"href":"https:\/\/politicosaldesnudo.com.mx\/index.php\/wp-json\/wp\/v2\/media\/25030"}],"wp:attachment":[{"href":"https:\/\/politicosaldesnudo.com.mx\/index.php\/wp-json\/wp\/v2\/media?parent=25029"}],"wp:term":[{"taxonomy":"category","embeddable":true,"href":"https:\/\/politicosaldesnudo.com.mx\/index.php\/wp-json\/wp\/v2\/categories?post=25029"},{"taxonomy":"post_tag","embeddable":true,"href":"https:\/\/politicosaldesnudo.com.mx\/index.php\/wp-json\/wp\/v2\/tags?post=25029"}],"curies":[{"name":"wp","href":"https:\/\/api.w.org\/{rel}","templated":true}]}}