{"id":25092,"date":"2023-10-20T19:30:12","date_gmt":"2023-10-21T00:30:12","guid":{"rendered":"https:\/\/politicosaldesnudo.com.mx\/?p=25092"},"modified":"2023-10-20T19:30:12","modified_gmt":"2023-10-21T00:30:12","slug":"ventas-minoristas-retrocedieron-0-4-mensual-en-agosto-inegi","status":"publish","type":"post","link":"https:\/\/politicosaldesnudo.com.mx\/index.php\/2023\/10\/20\/ventas-minoristas-retrocedieron-0-4-mensual-en-agosto-inegi\/","title":{"rendered":"Ventas minoristas retrocedieron 0.4% mensual en agosto: Inegi"},"content":{"rendered":"<p><span style=\"font-size: 14pt;\">CDMX.- Las ventas del comercio minorista cayeron 0.4 por ciento en agosto con respecto a julio, resultado que no solo signific\u00f3 la segunda contracci\u00f3n mensual consecutiva, sino la mayor en cinco meses, inform\u00f3 este viernes el Instituto Nacional de Estad\u00edstica y Geograf\u00eda (Inegi).<\/span><\/p>\n<p><span style=\"font-size: 14pt;\">De acuerdo con los Indicadores de Empresas Comerciales, crecieron nueve de 23 componentes a tasa mensual, cuatro menos que el mes anterior.<\/span><\/p>\n<p><span style=\"font-size: 14pt;\">Los componentes departamentales, calzado, ropa, perfumer\u00eda y joyer\u00eda, autos y refacciones destacaron por un comportamiento positivo mensual.<\/span><\/p>\n<p><span style=\"font-size: 14pt;\">Analistas del banco Ve Por M\u00e1s comentaron que la d\u00e9bil lectura en las ventas minoristas ocurri\u00f3 pese a los bajos niveles de desempleo; a la desaceleraci\u00f3n en la inflaci\u00f3n, que ese ubic\u00f3 4.64 por ciento a tasa anual; y a que la confianza del consumidor se ubic\u00f3 en su mayor nivel desde marzo de 2019.<\/span><\/p>\n<p><img data-recalc-dims=\"1\" loading=\"lazy\" decoding=\"async\" class=\"aligncenter size-full wp-image-25093\" src=\"https:\/\/i0.wp.com\/politicosaldesnudo.com.mx\/wp-content\/uploads\/2023\/10\/IN.jpg?resize=800%2C400&#038;ssl=1\" alt=\"\" width=\"800\" height=\"400\" srcset=\"https:\/\/i0.wp.com\/politicosaldesnudo.com.mx\/wp-content\/uploads\/2023\/10\/IN.jpg?w=1024&amp;ssl=1 1024w, https:\/\/i0.wp.com\/politicosaldesnudo.com.mx\/wp-content\/uploads\/2023\/10\/IN.jpg?resize=300%2C150&amp;ssl=1 300w, https:\/\/i0.wp.com\/politicosaldesnudo.com.mx\/wp-content\/uploads\/2023\/10\/IN.jpg?resize=768%2C384&amp;ssl=1 768w\" sizes=\"auto, (max-width: 800px) 100vw, 800px\" \/><\/p>\n<p><span style=\"font-size: 14pt;\">Apunt\u00f3 que la p\u00e9rdida en el poder adquisitivo de las remesas pudo restar impulso al consumo, 8.2 por ciento anual al convertirlas en pesos mexicanos.<\/span><\/p>\n<p><span style=\"font-size: 14pt;\">No obstante, en comparaci\u00f3n con el octavo mes del a\u00f1o las ventas de las empresas comerciales al por menor observaron un aumento de 3.2 por ciento, aunque este dato mostr\u00f3 una desaceleraci\u00f3n frente a periodos anteriores.<\/span><\/p>\n<p><span style=\"font-size: 14pt;\">Los analistas de Ve Por M\u00e1s comentaron que en los siguientes meses las ventas del comercio minorista pueden \u201cmostrar cierta resistencia\u201d debido a la solidez del mercado laboral y a una desaceleraci\u00f3n en la inflaci\u00f3n.<\/span><\/p>\n<p><span style=\"font-size: 14pt;\">No obstante, indicaron que al cierre de este a\u00f1o e inicios del otro \u201cel consumo comenzar\u00eda a exhibir un desempe\u00f1o menos favorable\u201d, debido a que el desempleo repuntar\u00eda ligeramente, en un entorno de desaceleraci\u00f3n econ\u00f3mica, mientras que la inflaci\u00f3n, en particular la relacionada con alimentos, continuar\u00e1 relativamente elevada. Adem\u00e1s, una desaceleraci\u00f3n econ\u00f3mica de Estados Unidos conllevar\u00eda a un menor dinamismo en las remesas.<\/span><\/p>\n<p><span style=\"font-size: 14pt;\">El personal ocupado en las empresas minoristas creci\u00f3 0.1 y 1.5 por ciento, mensual y anualmente, respectivamente, mientras que las remuneraciones medias reales crecieron 1.5 por ciento en agosto frente a julio y 9.8 por ciento respecto al octavo mes del a\u00f1o pasado.<\/span><\/p>\n<p><span style=\"font-size: 14pt;\">Los ingresos del comercio mayorista observaron avances de 3.5 por ciento frente al s\u00e9ptimo mes del a\u00f1o y 1.9 por ciento a tasa anual.<\/span><\/p>\n<p><span style=\"font-size: 14pt;\">Por otra parte, los ingresos por suministro de bienes y servicios observ\u00f3 un aumento de 0.3 por ciento, de acuerdo con los Indicadores del Sector Servicios.<\/span><\/p>\n<p><span style=\"font-size: 14pt;\">En su variaci\u00f3n anual, las ventas de la empresas del sector servicios crecieron 1.6 por ciento con cifras ajustadas por estacionalidad.<\/span><\/p>\n<p><span style=\"font-size: 14pt;\">De 10 componentes, cuatro observaron un comportamiento negativo. Los servicios de apoyo a los negocios y manejo de residuos, y servicios de remediaci\u00f3n observaron el mayor crecimiento mensual, que fue de 3.1 por ciento. Por el contrario, los negocios del sector inmobiliario y de alquiler de bienes muebles e intangibles cay\u00f3 2.4 por ciento frente al s\u00e9ptimo mes.<\/span><\/p>\n<p><span style=\"font-size: 14pt;\">En su variaci\u00f3n anual, se observaron retrocesos en tres de los 10 ramos. El que tuvo mayor crecimiento fue servicios profesionales, cient\u00edficos y t\u00e9cnicos con 9.8 por ciento frente a agosto del a\u00f1o pasado, aunque transportes, correos y almacenamiento cay\u00f3 10.7 por ciento.<\/span><\/p>\n","protected":false},"excerpt":{"rendered":"<p>CDMX.- Las ventas del comercio minorista cayeron 0.4 por ciento en agosto con respecto a julio, resultado que no solo<\/p>\n","protected":false},"author":4,"featured_media":25094,"comment_status":"closed","ping_status":"closed","sticky":false,"template":"","format":"standard","meta":{"colormag_page_container_layout":"default_layout","colormag_page_sidebar_layout":"default_layout","_jetpack_memberships_contains_paid_content":false,"footnotes":"","jetpack_publicize_message":"","jetpack_publicize_feature_enabled":true,"jetpack_social_post_already_shared":false,"jetpack_social_options":{"image_generator_settings":{"template":"highway","default_image_id":0,"font":"","enabled":false},"version":2}},"categories":[2050],"tags":[],"class_list":["post-25092","post","type-post","status-publish","format-standard","has-post-thumbnail","hentry","category-economia"],"jetpack_publicize_connections":[],"jetpack_featured_media_url":"https:\/\/i0.wp.com\/politicosaldesnudo.com.mx\/wp-content\/uploads\/2023\/10\/Inegi.jpg?fit=960%2C599&ssl=1","jetpack-related-posts":[],"jetpack_sharing_enabled":true,"_links":{"self":[{"href":"https:\/\/politicosaldesnudo.com.mx\/index.php\/wp-json\/wp\/v2\/posts\/25092","targetHints":{"allow":["GET"]}}],"collection":[{"href":"https:\/\/politicosaldesnudo.com.mx\/index.php\/wp-json\/wp\/v2\/posts"}],"about":[{"href":"https:\/\/politicosaldesnudo.com.mx\/index.php\/wp-json\/wp\/v2\/types\/post"}],"author":[{"embeddable":true,"href":"https:\/\/politicosaldesnudo.com.mx\/index.php\/wp-json\/wp\/v2\/users\/4"}],"replies":[{"embeddable":true,"href":"https:\/\/politicosaldesnudo.com.mx\/index.php\/wp-json\/wp\/v2\/comments?post=25092"}],"version-history":[{"count":0,"href":"https:\/\/politicosaldesnudo.com.mx\/index.php\/wp-json\/wp\/v2\/posts\/25092\/revisions"}],"wp:featuredmedia":[{"embeddable":true,"href":"https:\/\/politicosaldesnudo.com.mx\/index.php\/wp-json\/wp\/v2\/media\/25094"}],"wp:attachment":[{"href":"https:\/\/politicosaldesnudo.com.mx\/index.php\/wp-json\/wp\/v2\/media?parent=25092"}],"wp:term":[{"taxonomy":"category","embeddable":true,"href":"https:\/\/politicosaldesnudo.com.mx\/index.php\/wp-json\/wp\/v2\/categories?post=25092"},{"taxonomy":"post_tag","embeddable":true,"href":"https:\/\/politicosaldesnudo.com.mx\/index.php\/wp-json\/wp\/v2\/tags?post=25092"}],"curies":[{"name":"wp","href":"https:\/\/api.w.org\/{rel}","templated":true}]}}