{"id":25116,"date":"2023-10-21T14:42:37","date_gmt":"2023-10-21T19:42:37","guid":{"rendered":"https:\/\/politicosaldesnudo.com.mx\/?p=25116"},"modified":"2023-10-21T14:42:37","modified_gmt":"2023-10-21T19:42:37","slug":"avalados-por-ministros-de-la-corte-el-saqueo-y-atraco-a-la-nacion-se-consuma","status":"publish","type":"post","link":"https:\/\/politicosaldesnudo.com.mx\/index.php\/2023\/10\/21\/avalados-por-ministros-de-la-corte-el-saqueo-y-atraco-a-la-nacion-se-consuma\/","title":{"rendered":"Avalados por ministros de la corte, el saqueo y atraco a la naci\u00f3n  se consuma"},"content":{"rendered":"<p><span style=\"font-size: 14pt;\"><strong>Por Jose Lima Cobos<\/strong><\/span><\/p>\n<p><span style=\"font-size: 14pt;\">Es incuestionable que con el aval c\u00f3mplice o complaciente de los Ministros de la Suprema Corte de Justicia de la Naci\u00f3n, el atraco y saqueo de los recursos del pa\u00eds han encontrado el \u00e9xito de que las privatizaciones se vayan consolidando y lo ser\u00e1n m\u00e1s, si, como quiere la oligarqu\u00eda, que la democracia que se viva en el pa\u00eds sea simulada, como ha funcionado y que, con un cambio pac\u00edfico, como el que se est\u00e1 promoviendo, no revolucione la conciencia de la sociedad, es decir que el pueblo no se adentre en el conocimiento de hacia donde se quiere ir, como el bienestar para todos y no para la minor\u00eda rapaz que cuenta con el benepl\u00e1cito del poder judicial, en consecuencia que se diga que todo es para el pueblo, sin el pueblo.<\/span><\/p>\n<p><span style=\"font-size: 14pt;\">Si se quiere un cambio en el Poder Judicial de la Federaci\u00f3n, ello se alcanzar\u00e1 cuando quienes integren ese poder, sean producto de la voluntad ciudadana y no de las componendas que se maniobran entre el presidente de la rep\u00fablica con los intereses creados, esto es que la naci\u00f3n marche de tal manera que, si existe la revocaci\u00f3n del mandato, se pueda extender a todos los niveles de manera que nadie se sienta indispensable para estar en el gobierno y se termine esa corrupci\u00f3n que impera en que exista un gobierno de enriquecidos con los recursos de la naci\u00f3n, en tanto el pueblo carezca de lo indispensable.<\/span><\/p>\n<p><span style=\"font-size: 14pt;\">Lo que se busca es que, jam\u00e1s y para siempre, los privilegios de las minor\u00edas se extingan, de tal forma que se gobierne obedeciendo, como postulaba el presidente Ju\u00e1rez, de ah\u00ed que es espeluznante y vergonzoso ver que los ministros de la corte manipulen a su personal para que paralicen sus actividades, cuando el sentimiento nacional es en su contra, porque est\u00e1 demostrado que la justicia siempre ha estado, al servicio del mejor postor o de los intereses de las minor\u00edas enriquecidas al amparo de la explotaci\u00f3n o atraco, \u2013por lo general en base a privilegios que provienen de gobierno, verbigracia de las concesiones en carreteras, puentes, c\u00e1rceles, hospitales o bien edificio para las llamadas ciudades judiciales que no son otra cosa que edificios muertos que sirven para mantener en el pueblo que existe una autoridad que lo defiende y protege\u2013.<\/span><\/p>\n<p><span style=\"font-size: 14pt;\">El presidente L\u00f3pez Obrador aplaude que los trabajadores del Poder Judicial se manifiesten de manera libre, \u2013este hecho es hist\u00f3rico que el Poder Judicial salga a la calle y existe la garant\u00eda de que no ser\u00e1n reprimidos por la fuerza del Estado\u2013, sin embargo, se les advierte que no se dejen manipular, porque es \u00a0bien sabido \u2013es del dominio p\u00fablico\u2013 que los jueces, magistrados y ministros cuando llegan a esos cargos, se aprovechan de vicios graves y punibles que existen en su interior, \u2013acoso sexual, influyentismo, amiguismo, etc\u00e9tera\u2013 \u00a0pero que no se castiga y, \u2013de manera enunciativa no limitativa, por no ser el \u00fanico- est\u00e1 el caso del Ministro en retiro G\u00f3ngora Pimentel, que se uni\u00f3 a una persona, colaboradora en la Suprema Corte y se gener\u00f3 el esc\u00e1ndalo de esa relaci\u00f3n, y se dice, que no es el \u00fanico, luego entonces, se da la razonable sospecha de que los chantajes est\u00e1n a la vista y las presiones est\u00e1n a la orden del d\u00eda, lo que lleva a pensar que el Estado Mexicano est\u00e1 constituido de bandidos contumaces.<\/span><\/p>\n<p><span style=\"font-size: 14pt;\">Todo lo ampara la corrupci\u00f3n \u2013que ahora es delito grave y que ser\u00e1 dif\u00edcil que se aplique a la oligarqu\u00eda\u2013pues si se resisten los actuales funcionarios de ese poder a observar las mismas reformas que hizo el ex panista Felipe Calder\u00f3n de Hinojoza \u2013ahora refugiado en Espa\u00f1a, al amparo de la empresa de energ\u00eda el\u00e9ctrica que el prodig\u00f3 con contratos y concesiones, al igual que Zedillo, con los ferrocarriles nacionales que privatiz\u00f3\u00a0 para luego enganchase, como cualquier ga\u00f1an a su servicio en Estados Unidos y en abono a su patriotismo glorioso\u2013, es el mismo que gener\u00f3 el Fobaproa \u2013convirtiendo las deudas privadas de atracadores y saqueadores nacionales y extranjeros, \u00a0en deudas perennes para los mexicanos\u2013 menos van aceptar que se aplique el art\u00edculo 127 Constitucional que Calder\u00f3n promovi\u00f3 para que ning\u00fan servidor p\u00fablico gane m\u00e1s que el presidente de la rep\u00fablica ni existan privilegios, luego entonces, el manipuleo con los trabajadores del Poder Judicial viene de la presi\u00f3n de los ministros, jueces y magistrados, porque se conoce de lo que son capaces, cuando ninguno \u2013raras excepciones\u2013 se atienden los hostigamiento de que son v\u00edctimas los empleados que est\u00e1n luchando para s\u00ed, sino para que sus jefes mantengas los privilegios como percibir de manera extraordinaria treinta mil pesos para comidas y cuarenta mil pesos para alimentos que no tiene justificaci\u00f3n alguna.<\/span><\/p>\n<p><span style=\"font-size: 14pt;\">Si est\u00e1 probado y evidenciado que existen miles de personas en prisi\u00f3n, de ah\u00ed que el presidente L\u00f3pez Obrador ve con buenos ojos que los trabajadores se mantengan en paro, pues al fin y al cabo la injusticia no se remedia, luego quiere que los jueces, ministros y magistrados, salgan a la calle para que se les borre de su cara el color burocr\u00e1tico que tienen, pues apoltronados en sus escritorios no creo que se les cambie y m\u00e1s que nada para que se les conozca y no est\u00e9n sumidos en su anonimato, si se conozca que se reclama.<\/span><\/p>\n<p><span style=\"font-size: 14pt;\">De las reformas criminales que se han hecho a la constituci\u00f3n y que los ministros no han visto, aunque haya se\u00f1alamientos, destacan, por ejemplo, las privatizaciones en materia agraria \u2013destroz\u00f3 al ejido\u2013, la el\u00e9ctrica, donde cuarenta mil trabajadores mando a la calle Calder\u00f3n y otras tantas, \u2013aproximadamente 136 reformas de fondo\u2013 que por verg\u00fcenza no reproduzco, pero que no vengan con el cuento de que son guardianes de la constituci\u00f3n, por el contrario, solapadores y beneficiaros de los recursos de la naci\u00f3n y proclives a privilegios que son execrables.<\/span><\/p>\n<p><span style=\"font-size: 14pt;\">C\u00f3mo olvidar el Fobaproa o el anatocismo que aval\u00f3 la corte en contra del pueblo de M\u00e9xico, por eso es, por dem\u00e1s deleznable que los trabajadores de ese poder se exhiban, lo que quiere decir que as\u00ed como los ministros no tienen dignidad ante las denuncias que un d\u00eda si y otro tambi\u00e9n, el presidente de la rep\u00fablica \u00a0los se\u00f1ala como un poder judicial podrido y nadie renuncia por dignidad como lo hizo el ministro V\u00e1zquez del Mercado que, siendo presidente de la rep\u00fablica Portes Gil, le present\u00f3 su renuncia donde le manifestaba que lo hacia por dignidad ante las violaciones a los amparos concedidos por los jueces, sin olvidar tan poco que en el escrito enviado al senado de la rep\u00fablica para que conociera de esa renuncia, se aclar\u00f3 que se le aceptara pero por indigno y as\u00ed consta en los anales de la propia Corte.<\/span><\/p>\n<p><span style=\"font-size: 14pt;\">Si ese hecho hist\u00f3rico debe ser \u00a0motivo de orgullo de los ministros, que se espera de los actuales para no hacerlo de igual forma\u00a0 para \u00a0salvar su dignidad y decoro, solo que hoy se piensa m\u00e1s en la placenta \u00a0que abunda desde el gobierno de la rep\u00fablica para vivan con\u00a0 esos recursos que son del \u00b4pueblo y solo fluyen para su enriquecimiento espurio. La dignidad no existe, como se ve , menos \u00a0\u00a0la moral p\u00fablica les \u00a0es ajena, solo piensan en su conveniencia , porque con menos de lo que los acusa el presidente de todos los mexicanos, cualquier hijo de \u00a0vecino hubiera tirado la toalla \u00a0y abandonado el espacio para que \u00a0arriben personas con principios \u00a0y un poco de verg\u00fcenza .<\/span><\/p>\n<p><span style=\"font-size: 14pt;\">Decir, por ejemplo, que el l\u00edder sindical de la Corte \u00a0est\u00e1 \u00a0abonando a la defensa de los sindicalizados, es tan farsante como la impunidad en que vivi\u00f3 Deschamps \u00a0por \u00a0m\u00e1s\u00a0 de veinte a\u00f1os \u00a0en Pemex , hasta que la muerte lleg\u00f3, ah, pero si \u00a0se abriera una investigaci\u00f3n, se ver\u00eda el nivel de\u00a0 corrupci\u00f3n\u00a0 en la vivi\u00f3 y sin duda es secundado por dem\u00e1s bribones que, al primer grito ahuecan el ala, si de por medio est\u00e1 la c\u00e1rcel, lo que es una referencia obligada.<\/span><\/p>\n<p><img data-recalc-dims=\"1\" loading=\"lazy\" decoding=\"async\" class=\"aligncenter size-full wp-image-24821\" src=\"https:\/\/i0.wp.com\/politicosaldesnudo.com.mx\/wp-content\/uploads\/2023\/10\/FIRMA-EDITORIAL-PD-1.jpg?resize=800%2C98&#038;ssl=1\" alt=\"\" width=\"800\" height=\"98\" srcset=\"https:\/\/i0.wp.com\/politicosaldesnudo.com.mx\/wp-content\/uploads\/2023\/10\/FIRMA-EDITORIAL-PD-1.jpg?w=1024&amp;ssl=1 1024w, https:\/\/i0.wp.com\/politicosaldesnudo.com.mx\/wp-content\/uploads\/2023\/10\/FIRMA-EDITORIAL-PD-1.jpg?resize=300%2C37&amp;ssl=1 300w, https:\/\/i0.wp.com\/politicosaldesnudo.com.mx\/wp-content\/uploads\/2023\/10\/FIRMA-EDITORIAL-PD-1.jpg?resize=768%2C94&amp;ssl=1 768w\" sizes=\"auto, (max-width: 800px) 100vw, 800px\" \/><\/p>\n","protected":false},"excerpt":{"rendered":"<p>Por Jose Lima Cobos Es incuestionable que con el aval c\u00f3mplice o complaciente de los Ministros de la Suprema Corte<\/p>\n","protected":false},"author":4,"featured_media":4215,"comment_status":"closed","ping_status":"closed","sticky":false,"template":"","format":"standard","meta":{"colormag_page_container_layout":"default_layout","colormag_page_sidebar_layout":"default_layout","_jetpack_memberships_contains_paid_content":false,"footnotes":"","jetpack_publicize_message":"","jetpack_publicize_feature_enabled":true,"jetpack_social_post_already_shared":false,"jetpack_social_options":{"image_generator_settings":{"template":"highway","default_image_id":0,"font":"","enabled":false},"version":2}},"categories":[26],"tags":[],"class_list":["post-25116","post","type-post","status-publish","format-standard","has-post-thumbnail","hentry","category-columnistas"],"jetpack_publicize_connections":[],"jetpack_featured_media_url":"https:\/\/i0.wp.com\/politicosaldesnudo.com.mx\/wp-content\/uploads\/2022\/04\/JOSE%CC%81-LIMA-COBOS.png?fit=1816%2C1016&ssl=1","jetpack-related-posts":[],"jetpack_sharing_enabled":true,"_links":{"self":[{"href":"https:\/\/politicosaldesnudo.com.mx\/index.php\/wp-json\/wp\/v2\/posts\/25116","targetHints":{"allow":["GET"]}}],"collection":[{"href":"https:\/\/politicosaldesnudo.com.mx\/index.php\/wp-json\/wp\/v2\/posts"}],"about":[{"href":"https:\/\/politicosaldesnudo.com.mx\/index.php\/wp-json\/wp\/v2\/types\/post"}],"author":[{"embeddable":true,"href":"https:\/\/politicosaldesnudo.com.mx\/index.php\/wp-json\/wp\/v2\/users\/4"}],"replies":[{"embeddable":true,"href":"https:\/\/politicosaldesnudo.com.mx\/index.php\/wp-json\/wp\/v2\/comments?post=25116"}],"version-history":[{"count":0,"href":"https:\/\/politicosaldesnudo.com.mx\/index.php\/wp-json\/wp\/v2\/posts\/25116\/revisions"}],"wp:featuredmedia":[{"embeddable":true,"href":"https:\/\/politicosaldesnudo.com.mx\/index.php\/wp-json\/wp\/v2\/media\/4215"}],"wp:attachment":[{"href":"https:\/\/politicosaldesnudo.com.mx\/index.php\/wp-json\/wp\/v2\/media?parent=25116"}],"wp:term":[{"taxonomy":"category","embeddable":true,"href":"https:\/\/politicosaldesnudo.com.mx\/index.php\/wp-json\/wp\/v2\/categories?post=25116"},{"taxonomy":"post_tag","embeddable":true,"href":"https:\/\/politicosaldesnudo.com.mx\/index.php\/wp-json\/wp\/v2\/tags?post=25116"}],"curies":[{"name":"wp","href":"https:\/\/api.w.org\/{rel}","templated":true}]}}