{"id":25150,"date":"2023-10-30T01:30:13","date_gmt":"2023-10-30T07:30:13","guid":{"rendered":"https:\/\/politicosaldesnudo.com.mx\/?p=25150"},"modified":"2023-10-30T01:30:13","modified_gmt":"2023-10-30T07:30:13","slug":"crimen-de-lesa-humanidad-en-guerrero","status":"publish","type":"post","link":"https:\/\/politicosaldesnudo.com.mx\/index.php\/2023\/10\/30\/crimen-de-lesa-humanidad-en-guerrero\/","title":{"rendered":"Crimen de lesa humanidad en Guerrero"},"content":{"rendered":"<p><span style=\"font-size: 14pt;\"><strong>Por Dra. Zaida Alicia Llado Castillo<\/strong><\/span><\/p>\n<p><em><span style=\"font-size: 12pt;\">Entre un gobierno que lo hace mal, y un pueblo de que lo consienta, hay cierta complicidad vergonzosa. <\/span><\/em><em><span style=\"font-size: 14pt;\"><span style=\"font-size: 12pt;\">V\u00edctor Hugo.<\/span> <\/span><\/em><\/p>\n<p><span style=\"font-size: 14pt;\">El paso del <strong><em>Cicl\u00f3n \u201cOtis\u201d,<\/em><\/strong> que caus\u00f3 devastaci\u00f3n y muerte en el Estado de Guerrero a partir de las 0.25 horas del mi\u00e9rcoles 25 de octubre de 2023 nos ha consternado a todos, no solo por lo que significa sentirse impotente ante la furia de la naturaleza, sino tambi\u00e9n por no contar con el apoyo de quienes por obligaci\u00f3n deben darlo, los gobiernos federal, estatal y municipales de ese estado; \u00a0y, \u00a0no hay escusa o justificaci\u00f3n que valga por parte de estos, cuando es evidente la falta de sensibilidad, responsabilidad y capacidad demostrada para responder asertivamente frente una cat\u00e1strofe de este nivel.<\/span><\/p>\n<p><span style=\"font-size: 14pt;\">Y es que al conocerse la potencia del meteoro -270 k\/h y rachas de 300-, a trav\u00e9s de los medios de comunicaci\u00f3n y posteriormente las redes sociales, y ver im\u00e1genes impactantes de los da\u00f1os en casas-habitaci\u00f3n, del saqueo en comercios por parte de una poblaci\u00f3n desesperada que lo perdi\u00f3 todo; de la falta de servicios (luz , agua, telefon\u00eda, etc.); de escuchar el reclamo de los guerrerenses afectados, principalmente del Municipio de Acapulco, de ver que no llegaron v\u00edveres a tiempo y por ende sufrir la escases de alimentos y no tener ni una botella de agua para poder saciar la sed; \u00a0de ver a muchas familias llorar a sus muertos tendidos en una banqueta por no saber qu\u00e9 hacer con ellos- aun habiendo pasado 96 horas (4 d\u00edas) desde que aconteciera la emergencia entre tantas otras cosas lamentables, a los mexicanos nos llena \u00a0de indignaci\u00f3n y tenemos derecho a externarla , porque nos ha colmado hasta el extremo la displicencia y minimizaci\u00f3n que ha querido hacer el Presidente y las autoridades de ese estado, respecto a los hechos.<\/span><\/p>\n<p><span style=\"font-size: 14pt;\">De nada sirvi\u00f3 el esfuerzo de d\u00e9cadas del gobierno mexicano de afinar sus programas y protocolos de atenci\u00f3n para emergencias y desastres naturales, proyectos que part\u00edan de la base <strong>de que nuestro territorio est\u00e1 expuesto permanentemente a los fen\u00f3menos climatol\u00f3gicos (tormentas, ciclones, temblores, inundaciones, etc.), pero tambi\u00e9n a eventos que pueden poner en riesgo la salud y la vida de los mexicanos (pandemias, incendios, contingencias o accidentes masivos, etc.) <\/strong><\/span><\/p>\n<p><span style=\"font-size: 14pt;\">De nada sirvi\u00f3 la experiencia y preparaci\u00f3n acumulada de a\u00f1os, de los t\u00e9cnicos y especialistas en Protecci\u00f3n Civil, de m\u00e9dicos y personal de salud que saben c\u00f3mo proteger a la poblaci\u00f3n para no agravar el estado de crisis, de elementos de la Armada de M\u00e9xico que han vivido en otros momentos esos eventos, de cuerpos de seguridad estatales y municipales y gobiernos en los 3 niveles, que en el pasado, se reun\u00edan meses antes de la temporada de huracanes , a planear las formas de prevenci\u00f3n e intervenci\u00f3n en caso de un desastre. Personal que se perfeccion\u00f3 y profesionaliz\u00f3 durante 27 a\u00f1os para operar el Programa denominado Fideicomiso o Fondo de Desastres Naturales (FONDEN), que nace en 1996 y entra en funciones hasta 1999, como un mecanismo presupuestario y de intervenci\u00f3n profesional, para apoyar de manera eficaz y oportuna a la rehabilitaci\u00f3n de la infraestructura federal y estatal, por desastres naturales, as\u00ed como a damnificados.<\/span><\/p>\n<p>&nbsp;<\/p>\n<p><span style=\"font-size: 14pt;\">A trav\u00e9s de este programa se posibilitaba a todos los gobiernos de todos los niveles para actuar -antes, durante y despu\u00e9s-, en las emergencias y proteger a la poblaci\u00f3n afectada, adem\u00e1s de permitir la gesti\u00f3n inmediata para intervenir oportunamente y buscar la reconstrucci\u00f3n en un tiempo razonable. Pero, todo ello se acab\u00f3 cuando en el mes de Junio de 2021 el Ejecutivo Federal junto con la mayor\u00eda de su partido en las C\u00e1maras elimin\u00f3 el FONDEN. Y el pretexto fue que se prestaba a \u201ccorrupci\u00f3n\u201d, pero nunca dispusieron de otra propuesta que remplazara sus funciones a sabiendas que cubr\u00eda una necesidad permanente y de sobrevivencia de la poblaci\u00f3n.<\/span><\/p>\n<p><span style=\"font-size: 14pt;\">Hoy los efectos de esta decisi\u00f3n se ven en los acontecimientos del Estado de Guerrero, pero igual se han visto, en la falta de eficiencia para actuar frente a otras contingencias como lo fue el COVID (2020-2022), en la falta de medicinas para el c\u00e1ncer, o en el desabasto de vacunas para los infantes, etc. Simplemente, se mutilan a capricho presupuestos, so pretexto de ahorrar, pero no se dice d\u00f3nde se va el dinero que supuestamente se ahorra y menos se resuelven problemas muy graves que da\u00f1an o matan -por negligencia o inhumanidad- a la poblaci\u00f3n y ello, a eso, ya no se llama descuido, incompetencia o ineficiencia, NO, eso se llama de acuerdo con el derecho internacional: <strong>crimen de lesa humanidad.<\/strong><\/span><\/p>\n<p><span style=\"font-size: 14pt;\">Y al ver \u2013 a trav\u00e9s de los medios-, el estado deplorable en que qued\u00f3 Acapulco y la Costa de Guerrero, vinieron a mi mente los recuerdos de aquellos pasajes, que desde ni\u00f1a escuchaba de mis padres y abuelos, de las tragedias derivadas de la presencia de fen\u00f3menos naturales en nuestro pa\u00eds, pero en particular de los huracanes en el norte del Estado de Veracruz, regi\u00f3n en la que vivi mis primeros a\u00f1os de vida. Y en esos relatos, destacaba la rese\u00f1a de lo que fue, el hist\u00f3rico y terror\u00edfico <strong>Cicl\u00f3n Hilda<\/strong>, que en el a\u00f1o de 1955 devast\u00f3 el puerto de Tampico y poblaciones norveracruzana, <strong>como consecuencia de la furia de 3 ciclones que coincidieron en la zona<\/strong>, <strong>en menos de 40 d\u00edas<\/strong>, como bien lo detalla en sus libros el Ing. Jos\u00e9 Luis Rodr\u00edguez Badillo<a href=\"#_ftn1\" name=\"_ftnref1\"><em><strong>[1]<\/strong><\/em><\/a>, descripci\u00f3n que hace afirmar que cualquier parecido a lo sucedido en estos \u00faltimos d\u00edas en el sur del pa\u00eds, es mera coincidencia. \u00a0\u00a0<\/span><\/p>\n<p><span style=\"font-size: 14pt;\">\u201c<em>Era el a\u00f1o de 1955 cuando corr\u00eda el mes de Junio, y en la ciudad y puerto de Tampico se viv\u00eda una \u00e9poca de progreso; el verano hab\u00eda tra\u00eddo intensas lluvias, pero, cuando lleg\u00f3 el mes de agosto se anunci\u00f3 un cicl\u00f3n de nombre <strong>Gladys,<\/strong> que toc\u00f3 tierra a fines del mes, arrasando Campeche y se enfil\u00f3 al norte del Golfo de M\u00e9xico, entrando a tierra por Soto La Marina el 5 de septiembre. \u00a0La cantidad de agua que tra\u00eda el hurac\u00e1n caus\u00f3 serias inundaciones en Tamaulipas y el Estado de Veracruz desde Nautla hasta P\u00e1nuco y Pueblo Viejo. El caudal de los r\u00edos P\u00e1nuco y Tames\u00ed creci\u00f3 elevando tambi\u00e9n los niveles de las Lagunas del Chairel y Carpintero, incluso se produjeron inundaciones en las colonias colindantes a los cuerpos de agua&#8230;\u201d<\/em><\/span><\/p>\n<p><span style=\"font-size: 14pt;\"><em>\u00a0<\/em><\/span><span style=\"font-size: 14pt;\"><em>\u201c&#8230;Apenas levantaba el temporal de <strong>Gladys<\/strong> y ya se anunciaba otro meteoro llamado <strong>Hilda<\/strong>, que se hab\u00eda formado en el Caribe pasando por el oriente de Cuba y los pron\u00f3sticos marcaban lo peor, se enfilaba directamente a Tampico y dentro del pavor en las tiendas hubo compras de p\u00e1nico y la poblaci\u00f3n se empez\u00f3 a preparar a partir de aquel anuncio. Los sucesos se fueron contando por hora, el meteoro azot\u00f3 previamente la Isla de Lobos a las nueve de la noche y en unas horas tocar\u00eda Tampico. Era la 1:00 de la madrugada del lunes 19 de septiembre, cuando la furia del Hilda se dej\u00f3 sentir con rachas extremadamente fuertes sobre el puerto\u2026A las 3:00 de la madrugada el observatorio meteorol\u00f3gico de Tampico fue tirado por las rachas del viento de 260 km\/h; cesando las mismas a las 7:00 de la ma\u00f1ana en que todo volvi\u00f3 a la calma\u201d. <\/em><\/span><\/p>\n<p><span style=\"font-size: 14pt;\"><em>\u00a0<\/em><\/span><span style=\"font-size: 14pt;\"><em>&#8230;Despu\u00e9s de una contingencia de esta dimensi\u00f3n, todo era p\u00e1nico, los ciudadanos trataban de salvar sus pertenencias, buscaban refugios con alg\u00fan familiar o amigos, la gente se abalanzaba a las tiendas haciendo compras de p\u00e1nico; lo que hizo que poco a poco los alimentos se escasearan en horas. Pero lo m\u00e1s lamentable fue el recuento en da\u00f1os y vidas humanas: 26 muertos, cientos de desaparecidos y heridos, y el registro de damnificados escalaba 11,432\u201d &#8230;<\/em><\/span><\/p>\n<p><span style=\"font-size: 14pt;\"><em>\u00a0<\/em><\/span><span style=\"font-size: 14pt;\"><em>&#8230; \u201cPero lo peor estaba a\u00fan por llegar, 10 d\u00edas despu\u00e9s, otro fen\u00f3meno meteorol\u00f3gico se formaba en el Caribe mexicano y el pron\u00f3stico no era nada halagador. El 29 de septiembre cuando la poblaci\u00f3n no se recuperaba del asombro causado por la embestida del terrible Hurac\u00e1n Hilda, el<strong> Cicl\u00f3n Janet <\/strong>entr\u00f3 a tierra por Tuxpan, Veracruz, en su paso destructor entr\u00f3 a la Sierra Madre Oriental, y all\u00ed descarg\u00f3 toda su agua sobre la cuenca de los r\u00edos P\u00e1nuco, Tames\u00ed, Pantepec y Cazones, los afluentes desbordaron sus riberas y devinieron las pavorosas inundaciones. Las fuertes corrientes provocaron la ca\u00edda de miles de \u00e1rboles y ramas que eran arrasadas a gran velocidad llev\u00e1ndose todo a su paso, los cientos de puentes en estos afluentes no resistieron la fuerza de la corriente y terminaron por ceder, se vinieron abajo.\u201d <\/em><\/span><\/p>\n<p><span style=\"font-size: 14pt;\"><em>&#8230; \u201cLos efectos fueron severos en infraestructura rural, urbana, y en las comunicaciones. Entre Tampico, Tuxpan y Poza Rica se perdieron tramos completos, puentes, los chalanes fueron a parar al mar; la agricultura sufri\u00f3 da\u00f1os irreparables en miles de hect\u00e1reas, la fauna animal perdi\u00f3 muchas ejemplares y guaridas, etc. La naturaleza se hab\u00eda ensa\u00f1ado con esta regi\u00f3n veracruzana y tamaulipeca. A todo ello le siguieron inundaciones como consecuencia de los golpes de agua, que bajaba de la sierra y se encontraba con la pared del mar y por ende el n\u00famero de damnificados se ampli\u00f3 a 52,000 equivalente a poco m\u00e1s del 50 por ciento de los habitantes de Tampico, el nivel del agua lleg\u00f3 a casi 6 metros, y la falta de v\u00edas de comunicaci\u00f3n, agua potable, energ\u00eda el\u00e9ctrica y comestibles hizo la situaci\u00f3n complicada y dif\u00edcil\u201d &#8230;<\/em><\/span><\/p>\n<p><span style=\"font-size: 14pt;\"><em>\u00a0<\/em><\/span><span style=\"font-size: 14pt;\">Pero ante todo este escenario, \u00bfc\u00f3mo reaccion\u00f3 el gobierno de Adolfo Ruiz Cortines, en el momento?<\/span><\/p>\n<p><span style=\"font-size: 14pt;\">Obviamente ante la imposibilidad de circular por carreteras, el auxilio -que fue inmediato- se oper\u00f3 la emergencia <strong>v\u00eda a\u00e9rea y mar\u00edtima<\/strong><em>. &#8230;\u201c El primero de Octubre un imponente portaviones el \u201cSaipan\u201d de la armada de los Estados Unidos, atracaba cerca de la bocana del R\u00edo Panuco, en su cubierta venia 14 helic\u00f3pteros y tropa bien equipada para apoyar a los necesitados, al mando venia el contralmirante Edward Miles, de inmediato una nave lleg\u00f3 al cuartel de la zona militar donde la abord\u00f3 el comandante mexicano Luis Cueto Ram\u00edrez e iniciaron un recorrido de reconocimiento, ambos regresaron at\u00f3nitos al ver el desastre, coincidieron que la tarea que ten\u00edan frente era tit\u00e1nica. &#8230;Igualmente al habilitarse la base a\u00e9rea, el Lic. Adolfo Ruiz Cortines presidente de nuestro pa\u00eds (1952-1958) arrib\u00f3 a Tampico y se comprometi\u00f3 con otorgar de inmediato la ayuda necesaria. Se habilitaron albergues en Ciudad Madero y all\u00ed se llevaron habitantes de Veracruz, de los municipios de Villa Cuauht\u00e9moc, La Laja, Tampico Alto Mata Redonda, P\u00e1nuco y lugares de la ribera del r\u00edo. Durante aquellas jornadas los helic\u00f3pteros y las embarcaciones, trabajaron incesantemente. Mientras hubiera luz del d\u00eda, repart\u00edan v\u00edveres, medicinas y rescataban gente de los techos y \u00e1rboles, despu\u00e9s lleg\u00f3 el portaviones \u201cSiboney\u201d y el \u201cDestructor Basset\u201d, estos tendieron un puente a\u00e9reo a la frontera norte, M\u00e9xico y Poza Rica<\/em>. (Rodr\u00edguez B.)<\/span><\/p>\n<p><span style=\"font-size: 14pt;\">Como se observa, los estragos de un Cicl\u00f3n de categor\u00eda 5,-como el <strong>Hilda<\/strong> y hoy el <strong>Otis<\/strong>-, cuyo grado es el m\u00e1ximo en la escala Saffir-Simpson, define la magnitud del peligro en funci\u00f3n de la velocidad de sus vientos y rachas, y est\u00e1 considerado como \u201ccatastr\u00f3fico\u201d, y no se necesita ser muy inteligente para saber que sus efectos en un territorio y poblaci\u00f3n ser\u00e1n mortales.\u00a0 Nuestro pa\u00eds los ha sufrido en diferentes momentos, tanto en el pac\u00edfico como el Golfo de M\u00e9xico. Y justamente porque anualmente existe ese riesgo, el gobierno mexicano, durante d\u00e9cadas perfeccion\u00f3 sus protocolos y m\u00e1s en nuestros tiempos, porque hoy se suman los efectos de cambio clim\u00e1tico y ello aumenta la probabilidad de cat\u00e1strofes de todo tipo.<\/span><\/p>\n<p><span style=\"font-size: 14pt;\">Hoy el <strong><em>Cicl\u00f3n Otis,<\/em><\/strong> exhibi\u00f3, una vez m\u00e1s lamentablemente, la ineptidud y falta de responsabilidad del gobierno, porque no obstante que existi\u00f3 un aviso del peligro que se avecinaba, por parte del Servicio Meteorol\u00f3gico de los Estados Unidos 21 horas antes, se qued\u00f3 callado, y fue omiso. Hoy el gobierno mexicano debe dar respuesta a muchas preguntas.<\/span><\/p>\n<p><span style=\"font-size: 14pt;\">Hasta ahora no ha explicado \u00bfpor qu\u00e9 se extingui\u00f3 el FONDEN? \u00bfenvi\u00f3 el dinero a sus obras fara\u00f3nicas? \u00bfpor qu\u00e9 no lo supli\u00f3 con otro que cubriera esa necesidad ciudadana?&#8230;\u00bfpor qu\u00e9 se olvid\u00f3 de perfeccionar los protocolos preventivos y correctivos y tuvo que esperar a reaccionar a partir del \u201cfactor sorpresa\u201d?.\u00bfpor qu\u00e9 olvid\u00f3 que, \u00a0las emergencias se preparan meses antes para no poner en riesgo a los ciudadanos.?&#8230;\u00bfpor qu\u00e9 minimiz\u00f3 el Presidente el n\u00famero de muertos en su conferencia -que hoy ascienden a 48 y hay decenas de miles de damnificados-, tratando con ello justificar que \u201c<strong>siendo pocos\u201d,<\/strong> el tema no es grave?&#8230;\u00bfpor qu\u00e9 su respuesta fue salir a decir despu\u00e9s que S\u00cd hab\u00eda dinero, que S\u00cd hab\u00eda FONDEN, y que S\u00cd exist\u00edan 485 millones de d\u00f3lares, para destinarlo a este tipo de cat\u00e1strofes? <a href=\"#_ftn2\" name=\"_ftnref2\">[2]<\/a>, \u00bfpor qu\u00e9 lo ocult\u00f3? Etc. etc. Todo ello, solo hizo evidente que el dinero siempre estuvo y que, de no haber existido este desastre, jam\u00e1s se hubiera mencionado y menos ocupado para ese destino.<\/span><\/p>\n<p><span style=\"font-size: 14pt;\">Cu\u00e1nta mezquindad, eso es lo indignante. En lo particular, por todo lo que he visto en estos \u00faltimos d\u00edas y a\u00f1os, si hay algo que me aterroriza, es saber, en manos de qui\u00e9nes hemos estado gobernados. Y es hora de reaccionar, porque esta, como muchas otras tragedias que han acontecido en este gobierno, nunca se deben olvidar.<\/span><\/p>\n<p><span style=\"font-size: 14pt;\">Desde este modesto espacio, env\u00edo mi solidaridad y respeto a los hermanos de Guerrero, pero tambi\u00e9n de otros estados que en los \u00faltimos a\u00f1os han sufrido estas cat\u00e1strofes: Yucat\u00e1n, Campeche, Oaxaca, Michoac\u00e1n, Jalisco, Nayarit, Colima, Baja California Sur, entre otros. \u00a0Que el Creador les de fuerza, que pronto llegue la reconstrucci\u00f3n y con ello la normalidad en la vida de cada uno de ellos.<\/span><\/p>\n<p><span style=\"font-size: 14pt;\"><strong>\u00a0<\/strong><\/span><span style=\"font-size: 14pt;\"><strong>Gracias y hasta la pr\u00f3xima. <\/strong><\/span><\/p>\n<p><span style=\"font-size: 10pt;\">[1] Rodr\u00edguez Badillo Jos\u00e9 Luis, (2010), \u201c<strong><em>Iconos de Poza Rica\u201d<\/em><\/strong><em>,<\/em> de la zaga de 6 libros denominada \u201c<strong><em>Por La Senda del Recuerdo\u201d, <\/em><\/strong>Poza Rica Ver<\/span><\/p>\n<p><span style=\"font-size: 10pt;\">[2] Informaci\u00f3n oficial de la Secretaria e Hacienda y Cr\u00e9dito P\u00fablico, Gobierno de la Rep\u00fablica<\/span><\/p>\n<p><img data-recalc-dims=\"1\" loading=\"lazy\" decoding=\"async\" class=\"aligncenter size-full wp-image-25148\" src=\"https:\/\/i0.wp.com\/politicosaldesnudo.com.mx\/wp-content\/uploads\/2023\/10\/FIRMA-EDITORIAL-PD-2.jpg?resize=800%2C98&#038;ssl=1\" alt=\"\" width=\"800\" height=\"98\" srcset=\"https:\/\/i0.wp.com\/politicosaldesnudo.com.mx\/wp-content\/uploads\/2023\/10\/FIRMA-EDITORIAL-PD-2.jpg?w=1024&amp;ssl=1 1024w, https:\/\/i0.wp.com\/politicosaldesnudo.com.mx\/wp-content\/uploads\/2023\/10\/FIRMA-EDITORIAL-PD-2.jpg?resize=300%2C37&amp;ssl=1 300w, https:\/\/i0.wp.com\/politicosaldesnudo.com.mx\/wp-content\/uploads\/2023\/10\/FIRMA-EDITORIAL-PD-2.jpg?resize=768%2C94&amp;ssl=1 768w\" sizes=\"auto, (max-width: 800px) 100vw, 800px\" \/><\/p>\n","protected":false},"excerpt":{"rendered":"<p>Por Dra. Zaida Alicia Llado Castillo Entre un gobierno que lo hace mal, y un pueblo de que lo consienta,<\/p>\n","protected":false},"author":4,"featured_media":4381,"comment_status":"closed","ping_status":"closed","sticky":false,"template":"","format":"standard","meta":{"colormag_page_container_layout":"default_layout","colormag_page_sidebar_layout":"default_layout","_jetpack_memberships_contains_paid_content":false,"footnotes":"","jetpack_publicize_message":"","jetpack_publicize_feature_enabled":true,"jetpack_social_post_already_shared":false,"jetpack_social_options":{"image_generator_settings":{"template":"highway","default_image_id":0,"font":"","enabled":false},"version":2}},"categories":[26],"tags":[],"class_list":["post-25150","post","type-post","status-publish","format-standard","has-post-thumbnail","hentry","category-columnistas"],"jetpack_publicize_connections":[],"jetpack_featured_media_url":"https:\/\/i0.wp.com\/politicosaldesnudo.com.mx\/wp-content\/uploads\/2022\/04\/DRA.-ZAIDA-LLADO%CC%81.png?fit=1816%2C1016&ssl=1","jetpack-related-posts":[],"jetpack_sharing_enabled":true,"_links":{"self":[{"href":"https:\/\/politicosaldesnudo.com.mx\/index.php\/wp-json\/wp\/v2\/posts\/25150","targetHints":{"allow":["GET"]}}],"collection":[{"href":"https:\/\/politicosaldesnudo.com.mx\/index.php\/wp-json\/wp\/v2\/posts"}],"about":[{"href":"https:\/\/politicosaldesnudo.com.mx\/index.php\/wp-json\/wp\/v2\/types\/post"}],"author":[{"embeddable":true,"href":"https:\/\/politicosaldesnudo.com.mx\/index.php\/wp-json\/wp\/v2\/users\/4"}],"replies":[{"embeddable":true,"href":"https:\/\/politicosaldesnudo.com.mx\/index.php\/wp-json\/wp\/v2\/comments?post=25150"}],"version-history":[{"count":0,"href":"https:\/\/politicosaldesnudo.com.mx\/index.php\/wp-json\/wp\/v2\/posts\/25150\/revisions"}],"wp:featuredmedia":[{"embeddable":true,"href":"https:\/\/politicosaldesnudo.com.mx\/index.php\/wp-json\/wp\/v2\/media\/4381"}],"wp:attachment":[{"href":"https:\/\/politicosaldesnudo.com.mx\/index.php\/wp-json\/wp\/v2\/media?parent=25150"}],"wp:term":[{"taxonomy":"category","embeddable":true,"href":"https:\/\/politicosaldesnudo.com.mx\/index.php\/wp-json\/wp\/v2\/categories?post=25150"},{"taxonomy":"post_tag","embeddable":true,"href":"https:\/\/politicosaldesnudo.com.mx\/index.php\/wp-json\/wp\/v2\/tags?post=25150"}],"curies":[{"name":"wp","href":"https:\/\/api.w.org\/{rel}","templated":true}]}}