{"id":25171,"date":"2023-10-30T08:11:39","date_gmt":"2023-10-30T14:11:39","guid":{"rendered":"https:\/\/politicosaldesnudo.com.mx\/?p=25171"},"modified":"2023-10-30T08:11:39","modified_gmt":"2023-10-30T14:11:39","slug":"alza-en-precios-del-crudo-beneficia-a-pemex","status":"publish","type":"post","link":"https:\/\/politicosaldesnudo.com.mx\/index.php\/2023\/10\/30\/alza-en-precios-del-crudo-beneficia-a-pemex\/","title":{"rendered":"Alza en precios del crudo beneficia a Pemex"},"content":{"rendered":"<p><span style=\"font-size: 14pt;\">El alza en precio del crudo benefici\u00f3 a Petr\u00f3leos Mexicanos, luego de que en septiembre, el valor de las exportaciones de crudo alcanz\u00f3 un valor de 2 mil 768 millones de d\u00f3lares, lo que signific\u00f3 un aumento de 10.67%, y es su mayor nivel en m\u00e1s de un a\u00f1o, seg\u00fan un reporte de la empresa.<\/span><\/p>\n<p><span style=\"font-size: 14pt;\">De acuerdo con las estad\u00edsticas petroleras de septiembre, distribuidas a la Comisi\u00f3n de Energ\u00eda de la C\u00e1mara de Diputados, el valor alcanzado en el noveno mes del a\u00f1o es el m\u00e1s alto desde agosto de 2022 pasado y fue impulsado gracias a la mejora en el precio del crudo a nivel internacional.<\/span><\/p>\n<p><span style=\"font-size: 14pt;\">La petrolera inform\u00f3 que el precio promedio de exportaci\u00f3n de petr\u00f3leo crudo se ubic\u00f3 en 82.47 d\u00f3lares por barril, esto es 8.05 por ciento m\u00e1s que los 76.32 d\u00f3lares por barril en que se cotiz\u00f3 durante agosto de este a\u00f1o, adem\u00e1s de que es el precio m\u00e1s alto desde agosto de 2022.<\/span><\/p>\n<p><img data-recalc-dims=\"1\" loading=\"lazy\" decoding=\"async\" class=\"aligncenter size-large wp-image-25172\" src=\"https:\/\/i0.wp.com\/politicosaldesnudo.com.mx\/wp-content\/uploads\/2023\/10\/3004057-1024x768.jpg?resize=800%2C600&#038;ssl=1\" alt=\"\" width=\"800\" height=\"600\" srcset=\"https:\/\/i0.wp.com\/politicosaldesnudo.com.mx\/wp-content\/uploads\/2023\/10\/3004057.jpg?resize=1024%2C768&amp;ssl=1 1024w, https:\/\/i0.wp.com\/politicosaldesnudo.com.mx\/wp-content\/uploads\/2023\/10\/3004057.jpg?resize=300%2C225&amp;ssl=1 300w, https:\/\/i0.wp.com\/politicosaldesnudo.com.mx\/wp-content\/uploads\/2023\/10\/3004057.jpg?resize=768%2C576&amp;ssl=1 768w, https:\/\/i0.wp.com\/politicosaldesnudo.com.mx\/wp-content\/uploads\/2023\/10\/3004057.jpg?w=1200&amp;ssl=1 1200w\" sizes=\"auto, (max-width: 800px) 100vw, 800px\" \/><\/p>\n<p><span style=\"font-size: 14pt;\">\u201cDurante septiembre los precios del petr\u00f3leo a nivel internacional registraron una recuperaci\u00f3n importante, impulsados por las expectativas que hab\u00eda en la reducci\u00f3n de la oferta, pues los mercados estaban a la espera de que Arabia Saudita prorrogara hasta octubre el recorte voluntario de la producci\u00f3n de 1 mill\u00f3n de barriles diarios (bpd), por lo que se prolongar\u00eda la reducci\u00f3n de la oferta dise\u00f1ada por la Organizaci\u00f3n de Pa\u00edses Exportadores de Petr\u00f3leo y sus aliados para sostener los precios\u201d, indic\u00f3.<\/span><\/p>\n<p><span style=\"font-size: 14pt;\">La mayor parte del crudo que Pemex vendi\u00f3 fuera del pa\u00eds se qued\u00f3 en el continente americano, con un total de 72 por ciento de las exportaciones, mientras que 13 por ciento se envi\u00f3 a Europa y el resto a pa\u00edses de otros continentes.<\/span><\/p>\n<p><span style=\"font-size: 14pt;\">En cuanto a la balanza comercial de la petrolera, \u00e9sta registr\u00f3 un super\u00e1vit de 326 millones de d\u00f3lares durante el mes, con lo que acumul\u00f3 seis meses con una balanza superavitaria. Adem\u00e1s, report\u00f3 que en los primeros nueve meses de 2023 registr\u00f3 una utilidad de operaci\u00f3n de 88 mil millones de pesos y una ganancia neta de 3 mil de millones de pesos.<\/span><\/p>\n","protected":false},"excerpt":{"rendered":"<p>El alza en precio del crudo benefici\u00f3 a Petr\u00f3leos Mexicanos, luego de que en septiembre, el valor de las exportaciones<\/p>\n","protected":false},"author":4,"featured_media":25173,"comment_status":"closed","ping_status":"closed","sticky":false,"template":"","format":"standard","meta":{"colormag_page_container_layout":"default_layout","colormag_page_sidebar_layout":"default_layout","_jetpack_memberships_contains_paid_content":false,"footnotes":"","jetpack_publicize_message":"","jetpack_publicize_feature_enabled":true,"jetpack_social_post_already_shared":false,"jetpack_social_options":{"image_generator_settings":{"template":"highway","default_image_id":0,"font":"","enabled":false},"version":2}},"categories":[2050],"tags":[],"class_list":["post-25171","post","type-post","status-publish","format-standard","has-post-thumbnail","hentry","category-economia"],"jetpack_publicize_connections":[],"jetpack_featured_media_url":"https:\/\/i0.wp.com\/politicosaldesnudo.com.mx\/wp-content\/uploads\/2023\/10\/SANMKJOOFBCBBMKIILJ4AXIFBQ-scaled.jpg?fit=2560%2C1706&ssl=1","jetpack-related-posts":[],"jetpack_sharing_enabled":true,"_links":{"self":[{"href":"https:\/\/politicosaldesnudo.com.mx\/index.php\/wp-json\/wp\/v2\/posts\/25171","targetHints":{"allow":["GET"]}}],"collection":[{"href":"https:\/\/politicosaldesnudo.com.mx\/index.php\/wp-json\/wp\/v2\/posts"}],"about":[{"href":"https:\/\/politicosaldesnudo.com.mx\/index.php\/wp-json\/wp\/v2\/types\/post"}],"author":[{"embeddable":true,"href":"https:\/\/politicosaldesnudo.com.mx\/index.php\/wp-json\/wp\/v2\/users\/4"}],"replies":[{"embeddable":true,"href":"https:\/\/politicosaldesnudo.com.mx\/index.php\/wp-json\/wp\/v2\/comments?post=25171"}],"version-history":[{"count":0,"href":"https:\/\/politicosaldesnudo.com.mx\/index.php\/wp-json\/wp\/v2\/posts\/25171\/revisions"}],"wp:featuredmedia":[{"embeddable":true,"href":"https:\/\/politicosaldesnudo.com.mx\/index.php\/wp-json\/wp\/v2\/media\/25173"}],"wp:attachment":[{"href":"https:\/\/politicosaldesnudo.com.mx\/index.php\/wp-json\/wp\/v2\/media?parent=25171"}],"wp:term":[{"taxonomy":"category","embeddable":true,"href":"https:\/\/politicosaldesnudo.com.mx\/index.php\/wp-json\/wp\/v2\/categories?post=25171"},{"taxonomy":"post_tag","embeddable":true,"href":"https:\/\/politicosaldesnudo.com.mx\/index.php\/wp-json\/wp\/v2\/tags?post=25171"}],"curies":[{"name":"wp","href":"https:\/\/api.w.org\/{rel}","templated":true}]}}