{"id":25175,"date":"2023-10-30T08:17:28","date_gmt":"2023-10-30T14:17:28","guid":{"rendered":"https:\/\/politicosaldesnudo.com.mx\/?p=25175"},"modified":"2023-10-30T08:17:28","modified_gmt":"2023-10-30T14:17:28","slug":"otis-afecto-a-87-de-la-poblacion-en-acapulco","status":"publish","type":"post","link":"https:\/\/politicosaldesnudo.com.mx\/index.php\/2023\/10\/30\/otis-afecto-a-87-de-la-poblacion-en-acapulco\/","title":{"rendered":"Otis afect\u00f3 a 87% de la poblaci\u00f3n en Acapulco"},"content":{"rendered":"<div class=\"col col1\">\n<p class=\"s-s\"><span style=\"font-size: 14pt;\">El golpe del hurac\u00e1n\u00a0<em>Otis<\/em>\u00a0afect\u00f3 a toda la poblaci\u00f3n acapulque\u00f1a y en particular y directamente a 87 por ciento de los habitantes, quienes generan ingresos a partir de la prestaci\u00f3n de servicios tur\u00edsticos, afirm\u00f3 la presidenta municipal del puerto, Abelina L\u00f3pez.<\/span><\/p>\n<p><span style=\"font-size: 14pt;\">En entrevista con\u00a0<em>La Jornada<\/em>, asegur\u00f3 que autoridades de los tres niveles de gobierno trabajan de manera coordinada y cada quien\u00a0<q>aporta lo que le corresponde<\/q>.<\/span><\/p>\n<p><span style=\"font-size: 14pt;\">Abelina L\u00f3pez fue entrevistada durante la madrugada del domingo mientras supervisaba el retiro de escombros y lodo en el \u00e1rea que conecta la autopista M\u00e9xico-Acapulco con el Maxit\u00fanel, la v\u00eda de acceso de las zonas populares al centro de la ciudad.<\/span><\/p>\n<p><span style=\"font-size: 14pt;\">En Acapulco \u201cvivimos evidentemente del turismo, no hay otra actividad aqu\u00ed. No hay otra industria que no sea la \u2018industria sin chimeneas\u2019. Por lo tanto se requiere realmente de apoyo para poder levantar y reactivar lo que le da de comer a esta ciudad\u201d, se\u00f1al\u00f3.<\/span><\/p>\n<p><img data-recalc-dims=\"1\" loading=\"lazy\" decoding=\"async\" class=\"size-large wp-image-25176\" src=\"https:\/\/i0.wp.com\/politicosaldesnudo.com.mx\/wp-content\/uploads\/2023\/10\/953428_Afectaciones-Huracanes-Otis-3_impreso-scaled-1-1024x683.jpg?resize=800%2C534&#038;ssl=1\" alt=\"\" width=\"800\" height=\"534\" srcset=\"https:\/\/i0.wp.com\/politicosaldesnudo.com.mx\/wp-content\/uploads\/2023\/10\/953428_Afectaciones-Huracanes-Otis-3_impreso-scaled-1.jpg?resize=1024%2C683&amp;ssl=1 1024w, https:\/\/i0.wp.com\/politicosaldesnudo.com.mx\/wp-content\/uploads\/2023\/10\/953428_Afectaciones-Huracanes-Otis-3_impreso-scaled-1.jpg?resize=300%2C200&amp;ssl=1 300w, https:\/\/i0.wp.com\/politicosaldesnudo.com.mx\/wp-content\/uploads\/2023\/10\/953428_Afectaciones-Huracanes-Otis-3_impreso-scaled-1.jpg?resize=768%2C512&amp;ssl=1 768w, https:\/\/i0.wp.com\/politicosaldesnudo.com.mx\/wp-content\/uploads\/2023\/10\/953428_Afectaciones-Huracanes-Otis-3_impreso-scaled-1.jpg?resize=1536%2C1024&amp;ssl=1 1536w, https:\/\/i0.wp.com\/politicosaldesnudo.com.mx\/wp-content\/uploads\/2023\/10\/953428_Afectaciones-Huracanes-Otis-3_impreso-scaled-1.jpg?resize=2048%2C1366&amp;ssl=1 2048w, https:\/\/i0.wp.com\/politicosaldesnudo.com.mx\/wp-content\/uploads\/2023\/10\/953428_Afectaciones-Huracanes-Otis-3_impreso-scaled-1.jpg?w=1600&amp;ssl=1 1600w, https:\/\/i0.wp.com\/politicosaldesnudo.com.mx\/wp-content\/uploads\/2023\/10\/953428_Afectaciones-Huracanes-Otis-3_impreso-scaled-1.jpg?w=2400&amp;ssl=1 2400w\" sizes=\"auto, (max-width: 800px) 100vw, 800px\" \/><\/p>\n<p><span style=\"font-size: 14pt;\">\u2013\u00bfQu\u00e9 se va a hacer con los pescadores que resultaron afectados?<\/span><\/p>\n<p><span style=\"font-size: 14pt;\">\u2013Con el programa de Bienestar se van a censar viviendas y comercios, por lo tanto tienen garantizada esa parte. Los deben censar y tiene que estar la evidencia de afectaci\u00f3n porque, de otra forma, no les dar\u00e1n el apoyo y es comprensible. Pueden estar de alguna manera tranquilos.<\/span><\/p>\n<p class=\"sumario\"><span style=\"font-size: 14pt;\">Sin dato exacto de desaparecidos<\/span><\/p>\n<p class=\"s-s\"><span style=\"font-size: 14pt;\">\u2013Hay versiones de que hay m\u00e1s desaparecidos de los que se informa oficialmente. \u00bfTiene reportes que sean m\u00e1s de 10 tras el hurac\u00e1n?<\/span><\/p>\n<p><span style=\"font-size: 14pt;\">\u2013Bueno, m\u00e1s que desaparecidos hay quienes no han tenido comunicaci\u00f3n con su familia. Prueba de ellos soy yo: tard\u00e9 hasta el d\u00eda s\u00e1bado para poder comunicarme con mi familia. Una de las situaciones que hemos vivido es la falta de redes de comunicaci\u00f3n y eso hace lo complicado.<\/span><\/p>\n<\/div>\n<div class=\"col col2\">\n<p><span style=\"font-size: 14pt;\"><q>A ciencia cierta no se tiene todav\u00eda una cifra. En tanto no se tenga la investigaci\u00f3n por parte de la fiscal\u00eda yo no puedo dar un dato que no est\u00e9 corroborado.<\/q><\/span><\/p>\n<p><span style=\"font-size: 14pt;\">\u2013\u00bfQu\u00e9 se har\u00e1 en apoyo de todas estas familias que perdieron casas y buscan alimentos?<\/span><\/p>\n<p><span style=\"font-size: 14pt;\">\u2013A trav\u00e9s del gobierno federal se trae a las brigadas del censo. Iniciaron por Barra Vieja, vienen de aquella zona. Ma\u00f1ana vienen a Coloso. Entonces, en el transcurso de ma\u00f1ana van a aumentar hasta 2 mil y tantos servidores de la naci\u00f3n para tratar de abarcar todo el territorio en 10 o 12 d\u00edas.<\/span><\/p>\n<p><span style=\"font-size: 14pt;\">\u2013\u00bfD\u00f3nde estuvo m\u00e1s acentuado el da\u00f1o?<\/span><\/p>\n<p><span style=\"font-size: 14pt;\">\u2013Toda la franja tur\u00edstica. Se habla de que casi 80 por ciento de los hoteles est\u00e1n colapsados, o sea, ya no est\u00e1n en condiciones. El reto es ese: \u00bfc\u00f3mo levantar la franja tur\u00edstica? De ah\u00ed vive Acapulco, vive Guerrero.<\/span><\/p>\n<p><span style=\"font-size: 14pt;\">Lo sucedido con el hurac\u00e1n\u00a0<em>Otis<\/em>\u00a0debe mover a reflexionar sobre el cambio clim\u00e1tico,\u00a0<q>es un parteaguas para el mundo. Hoy toc\u00f3 Acapulco, como bien puede ser que otra tormenta afecte en otro lado<\/q>, dijo la alcaldesa.<\/span><\/p>\n<p><span style=\"font-size: 14pt;\"><q>Esto que pas\u00f3 fue consecuencia de un hurac\u00e1n de categor\u00eda 5. Nunca hab\u00eda pasado eso en el pa\u00eds. Tiene que haber una pol\u00edtica nacional que reoriente, en la que se tengan que legislar muchas cosas. Hay una oportunidad para poder cambiar y corregir errores, pero de lo que s\u00ed estoy segura es de que Acapulco se va a levantar. Es m\u00e1s nuestro amor que los problemas.<\/q><\/span><\/p>\n<\/div>\n","protected":false},"excerpt":{"rendered":"<p>El golpe del hurac\u00e1n\u00a0Otis\u00a0afect\u00f3 a toda la poblaci\u00f3n acapulque\u00f1a y en particular y directamente a 87 por ciento de los<\/p>\n","protected":false},"author":4,"featured_media":25177,"comment_status":"closed","ping_status":"closed","sticky":false,"template":"","format":"standard","meta":{"colormag_page_container_layout":"default_layout","colormag_page_sidebar_layout":"default_layout","_jetpack_memberships_contains_paid_content":false,"footnotes":"","jetpack_publicize_message":"","jetpack_publicize_feature_enabled":true,"jetpack_social_post_already_shared":false,"jetpack_social_options":{"image_generator_settings":{"template":"highway","default_image_id":0,"font":"","enabled":false},"version":2}},"categories":[33],"tags":[],"class_list":["post-25175","post","type-post","status-publish","format-standard","has-post-thumbnail","hentry","category-nacional"],"jetpack_publicize_connections":[],"jetpack_featured_media_url":"https:\/\/i0.wp.com\/politicosaldesnudo.com.mx\/wp-content\/uploads\/2023\/10\/e81e6ed0-7423-11ee-9f6b-7f97e00ab869.jpg?fit=640%2C360&ssl=1","jetpack-related-posts":[],"jetpack_sharing_enabled":true,"_links":{"self":[{"href":"https:\/\/politicosaldesnudo.com.mx\/index.php\/wp-json\/wp\/v2\/posts\/25175","targetHints":{"allow":["GET"]}}],"collection":[{"href":"https:\/\/politicosaldesnudo.com.mx\/index.php\/wp-json\/wp\/v2\/posts"}],"about":[{"href":"https:\/\/politicosaldesnudo.com.mx\/index.php\/wp-json\/wp\/v2\/types\/post"}],"author":[{"embeddable":true,"href":"https:\/\/politicosaldesnudo.com.mx\/index.php\/wp-json\/wp\/v2\/users\/4"}],"replies":[{"embeddable":true,"href":"https:\/\/politicosaldesnudo.com.mx\/index.php\/wp-json\/wp\/v2\/comments?post=25175"}],"version-history":[{"count":0,"href":"https:\/\/politicosaldesnudo.com.mx\/index.php\/wp-json\/wp\/v2\/posts\/25175\/revisions"}],"wp:featuredmedia":[{"embeddable":true,"href":"https:\/\/politicosaldesnudo.com.mx\/index.php\/wp-json\/wp\/v2\/media\/25177"}],"wp:attachment":[{"href":"https:\/\/politicosaldesnudo.com.mx\/index.php\/wp-json\/wp\/v2\/media?parent=25175"}],"wp:term":[{"taxonomy":"category","embeddable":true,"href":"https:\/\/politicosaldesnudo.com.mx\/index.php\/wp-json\/wp\/v2\/categories?post=25175"},{"taxonomy":"post_tag","embeddable":true,"href":"https:\/\/politicosaldesnudo.com.mx\/index.php\/wp-json\/wp\/v2\/tags?post=25175"}],"curies":[{"name":"wp","href":"https:\/\/api.w.org\/{rel}","templated":true}]}}