{"id":25183,"date":"2023-10-30T08:40:19","date_gmt":"2023-10-30T14:40:19","guid":{"rendered":"https:\/\/politicosaldesnudo.com.mx\/?p=25183"},"modified":"2023-10-30T08:40:19","modified_gmt":"2023-10-30T14:40:19","slug":"marchan-en-madrid-contra-plan-de-amnistia-de-sanchez","status":"publish","type":"post","link":"https:\/\/politicosaldesnudo.com.mx\/index.php\/2023\/10\/30\/marchan-en-madrid-contra-plan-de-amnistia-de-sanchez\/","title":{"rendered":"Marchan en Madrid contra plan de amnist\u00eda de S\u00e1nchez"},"content":{"rendered":"<div id=\"article-content-tts\" class=\"nota-contenido mb-5\">\n<div id=\"content_nitf\">\n<p class=\"western\" lang=\"en-US\"><span style=\"font-size: 14pt;\">Madrid. Bajo el lema \u201c\u00a1Contra la amnist\u00eda y el golpe de S\u00e1nchez!\u201d, m\u00e1s de cien mil personas, seg\u00fan la Delegaci\u00f3n del gobierno espa\u00f1ol, se manifestaron en las calles del centro de Madrid para repudiar el plan de aprobar una ley general de amnist\u00eda a los independentistas catalanes que participaron en la declaraci\u00f3n unilateral fallida de secesi\u00f3n de octubre del 2017. La protesta fue convocada por la fundaci\u00f3n de extrema derecha Defensa de la Naci\u00f3n Espa\u00f1ola (Denaes), af\u00edn al partido xen\u00f3fobo y mis\u00f3gino Vox, cuyo l\u00edder, Santiago Abascal, arremeti\u00f3 con dureza contra el l\u00edder del Partido Socialista Obrero Espa\u00f1ol (PSOE), Pedro S\u00e1nchez, al que llam\u00f3 \u201cfel\u00f3n\u201d y \u201ctraidor\u201d.<\/span><\/p>\n<p class=\"western\" lang=\"en-US\"><span style=\"font-size: 14pt;\">Las calles en las inmediaciones de la madrile\u00f1a plaza de Col\u00f3n, como el Paseo de la Castellana, Goya o Serrano, se llenaron de miles de personas que portaban banderas espa\u00f1olas y pancartas en las que se exig\u00eda \u201cprisi\u00f3n\u201d y \u201cc\u00e1rcel\u201d para los l\u00edderes independentistas catalanes, adem\u00e1s de numerosos insultos y vejaciones a la imagen del presidente del gobierno espa\u00f1ol en funciones, el socialista S\u00e1nchez, que fue el principal objeto de las cr\u00edticas.<\/span><\/p>\n<p class=\"western\" lang=\"en-US\"><span style=\"font-size: 14pt;\">Precisamente el pasado s\u00e1bado, en un acto de partido, S\u00e1nchez abog\u00f3 por la aprobaci\u00f3n de una ley de amnist\u00eda para fomentar la \u201creconciliaci\u00f3n\u201d en Catalu\u00f1a y de \u00e9sta comunidad aut\u00f3noma con el resto de Espa\u00f1a, al tiempo que reconoci\u00f3 que esta medida de gracia es indispensable para sacar adelante la investidura que garantice su reelecci\u00f3n, al ser una de las condiciones exigidas por los dos partidos independentistas catalanes en el Congreso de los Diputados, Esquerra Republicana de Catalunya (ERC) y Junts per Catalunya (JxCat).<\/span><\/p>\n<p lang=\"en-US\"><img data-recalc-dims=\"1\" loading=\"lazy\" decoding=\"async\" class=\"aligncenter size-full wp-image-25184\" src=\"https:\/\/i0.wp.com\/politicosaldesnudo.com.mx\/wp-content\/uploads\/2023\/10\/AFP3224783660400328854738515843257085948473-2.jpg?resize=768%2C512&#038;ssl=1\" alt=\"\" width=\"768\" height=\"512\" srcset=\"https:\/\/i0.wp.com\/politicosaldesnudo.com.mx\/wp-content\/uploads\/2023\/10\/AFP3224783660400328854738515843257085948473-2.jpg?w=768&amp;ssl=1 768w, https:\/\/i0.wp.com\/politicosaldesnudo.com.mx\/wp-content\/uploads\/2023\/10\/AFP3224783660400328854738515843257085948473-2.jpg?resize=300%2C200&amp;ssl=1 300w\" sizes=\"auto, (max-width: 768px) 100vw, 768px\" \/><\/p>\n<p class=\"western\" lang=\"en-US\"><span style=\"font-size: 14pt;\">A la protesta de Madrid, la m\u00e1s multitudinaria, se sumaron otras movilizaciones masivas, como la que se llev\u00f3 a cabo en M\u00e1laga, con m\u00e1s de 20 mil personas y a la que acudi\u00f3 en persona el l\u00edder del derechista Partido Popular (PP), Alberto N\u00fa\u00f1ez Feij\u00f3o, quien le advirti\u00f3 al gobierno y a S\u00e1nchez que \u201clos espa\u00f1oles no hemos sido consultados y nadie tiene el consentimiento de los ciudadanos\u201d para la aprobaci\u00f3n de una ley de este tipo.<\/span><\/p>\n<p class=\"western\" lang=\"en-US\"><span style=\"font-size: 14pt;\">Pero sin duda la protesta masiva fue la convocada por la fundaci\u00f3n Danaes en Madrid, en la que se escucharon distintos discurso, entre ellos el del l\u00edder de la extrema derecha espa\u00f1ola, Santiago Abascal, quien calific\u00f3 de \u201cfel\u00f3n\u201d y \u201ctraidor\u201d a Pedro S\u00e1nchez y anunci\u00f3 una movilizaci\u00f3n sin tregua para oponerse a la ley de amnist\u00eda y a lo que \u201cvenga despu\u00e9s\u201d, en alusi\u00f3n a una posible reforma de la legislaci\u00f3n para permitir la celebraci\u00f3n de un referendo de autodeterminaci\u00f3n, que es otra de las condiciones exigidas por el nacionalismo catal\u00e1n para apoyar la investidura del l\u00edder socialista.\u00a0<\/span><\/p>\n<\/div>\n<\/div>\n","protected":false},"excerpt":{"rendered":"<p>Madrid. Bajo el lema \u201c\u00a1Contra la amnist\u00eda y el golpe de S\u00e1nchez!\u201d, m\u00e1s de cien mil personas, seg\u00fan la Delegaci\u00f3n<\/p>\n","protected":false},"author":4,"featured_media":25185,"comment_status":"closed","ping_status":"closed","sticky":false,"template":"","format":"standard","meta":{"colormag_page_container_layout":"default_layout","colormag_page_sidebar_layout":"default_layout","_jetpack_memberships_contains_paid_content":false,"footnotes":"","jetpack_publicize_message":"","jetpack_publicize_feature_enabled":true,"jetpack_social_post_already_shared":false,"jetpack_social_options":{"image_generator_settings":{"template":"highway","default_image_id":0,"font":"","enabled":false},"version":2}},"categories":[28],"tags":[],"class_list":["post-25183","post","type-post","status-publish","format-standard","has-post-thumbnail","hentry","category-internacional"],"jetpack_publicize_connections":[],"jetpack_featured_media_url":"https:\/\/i0.wp.com\/politicosaldesnudo.com.mx\/wp-content\/uploads\/2023\/10\/F9nLdvjXoAAE7ay.jpg?fit=1300%2C731&ssl=1","jetpack-related-posts":[],"jetpack_sharing_enabled":true,"_links":{"self":[{"href":"https:\/\/politicosaldesnudo.com.mx\/index.php\/wp-json\/wp\/v2\/posts\/25183","targetHints":{"allow":["GET"]}}],"collection":[{"href":"https:\/\/politicosaldesnudo.com.mx\/index.php\/wp-json\/wp\/v2\/posts"}],"about":[{"href":"https:\/\/politicosaldesnudo.com.mx\/index.php\/wp-json\/wp\/v2\/types\/post"}],"author":[{"embeddable":true,"href":"https:\/\/politicosaldesnudo.com.mx\/index.php\/wp-json\/wp\/v2\/users\/4"}],"replies":[{"embeddable":true,"href":"https:\/\/politicosaldesnudo.com.mx\/index.php\/wp-json\/wp\/v2\/comments?post=25183"}],"version-history":[{"count":0,"href":"https:\/\/politicosaldesnudo.com.mx\/index.php\/wp-json\/wp\/v2\/posts\/25183\/revisions"}],"wp:featuredmedia":[{"embeddable":true,"href":"https:\/\/politicosaldesnudo.com.mx\/index.php\/wp-json\/wp\/v2\/media\/25185"}],"wp:attachment":[{"href":"https:\/\/politicosaldesnudo.com.mx\/index.php\/wp-json\/wp\/v2\/media?parent=25183"}],"wp:term":[{"taxonomy":"category","embeddable":true,"href":"https:\/\/politicosaldesnudo.com.mx\/index.php\/wp-json\/wp\/v2\/categories?post=25183"},{"taxonomy":"post_tag","embeddable":true,"href":"https:\/\/politicosaldesnudo.com.mx\/index.php\/wp-json\/wp\/v2\/tags?post=25183"}],"curies":[{"name":"wp","href":"https:\/\/api.w.org\/{rel}","templated":true}]}}