{"id":25191,"date":"2023-10-30T08:52:56","date_gmt":"2023-10-30T14:52:56","guid":{"rendered":"https:\/\/politicosaldesnudo.com.mx\/?p=25191"},"modified":"2023-10-30T08:52:56","modified_gmt":"2023-10-30T14:52:56","slug":"resultados-de-encuesta-hasta-el-10-de-noviembre","status":"publish","type":"post","link":"https:\/\/politicosaldesnudo.com.mx\/index.php\/2023\/10\/30\/resultados-de-encuesta-hasta-el-10-de-noviembre\/","title":{"rendered":"Resultados de Encuesta  hasta el 10 de noviembre"},"content":{"rendered":"<p><span style=\"font-size: 14pt;\">Xalapa.- Los resultados de la encuesta para la designaci\u00f3n de la o el coordinador de los comit\u00e9s de defensa de la Cuarta Transformaci\u00f3n en Veracruz se dar\u00e1 a conocer hasta el pr\u00f3ximo 10 de noviembre y no el 30 de octubre, como se hab\u00eda planteado en un primer momento.<\/span><\/p>\n<p><img data-recalc-dims=\"1\" loading=\"lazy\" decoding=\"async\" class=\"aligncenter size-large wp-image-25193\" src=\"https:\/\/i0.wp.com\/politicosaldesnudo.com.mx\/wp-content\/uploads\/2023\/10\/11b1-1024x682.jpg?resize=800%2C533&#038;ssl=1\" alt=\"\" width=\"800\" height=\"533\" srcset=\"https:\/\/i0.wp.com\/politicosaldesnudo.com.mx\/wp-content\/uploads\/2023\/10\/11b1.jpg?resize=1024%2C682&amp;ssl=1 1024w, https:\/\/i0.wp.com\/politicosaldesnudo.com.mx\/wp-content\/uploads\/2023\/10\/11b1.jpg?resize=300%2C200&amp;ssl=1 300w, https:\/\/i0.wp.com\/politicosaldesnudo.com.mx\/wp-content\/uploads\/2023\/10\/11b1.jpg?resize=768%2C512&amp;ssl=1 768w, https:\/\/i0.wp.com\/politicosaldesnudo.com.mx\/wp-content\/uploads\/2023\/10\/11b1.jpg?resize=1536%2C1023&amp;ssl=1 1536w, https:\/\/i0.wp.com\/politicosaldesnudo.com.mx\/wp-content\/uploads\/2023\/10\/11b1.jpg?w=1600&amp;ssl=1 1600w\" sizes=\"auto, (max-width: 800px) 100vw, 800px\" \/><\/p>\n<p><span style=\"font-size: 14pt;\">As\u00ed lo dio a conocer la presidenta del Consejo Estatal de Morena, Dorheny Garc\u00eda Cayetano, quien se\u00f1al\u00f3 que inicialmente este lunes se conocer\u00edan los resultados.<\/span><\/p>\n<p><span style=\"font-size: 14pt;\">\u201cPero ahora vamos a tener este momento importante de la vida militante hasta el 10 de noviembre, la gente est\u00e1 muy preparada\u201d, consider\u00f3 la militante morenista.<\/span><\/p>\n<p><span style=\"font-size: 14pt;\">Adem\u00e1s, dijo, que adem\u00e1s de las valoraciones de las encuestas, se lleva a cabo la valoraci\u00f3n pol\u00edtica y el tema por cuanto hace a la equidad de g\u00e9nero.<\/span><\/p>\n<p><span style=\"font-size: 14pt;\">Sostuvo que estos factores se tienen que desahogar de manera oportuna para poder tener los mejores resultados y perfiles, pero de manera incluyente.<\/span><\/p>\n<p><span style=\"font-size: 14pt;\">Y es que, hay que recordar que el dirigente de Morena a nivel nacional, Mario Delgado emiti\u00f3 un comunicado el viernes para dar a conocer el cambio de fecha para anunciar a las y los ganadores de las encuestas internas de su partido, toda vez que estaba previsto para este lunes.<\/span><\/p>\n<p><span style=\"font-size: 14pt;\">\u00a0\u201cPor acuerdo de la Comisi\u00f3n Nacional de Elecciones se informa que los resultados de las encuestas para definir a las Coordinaciones de Defensa de Transformaci\u00f3n en nueve entidades federativas se dar\u00e1n a conocer hasta el pr\u00f3ximo viernes 10 de noviembre\u201d, dice el comunicado.<\/span><\/p>\n","protected":false},"excerpt":{"rendered":"<p>Xalapa.- Los resultados de la encuesta para la designaci\u00f3n de la o el coordinador de los comit\u00e9s de defensa de<\/p>\n","protected":false},"author":4,"featured_media":25192,"comment_status":"closed","ping_status":"closed","sticky":false,"template":"","format":"standard","meta":{"colormag_page_container_layout":"default_layout","colormag_page_sidebar_layout":"default_layout","_jetpack_memberships_contains_paid_content":false,"footnotes":"","jetpack_publicize_message":"","jetpack_publicize_feature_enabled":true,"jetpack_social_post_already_shared":false,"jetpack_social_options":{"image_generator_settings":{"template":"highway","default_image_id":0,"font":"","enabled":false},"version":2}},"categories":[30],"tags":[],"class_list":["post-25191","post","type-post","status-publish","format-standard","has-post-thumbnail","hentry","category-estados"],"jetpack_publicize_connections":[],"jetpack_featured_media_url":"https:\/\/i0.wp.com\/politicosaldesnudo.com.mx\/wp-content\/uploads\/2023\/10\/11b.jpg?fit=730%2C550&ssl=1","jetpack-related-posts":[],"jetpack_sharing_enabled":true,"_links":{"self":[{"href":"https:\/\/politicosaldesnudo.com.mx\/index.php\/wp-json\/wp\/v2\/posts\/25191","targetHints":{"allow":["GET"]}}],"collection":[{"href":"https:\/\/politicosaldesnudo.com.mx\/index.php\/wp-json\/wp\/v2\/posts"}],"about":[{"href":"https:\/\/politicosaldesnudo.com.mx\/index.php\/wp-json\/wp\/v2\/types\/post"}],"author":[{"embeddable":true,"href":"https:\/\/politicosaldesnudo.com.mx\/index.php\/wp-json\/wp\/v2\/users\/4"}],"replies":[{"embeddable":true,"href":"https:\/\/politicosaldesnudo.com.mx\/index.php\/wp-json\/wp\/v2\/comments?post=25191"}],"version-history":[{"count":0,"href":"https:\/\/politicosaldesnudo.com.mx\/index.php\/wp-json\/wp\/v2\/posts\/25191\/revisions"}],"wp:featuredmedia":[{"embeddable":true,"href":"https:\/\/politicosaldesnudo.com.mx\/index.php\/wp-json\/wp\/v2\/media\/25192"}],"wp:attachment":[{"href":"https:\/\/politicosaldesnudo.com.mx\/index.php\/wp-json\/wp\/v2\/media?parent=25191"}],"wp:term":[{"taxonomy":"category","embeddable":true,"href":"https:\/\/politicosaldesnudo.com.mx\/index.php\/wp-json\/wp\/v2\/categories?post=25191"},{"taxonomy":"post_tag","embeddable":true,"href":"https:\/\/politicosaldesnudo.com.mx\/index.php\/wp-json\/wp\/v2\/tags?post=25191"}],"curies":[{"name":"wp","href":"https:\/\/api.w.org\/{rel}","templated":true}]}}