{"id":25230,"date":"2023-10-31T00:28:09","date_gmt":"2023-10-31T06:28:09","guid":{"rendered":"https:\/\/politicosaldesnudo.com.mx\/?p=25230"},"modified":"2023-10-31T00:28:09","modified_gmt":"2023-10-31T06:28:09","slug":"tuxpan-vive-a-plenitud-el-festival-de-dia-de-muertos","status":"publish","type":"post","link":"https:\/\/politicosaldesnudo.com.mx\/index.php\/2023\/10\/31\/tuxpan-vive-a-plenitud-el-festival-de-dia-de-muertos\/","title":{"rendered":"Tuxpan vive a plenitud el Festival de D\u00eda de Muertos"},"content":{"rendered":"<p><span style=\"font-size: 14pt;\">Tuxpan, Ver.- Esta noche inici\u00f3 el Festival \u201cD\u00eda de Muertos, Tradici\u00f3n que nos Une\u201d, el cual nos brinda la oportunidad de celebrar nuestra cultura y conectar con nuestras ra\u00edces.<\/span><\/p>\n<p><span style=\"font-size: 14pt;\">En la inauguraci\u00f3n del evento estuvo presente el presidente municipal Jos\u00e9 Manuel Pozos Castro, acompa\u00f1ado de su esposa Pamela Morales Huesca, presidenta del DIF Tuxpan; el regidor Axel Bernal Herrera y el director de Cultura, Israel Luna Osorio.<\/span><\/p>\n<p><img data-recalc-dims=\"1\" loading=\"lazy\" decoding=\"async\" class=\"aligncenter size-large wp-image-25235\" src=\"https:\/\/i0.wp.com\/politicosaldesnudo.com.mx\/wp-content\/uploads\/2023\/10\/WhatsApp-Image-2023-10-30-at-23.37.401-1024x681.jpeg?resize=800%2C532&#038;ssl=1\" alt=\"\" width=\"800\" height=\"532\" srcset=\"https:\/\/i0.wp.com\/politicosaldesnudo.com.mx\/wp-content\/uploads\/2023\/10\/WhatsApp-Image-2023-10-30-at-23.37.401.jpeg?resize=1024%2C681&amp;ssl=1 1024w, https:\/\/i0.wp.com\/politicosaldesnudo.com.mx\/wp-content\/uploads\/2023\/10\/WhatsApp-Image-2023-10-30-at-23.37.401.jpeg?resize=300%2C199&amp;ssl=1 300w, https:\/\/i0.wp.com\/politicosaldesnudo.com.mx\/wp-content\/uploads\/2023\/10\/WhatsApp-Image-2023-10-30-at-23.37.401.jpeg?resize=768%2C511&amp;ssl=1 768w, https:\/\/i0.wp.com\/politicosaldesnudo.com.mx\/wp-content\/uploads\/2023\/10\/WhatsApp-Image-2023-10-30-at-23.37.401.jpeg?w=1280&amp;ssl=1 1280w\" sizes=\"auto, (max-width: 800px) 100vw, 800px\" \/><\/p>\n<p><span style=\"font-size: 14pt;\">\u201cEl D\u00eda de Muertos es una tradici\u00f3n que nos da identidad como mexicanos y nos une como familias en torno a la memoria de nuestros seres queridos que han partido del plano terrenal. Son d\u00edas de celebrar la vida sobre la muerte; de privilegiar la presencia sobre la ausencia y el recuerdo sobre el olvido\u201d, mencion\u00f3 el alcalde en su mensaje.<\/span><\/p>\n<p><span style=\"font-size: 14pt;\">Dijo que estas actividades art\u00edsticas y culturales que lleva a cabo el Gobierno de Tuxpan, as\u00ed como las que se est\u00e1n llevando a cabo en comunidades, son una manera de proteger el patrimonio cultural de nuestro pueblo y de nuestro M\u00e9xico.<\/span><\/p>\n<p><img data-recalc-dims=\"1\" loading=\"lazy\" decoding=\"async\" class=\"aligncenter size-large wp-image-25233\" src=\"https:\/\/i0.wp.com\/politicosaldesnudo.com.mx\/wp-content\/uploads\/2023\/10\/WhatsApp-Image-2023-10-30-at-23.37.392-1024x681.jpeg?resize=800%2C532&#038;ssl=1\" alt=\"\" width=\"800\" height=\"532\" srcset=\"https:\/\/i0.wp.com\/politicosaldesnudo.com.mx\/wp-content\/uploads\/2023\/10\/WhatsApp-Image-2023-10-30-at-23.37.392.jpeg?resize=1024%2C681&amp;ssl=1 1024w, https:\/\/i0.wp.com\/politicosaldesnudo.com.mx\/wp-content\/uploads\/2023\/10\/WhatsApp-Image-2023-10-30-at-23.37.392.jpeg?resize=300%2C199&amp;ssl=1 300w, https:\/\/i0.wp.com\/politicosaldesnudo.com.mx\/wp-content\/uploads\/2023\/10\/WhatsApp-Image-2023-10-30-at-23.37.392.jpeg?resize=768%2C511&amp;ssl=1 768w, https:\/\/i0.wp.com\/politicosaldesnudo.com.mx\/wp-content\/uploads\/2023\/10\/WhatsApp-Image-2023-10-30-at-23.37.392.jpeg?w=1280&amp;ssl=1 1280w\" sizes=\"auto, (max-width: 800px) 100vw, 800px\" \/><\/p>\n<p><span style=\"font-size: 14pt;\">\u201cTuxpan est\u00e1 viviendo una gran manifestaci\u00f3n cultural popular de llena de alegr\u00eda, colorido y de vida. Sigamos haciendo grande la tradici\u00f3n del D\u00eda de Muertos. Vivamos nuestra tradici\u00f3n y recordemos con cari\u00f1o a nuestros seres queridos\u201d.<\/span><\/p>\n<p><span style=\"font-size: 14pt;\">En el arranque de este festival se disfrut\u00f3 de un gran espect\u00e1culo art\u00edstico y cultural con n\u00fameros alusivo a estas fechas.<\/span><\/p>\n<p><img data-recalc-dims=\"1\" loading=\"lazy\" decoding=\"async\" class=\"aligncenter size-large wp-image-25232\" src=\"https:\/\/i0.wp.com\/politicosaldesnudo.com.mx\/wp-content\/uploads\/2023\/10\/WhatsApp-Image-2023-10-30-at-23.37.391-1024x681.jpeg?resize=800%2C532&#038;ssl=1\" alt=\"\" width=\"800\" height=\"532\" srcset=\"https:\/\/i0.wp.com\/politicosaldesnudo.com.mx\/wp-content\/uploads\/2023\/10\/WhatsApp-Image-2023-10-30-at-23.37.391.jpeg?resize=1024%2C681&amp;ssl=1 1024w, https:\/\/i0.wp.com\/politicosaldesnudo.com.mx\/wp-content\/uploads\/2023\/10\/WhatsApp-Image-2023-10-30-at-23.37.391.jpeg?resize=300%2C199&amp;ssl=1 300w, https:\/\/i0.wp.com\/politicosaldesnudo.com.mx\/wp-content\/uploads\/2023\/10\/WhatsApp-Image-2023-10-30-at-23.37.391.jpeg?resize=768%2C511&amp;ssl=1 768w, https:\/\/i0.wp.com\/politicosaldesnudo.com.mx\/wp-content\/uploads\/2023\/10\/WhatsApp-Image-2023-10-30-at-23.37.391.jpeg?w=1280&amp;ssl=1 1280w\" sizes=\"auto, (max-width: 800px) 100vw, 800px\" \/><\/p>\n<p><span style=\"font-size: 14pt;\">Como parte del elenco participaron el ballet folcl\u00f3rico municipal, el taller de danza infantil, la academia de danza Rosita Lasso de la Vega, alumnas y alumnos de 5\u00ba grado de la escuela primaria Jos\u00e9 Mar\u00eda Morelos y Pav\u00f3n, el ballet folcl\u00f3rico \u201cMextli\u201d, la academia de baile CEA, la academia de salsa \u201cRoyalty\u201d, y las academias de danza \u201cVictoria\u201d, The King\u2019s Studio y Xtrem Angel\u2019s.<\/span><\/p>\n<p><span style=\"font-size: 14pt;\">Previo a la inauguraci\u00f3n del festival, se llev\u00f3 a cabo de manera exitosa el segundo desfile de D\u00eda de Muertos, con una gran participaci\u00f3n de estudiantes de nivel b\u00e1sico y medio, el ballet municipal Xochiqu\u00e9tzal y la banda musical Leones Marching Band.<\/span><\/p>\n<p><img data-recalc-dims=\"1\" loading=\"lazy\" decoding=\"async\" class=\"aligncenter size-large wp-image-25236\" src=\"https:\/\/i0.wp.com\/politicosaldesnudo.com.mx\/wp-content\/uploads\/2023\/10\/WhatsApp-Image-2023-10-30-at-23.37.40-1024x681.jpeg?resize=800%2C532&#038;ssl=1\" alt=\"\" width=\"800\" height=\"532\" srcset=\"https:\/\/i0.wp.com\/politicosaldesnudo.com.mx\/wp-content\/uploads\/2023\/10\/WhatsApp-Image-2023-10-30-at-23.37.40.jpeg?resize=1024%2C681&amp;ssl=1 1024w, https:\/\/i0.wp.com\/politicosaldesnudo.com.mx\/wp-content\/uploads\/2023\/10\/WhatsApp-Image-2023-10-30-at-23.37.40.jpeg?resize=300%2C199&amp;ssl=1 300w, https:\/\/i0.wp.com\/politicosaldesnudo.com.mx\/wp-content\/uploads\/2023\/10\/WhatsApp-Image-2023-10-30-at-23.37.40.jpeg?resize=768%2C511&amp;ssl=1 768w, https:\/\/i0.wp.com\/politicosaldesnudo.com.mx\/wp-content\/uploads\/2023\/10\/WhatsApp-Image-2023-10-30-at-23.37.40.jpeg?w=1280&amp;ssl=1 1280w\" sizes=\"auto, (max-width: 800px) 100vw, 800px\" \/><\/p>\n<p><span style=\"font-size: 14pt;\">Familias se congregaron a lo largo del bulevar Jes\u00fas Reyes Heroles para presenciar a los contingentes, quienes iban caracterizados de catrinas, catrines, calaveras, personajes famosos de pel\u00edculas de terror, entre otros.<\/span><\/p>\n<p><span style=\"font-size: 14pt;\">Ma\u00f1ana 31 de octubre se continuar\u00e1 con las actividades que se tienen programadas dentro de este festival: a las 12:00 se colocar\u00e1 la primera ofrenda en el altar municipal; m\u00e1s tarde, a las 5:00 p.m. en la Plaza C\u00edvica se realizar\u00e1 el concurso de altares y posteriormente, a las 8:00 p.m., el concurso de malinches.<\/span><\/p>\n<p><span style=\"font-size: 14pt;\">Est\u00e1n todos invitados a seguir celebrando esta bella tradici\u00f3n mexicana.<\/span><\/p>\n","protected":false},"excerpt":{"rendered":"<p>Tuxpan, Ver.- Esta noche inici\u00f3 el Festival \u201cD\u00eda de Muertos, Tradici\u00f3n que nos Une\u201d, el cual nos brinda la oportunidad<\/p>\n","protected":false},"author":4,"featured_media":25237,"comment_status":"closed","ping_status":"closed","sticky":false,"template":"","format":"standard","meta":{"colormag_page_container_layout":"default_layout","colormag_page_sidebar_layout":"default_layout","_jetpack_memberships_contains_paid_content":false,"footnotes":"","jetpack_publicize_message":"","jetpack_publicize_feature_enabled":true,"jetpack_social_post_already_shared":false,"jetpack_social_options":{"image_generator_settings":{"template":"highway","default_image_id":0,"font":"","enabled":false},"version":2}},"categories":[1082],"tags":[],"class_list":["post-25230","post","type-post","status-publish","format-standard","has-post-thumbnail","hentry","category-tuxpan"],"jetpack_publicize_connections":[],"jetpack_featured_media_url":"https:\/\/i0.wp.com\/politicosaldesnudo.com.mx\/wp-content\/uploads\/2023\/10\/WhatsApp-Image-2023-10-30-at-23.37.41.jpeg?fit=1280%2C851&ssl=1","jetpack-related-posts":[],"jetpack_sharing_enabled":true,"_links":{"self":[{"href":"https:\/\/politicosaldesnudo.com.mx\/index.php\/wp-json\/wp\/v2\/posts\/25230","targetHints":{"allow":["GET"]}}],"collection":[{"href":"https:\/\/politicosaldesnudo.com.mx\/index.php\/wp-json\/wp\/v2\/posts"}],"about":[{"href":"https:\/\/politicosaldesnudo.com.mx\/index.php\/wp-json\/wp\/v2\/types\/post"}],"author":[{"embeddable":true,"href":"https:\/\/politicosaldesnudo.com.mx\/index.php\/wp-json\/wp\/v2\/users\/4"}],"replies":[{"embeddable":true,"href":"https:\/\/politicosaldesnudo.com.mx\/index.php\/wp-json\/wp\/v2\/comments?post=25230"}],"version-history":[{"count":0,"href":"https:\/\/politicosaldesnudo.com.mx\/index.php\/wp-json\/wp\/v2\/posts\/25230\/revisions"}],"wp:featuredmedia":[{"embeddable":true,"href":"https:\/\/politicosaldesnudo.com.mx\/index.php\/wp-json\/wp\/v2\/media\/25237"}],"wp:attachment":[{"href":"https:\/\/politicosaldesnudo.com.mx\/index.php\/wp-json\/wp\/v2\/media?parent=25230"}],"wp:term":[{"taxonomy":"category","embeddable":true,"href":"https:\/\/politicosaldesnudo.com.mx\/index.php\/wp-json\/wp\/v2\/categories?post=25230"},{"taxonomy":"post_tag","embeddable":true,"href":"https:\/\/politicosaldesnudo.com.mx\/index.php\/wp-json\/wp\/v2\/tags?post=25230"}],"curies":[{"name":"wp","href":"https:\/\/api.w.org\/{rel}","templated":true}]}}