{"id":25263,"date":"2023-10-31T10:33:41","date_gmt":"2023-10-31T16:33:41","guid":{"rendered":"https:\/\/politicosaldesnudo.com.mx\/?p=25263"},"modified":"2023-10-31T10:33:41","modified_gmt":"2023-10-31T16:33:41","slug":"ecologistas-patrocinados","status":"publish","type":"post","link":"https:\/\/politicosaldesnudo.com.mx\/index.php\/2023\/10\/31\/ecologistas-patrocinados\/","title":{"rendered":"Ecologistas patrocinados"},"content":{"rendered":"<ul style=\"font-weight: 400;\">\n<li><span style=\"font-size: 14pt;\"><strong>Les est\u00e1n pagando a los que est\u00e1n en la avenida L\u00e1zaro C\u00e1rdenas<\/strong><\/span><\/li>\n<li><span style=\"font-size: 14pt;\"><strong>\u00bfQui\u00e9n es generoso patrocinador del movimiento?<\/strong><\/span><\/li>\n<li><span style=\"font-size: 14pt;\"><strong>\u00bfQu\u00e9 es lo que en el fondo se busca negociar?<\/strong><\/span><\/li>\n<\/ul>\n<p style=\"font-weight: 400;\"><strong><span style=\"font-size: 14pt;\">Por Miguel Angel Cristiani G.<\/span><\/strong><\/p>\n<p style=\"font-weight: 400;\"><span style=\"font-size: 14pt;\">Como dir\u00eda Pancho L\u00f3pez el fil\u00f3sofo xalape\u00f1o ateniense \u201clo sospech\u00e9 desde un principio\u201d que los llamados \u201cecologistas\u201d que est\u00e1n instalados sobre el camell\u00f3n de la avenida L\u00e1zaro C\u00e1rdenas para impedir la construcci\u00f3n de un puente, est\u00e1n siendo patrocinados-pagados por intereses pol\u00edticos m\u00e1s que de preocupaci\u00f3n por el medio ambiente.<\/span><\/p>\n<p style=\"font-weight: 400;\"><span style=\"font-size: 14pt;\">Lo del derribo de \u00e1rboles es solo un pretexto para mantenerse en la v\u00eda p\u00fablica.<\/span><\/p>\n<p style=\"font-weight: 400;\"><span style=\"font-size: 14pt;\">Resulta que \u201cla mano que mece la cuna\u201d les est\u00e1 pagando a cada uno de los j\u00f3venes y adultos que est\u00e1n haciendo guardias, de quinientos a mil pesos diarios, dependiendo del tiempo que est\u00e9 en el campamento.<\/span><\/p>\n<p style=\"font-weight: 400;\"><span style=\"font-size: 14pt;\">A manera de justificaci\u00f3n, uno de los guardianes, coment\u00f3 que se encontraba sin empleo y que ese pago por estar ah\u00ed sin hacer nada, les resultaba muy favorable.<\/span><\/p>\n<p style=\"font-weight: 400;\"><span style=\"font-size: 14pt;\">Desde que colocaron su campamento sobre el camell\u00f3n, surgi\u00f3 la duda sobre cu\u00e1l era el motivo real para que estuvieran d\u00eda y noche, pasando fr\u00edos y lluvias en catres de campa\u00f1a, todo para evitar que se continuara con la obra.<\/span><\/p>\n<p style=\"font-weight: 400;\"><span style=\"font-size: 14pt;\">Otro detalle que llam\u00f3 la atenci\u00f3n, es que cuando las autoridades anunciaron que habr\u00edan de sembrar 360 \u00e1rboles para reponer los que estaban siendo cortados, ninguno de esos \u201cecologistas\u201d fue a la siembra.<\/span><\/p>\n<p style=\"font-weight: 400;\"><span style=\"font-size: 14pt;\">Casi casi se podr\u00eda afirmar que en toda su vida, nunca han sembrado un \u00e1rbol.<\/span><\/p>\n<p style=\"font-weight: 400;\"><span style=\"font-size: 14pt;\">Los automovilistas que tienen que transitar por largas filas de veh\u00edculos por la avenida L\u00e1zaro C\u00e1rdenas, se preguntan por qu\u00e9 si los ecologistas xalape\u00f1os est\u00e1n tan preocupados por el medio ambiente, no han hecho nunca ninguna manifestaci\u00f3n o protesta, por la tale esa s\u00ed desmedida, de \u00e1rboles en el Cofre de Perote, para no ir muy lejos.<\/span><\/p>\n<p style=\"font-weight: 400;\"><span style=\"font-size: 14pt;\">La respuesta es muy simple, porque all\u00e1 no hay quien les patrocine su movimiento ecologista.<\/span><\/p>\n<p style=\"font-weight: 400;\"><span style=\"font-size: 14pt;\">Ya son varias semanas que tiene instalado el campamento sobre la avenida L\u00e1zaro C\u00e1rdenas, resultar\u00eda interesante conocer qui\u00e9n es el \u201cmes\u00edas\u201d que est\u00e1 patrocinando los pagos a los ecologistas.<\/span><\/p>\n<p style=\"font-weight: 400;\"><span style=\"font-size: 14pt;\">Porque si sacamos cuentas, la n\u00f3mina diaria es de varios miles de pesos.<\/span><\/p>\n<p style=\"font-weight: 400;\"><span style=\"font-size: 14pt;\">Eso independientemente de otros gastos, como el pago de los servicios de abogados que han interpuesto demandas para detener la construcci\u00f3n.<\/span><\/p>\n<p style=\"font-weight: 400;\"><span style=\"font-size: 14pt;\">Habr\u00eda que sumar el costo de los alimentos, que seguramente no son enviados por almas caritativas xalape\u00f1as.<\/span><\/p>\n<p style=\"font-weight: 400;\"><span style=\"font-size: 14pt;\">Falta conocer qui\u00e9n es el que est\u00e1 detr\u00e1s de ese movimiento de ecologistas y que es lo que en realidad se trata de negociar pol\u00edticamente.<\/span><\/p>\n<p style=\"font-weight: 400;\"><span style=\"font-size: 14pt;\">Porque en estos tiempos de crisis, nadie apuesta recursos econ\u00f3micos propios, para salvar unos cuantos \u00e1rboles.<\/span><\/p>\n<p style=\"font-weight: 400;\"><span style=\"font-size: 14pt;\">Qu\u00e9 bueno que haya \u201cecologistas\u201d preocupados por la conservaci\u00f3n de los \u00e1rboles y el medio ambiente, pero que tambi\u00e9n participen en las campa\u00f1as de siembra de nuevas arboledas.<\/span><\/p>\n<p style=\"font-weight: 400;\"><span style=\"font-size: 14pt;\">Para m\u00e1s informaci\u00f3n consulta nuestra p\u00e1gina\u00a0<a href=\"https:\/\/www.xn--bitacoraspolticas-ovb.com\/\" data-saferedirecturl=\"https:\/\/www.google.com\/url?q=https:\/\/www.xn--bitacoraspolticas-ovb.com\/&amp;source=gmail&amp;ust=1698856027619000&amp;usg=AOvVaw0MZgMOTuaaPgv293K0s3Fb\">https:\/\/www.xn--bitacoraspolticas-ovb.com\/<\/a><\/span><\/p>\n<p><img data-recalc-dims=\"1\" loading=\"lazy\" decoding=\"async\" class=\"aligncenter size-full wp-image-25148\" src=\"https:\/\/i0.wp.com\/politicosaldesnudo.com.mx\/wp-content\/uploads\/2023\/10\/FIRMA-EDITORIAL-PD-2.jpg?resize=800%2C98&#038;ssl=1\" alt=\"\" width=\"800\" height=\"98\" srcset=\"https:\/\/i0.wp.com\/politicosaldesnudo.com.mx\/wp-content\/uploads\/2023\/10\/FIRMA-EDITORIAL-PD-2.jpg?w=1024&amp;ssl=1 1024w, https:\/\/i0.wp.com\/politicosaldesnudo.com.mx\/wp-content\/uploads\/2023\/10\/FIRMA-EDITORIAL-PD-2.jpg?resize=300%2C37&amp;ssl=1 300w, https:\/\/i0.wp.com\/politicosaldesnudo.com.mx\/wp-content\/uploads\/2023\/10\/FIRMA-EDITORIAL-PD-2.jpg?resize=768%2C94&amp;ssl=1 768w\" sizes=\"auto, (max-width: 800px) 100vw, 800px\" \/><\/p>\n","protected":false},"excerpt":{"rendered":"<p>Les est\u00e1n pagando a los que est\u00e1n en la avenida L\u00e1zaro C\u00e1rdenas \u00bfQui\u00e9n es generoso patrocinador del movimiento? \u00bfQu\u00e9 es<\/p>\n","protected":false},"author":4,"featured_media":3789,"comment_status":"closed","ping_status":"closed","sticky":false,"template":"","format":"standard","meta":{"colormag_page_container_layout":"default_layout","colormag_page_sidebar_layout":"default_layout","_jetpack_memberships_contains_paid_content":false,"footnotes":"","jetpack_publicize_message":"","jetpack_publicize_feature_enabled":true,"jetpack_social_post_already_shared":false,"jetpack_social_options":{"image_generator_settings":{"template":"highway","default_image_id":0,"font":"","enabled":false},"version":2}},"categories":[26],"tags":[],"class_list":["post-25263","post","type-post","status-publish","format-standard","has-post-thumbnail","hentry","category-columnistas"],"jetpack_publicize_connections":[],"jetpack_featured_media_url":"https:\/\/i0.wp.com\/politicosaldesnudo.com.mx\/wp-content\/uploads\/2022\/04\/CRISTIANI.png?fit=1816%2C1016&ssl=1","jetpack-related-posts":[],"jetpack_sharing_enabled":true,"_links":{"self":[{"href":"https:\/\/politicosaldesnudo.com.mx\/index.php\/wp-json\/wp\/v2\/posts\/25263","targetHints":{"allow":["GET"]}}],"collection":[{"href":"https:\/\/politicosaldesnudo.com.mx\/index.php\/wp-json\/wp\/v2\/posts"}],"about":[{"href":"https:\/\/politicosaldesnudo.com.mx\/index.php\/wp-json\/wp\/v2\/types\/post"}],"author":[{"embeddable":true,"href":"https:\/\/politicosaldesnudo.com.mx\/index.php\/wp-json\/wp\/v2\/users\/4"}],"replies":[{"embeddable":true,"href":"https:\/\/politicosaldesnudo.com.mx\/index.php\/wp-json\/wp\/v2\/comments?post=25263"}],"version-history":[{"count":0,"href":"https:\/\/politicosaldesnudo.com.mx\/index.php\/wp-json\/wp\/v2\/posts\/25263\/revisions"}],"wp:featuredmedia":[{"embeddable":true,"href":"https:\/\/politicosaldesnudo.com.mx\/index.php\/wp-json\/wp\/v2\/media\/3789"}],"wp:attachment":[{"href":"https:\/\/politicosaldesnudo.com.mx\/index.php\/wp-json\/wp\/v2\/media?parent=25263"}],"wp:term":[{"taxonomy":"category","embeddable":true,"href":"https:\/\/politicosaldesnudo.com.mx\/index.php\/wp-json\/wp\/v2\/categories?post=25263"},{"taxonomy":"post_tag","embeddable":true,"href":"https:\/\/politicosaldesnudo.com.mx\/index.php\/wp-json\/wp\/v2\/tags?post=25263"}],"curies":[{"name":"wp","href":"https:\/\/api.w.org\/{rel}","templated":true}]}}