{"id":25269,"date":"2023-10-31T10:52:56","date_gmt":"2023-10-31T16:52:56","guid":{"rendered":"https:\/\/politicosaldesnudo.com.mx\/?p=25269"},"modified":"2023-10-31T10:52:56","modified_gmt":"2023-10-31T16:52:56","slug":"propone-amlo-dar-15-mil-mdp-de-fideicomisos-del-pjf-a-acapulco","status":"publish","type":"post","link":"https:\/\/politicosaldesnudo.com.mx\/index.php\/2023\/10\/31\/propone-amlo-dar-15-mil-mdp-de-fideicomisos-del-pjf-a-acapulco\/","title":{"rendered":"Propone AMLO dar 15 mil mdp de fideicomisos del PJF a Acapulco"},"content":{"rendered":"<p><span style=\"font-size: 14pt;\">El presidente Andr\u00e9s Manuel L\u00f3pez Obrador propuso un acuerdo al Poder Judicial a fin de que los 15 mil millones de pesos de los fideicomisos con los que contaba y que el Congreso determin\u00f3 cancelar se asignen a un fondo para apoyar a los damnificados de Acapulco. Al se\u00f1alar que esto agilizar\u00e1 la asignaci\u00f3n de estos recursos sin esperar un litigio legal con la decisi\u00f3n, con la posibilidad de que el Poder Judicial forme parte del consejo que vigilar\u00e1 el ejercicio de estos recursos.<\/span><\/p>\n<p><span style=\"font-size: 14pt;\">Durante su conferencia, el mandatario sostuvo que este acuerdo permitir\u00eda destrabar procesos administrativos y agilizar\u00eda esta asignaci\u00f3n porque de lo contrario habr\u00eda que esperar la aprobaci\u00f3n y publicaci\u00f3n del presupuesto y aguardar si no hay recursos legales contra esta aprobaci\u00f3n.<\/span><\/p>\n<p><img data-recalc-dims=\"1\" loading=\"lazy\" decoding=\"async\" class=\"aligncenter size-large wp-image-25270\" src=\"https:\/\/i0.wp.com\/politicosaldesnudo.com.mx\/wp-content\/uploads\/2023\/10\/quin-1024x697.webp?resize=800%2C545&#038;ssl=1\" alt=\"\" width=\"800\" height=\"545\" srcset=\"https:\/\/i0.wp.com\/politicosaldesnudo.com.mx\/wp-content\/uploads\/2023\/10\/quin.webp?resize=1024%2C697&amp;ssl=1 1024w, https:\/\/i0.wp.com\/politicosaldesnudo.com.mx\/wp-content\/uploads\/2023\/10\/quin.webp?resize=300%2C204&amp;ssl=1 300w, https:\/\/i0.wp.com\/politicosaldesnudo.com.mx\/wp-content\/uploads\/2023\/10\/quin.webp?resize=768%2C523&amp;ssl=1 768w, https:\/\/i0.wp.com\/politicosaldesnudo.com.mx\/wp-content\/uploads\/2023\/10\/quin.webp?resize=1536%2C1045&amp;ssl=1 1536w, https:\/\/i0.wp.com\/politicosaldesnudo.com.mx\/wp-content\/uploads\/2023\/10\/quin.webp?resize=130%2C90&amp;ssl=1 130w, https:\/\/i0.wp.com\/politicosaldesnudo.com.mx\/wp-content\/uploads\/2023\/10\/quin.webp?w=1600&amp;ssl=1 1600w\" sizes=\"auto, (max-width: 800px) 100vw, 800px\" \/><\/p>\n<p><span style=\"font-size: 14pt;\">L\u00f3pez Obrador retom\u00f3 la pol\u00e9mica en torno a los fideicomisos y la posibilidad de que se promueva una controversia constitucional, solicitando que se respete la decisi\u00f3n de los senadores y diputados. \u201cNo pueden corregirle la plana del poder judicial en algo que tiene que ver con ingresos y presupuesto. Eso le corresponde al Poder Legislativo. Si ya decidi\u00f3 el Congreso que esos fideicomiso son abusos, un fondo de privilegiados y ese dinero puede usarse en beneficio de la gente. \u00bfC\u00f3mo van a alegar que actu\u00f3 mal el Poder Legislativo?\u201d<\/span><\/p>\n<p><span style=\"font-size: 14pt;\">L\u00f3pez Obrador dijo que la desaparici\u00f3n de estos fideicomisos no impactar\u00eda en el presupuesto de 2024 del Poder Judicial, porque solicitaron 84 mil millones de pesos. Sin embargo, m\u00e1s adelante, consider\u00f3 que Con base en la partida asignada, se reducen los salarios de los altos mandos del Poder Judicial que violan la Constituci\u00f3n (porque perciben m\u00e1s salario que el Presidente), podr\u00edan reducirse los ingresos y compensaciones a ministros y altos funcionarios.<\/span><\/p>\n<p><span style=\"font-size: 14pt;\">Con ello, consider\u00f3, se podr\u00edan acumular entre 2 mil y 3 mil millones de pesos, que se podr\u00edan destinar a becas para estudiantes pobres (que era la propuesta original que hab\u00eda hecho con los 15 mil millones de pesos antes del impacto en Guerrero, del hurac\u00e1n\u00a0<em>Otis<\/em>).<\/span><\/p>\n","protected":false},"excerpt":{"rendered":"<p>El presidente Andr\u00e9s Manuel L\u00f3pez Obrador propuso un acuerdo al Poder Judicial a fin de que los 15 mil millones<\/p>\n","protected":false},"author":4,"featured_media":25271,"comment_status":"closed","ping_status":"closed","sticky":false,"template":"","format":"standard","meta":{"colormag_page_container_layout":"default_layout","colormag_page_sidebar_layout":"default_layout","_jetpack_memberships_contains_paid_content":false,"footnotes":"","jetpack_publicize_message":"","jetpack_publicize_feature_enabled":true,"jetpack_social_post_already_shared":false,"jetpack_social_options":{"image_generator_settings":{"template":"highway","default_image_id":0,"font":"","enabled":false},"version":2}},"categories":[33],"tags":[],"class_list":["post-25269","post","type-post","status-publish","format-standard","has-post-thumbnail","hentry","category-nacional"],"jetpack_publicize_connections":[],"jetpack_featured_media_url":"https:\/\/i0.wp.com\/politicosaldesnudo.com.mx\/wp-content\/uploads\/2023\/10\/S5MX733A65ERVPTRZOHDQJGVKM.jpg?fit=1500%2C1000&ssl=1","jetpack-related-posts":[],"jetpack_sharing_enabled":true,"_links":{"self":[{"href":"https:\/\/politicosaldesnudo.com.mx\/index.php\/wp-json\/wp\/v2\/posts\/25269","targetHints":{"allow":["GET"]}}],"collection":[{"href":"https:\/\/politicosaldesnudo.com.mx\/index.php\/wp-json\/wp\/v2\/posts"}],"about":[{"href":"https:\/\/politicosaldesnudo.com.mx\/index.php\/wp-json\/wp\/v2\/types\/post"}],"author":[{"embeddable":true,"href":"https:\/\/politicosaldesnudo.com.mx\/index.php\/wp-json\/wp\/v2\/users\/4"}],"replies":[{"embeddable":true,"href":"https:\/\/politicosaldesnudo.com.mx\/index.php\/wp-json\/wp\/v2\/comments?post=25269"}],"version-history":[{"count":0,"href":"https:\/\/politicosaldesnudo.com.mx\/index.php\/wp-json\/wp\/v2\/posts\/25269\/revisions"}],"wp:featuredmedia":[{"embeddable":true,"href":"https:\/\/politicosaldesnudo.com.mx\/index.php\/wp-json\/wp\/v2\/media\/25271"}],"wp:attachment":[{"href":"https:\/\/politicosaldesnudo.com.mx\/index.php\/wp-json\/wp\/v2\/media?parent=25269"}],"wp:term":[{"taxonomy":"category","embeddable":true,"href":"https:\/\/politicosaldesnudo.com.mx\/index.php\/wp-json\/wp\/v2\/categories?post=25269"},{"taxonomy":"post_tag","embeddable":true,"href":"https:\/\/politicosaldesnudo.com.mx\/index.php\/wp-json\/wp\/v2\/tags?post=25269"}],"curies":[{"name":"wp","href":"https:\/\/api.w.org\/{rel}","templated":true}]}}