{"id":25445,"date":"2023-11-06T01:18:26","date_gmt":"2023-11-06T07:18:26","guid":{"rendered":"https:\/\/politicosaldesnudo.com.mx\/?p=25445"},"modified":"2023-11-06T01:18:26","modified_gmt":"2023-11-06T07:18:26","slug":"tuxpan-camino-abierto","status":"publish","type":"post","link":"https:\/\/politicosaldesnudo.com.mx\/index.php\/2023\/11\/06\/tuxpan-camino-abierto\/","title":{"rendered":"Tuxpan, camino abierto"},"content":{"rendered":"<ul>\n<li><strong><span style=\"font-size: 14pt;\">La temporada de vacaciones tiene un destino seguro y sin riesgos en el norte de Veracruz<\/span><\/strong><\/li>\n<\/ul>\n<p><strong><span style=\"font-size: 14pt;\">Por \u00c1ngel \u00c1lvaro Pe\u00f1a<\/span><\/strong><\/p>\n<p><span style=\"font-size: 14pt;\">Sin ser Pueblo M\u00e1gico, el municipio de Tuxpan, Veracruz est\u00e1 destacando a nivel nacional por la preservaci\u00f3n y difusi\u00f3n de su cultura, arte y tradiciones.<\/span><br \/>\n<span style=\"font-size: 14pt;\">De manera permanente y con una gran participaci\u00f3n ciudadana se est\u00e1 rescatando la memoria y el patrimonio cultural, lo que ha despertado el orgullo de todas y todos.<\/span><br \/>\n<span style=\"font-size: 14pt;\">Tuxpan es una aut\u00e9ntica capital de la cultura y las artes del norte de Veracruz, con una oferta permanente de actividades que reafirman su identidad como pueblo huasteco, con herencia de otras culturas.<\/span><br \/>\n<span style=\"font-size: 14pt;\">Afortunadamente este municipio ha dejado atr\u00e1s la etapa de oscurantismo, y hoy brilla con eventos de primer nivel que reflejan una cultura incluyente y sus ra\u00edces hist\u00f3ricas fuertes.<\/span><br \/>\n<span style=\"font-size: 14pt;\">Por primera vez, el desarrollo tur\u00edstico est\u00e1 alineado con un gran impulso a la promoci\u00f3n del patrimonio cultural del municipio.<\/span><br \/>\n<span style=\"font-size: 14pt;\">Los turistas disfrutan de las playas, de los hermosos paisajes, de la exquisita gastronom\u00eda y lo grandioso de su herencia cultura.<\/span><br \/>\n<span style=\"font-size: 14pt;\">Debemos reconocer que esto es el resultado del trabajo conjunto del gobierno que encabeza Jos\u00e9 Manuel Pozos Castro, del Gobierno del Estado, prestadores de servicios, promotores de la cultura, asociaciones civiles y la ciudadan\u00eda.<\/span><br \/>\n<span style=\"font-size: 14pt;\">Durante los festivales que se realizaron a finales de octubre y principios de noviembre, con motivo del D\u00eda de Muertos, lleg\u00f3 una gran oleada de turistas.<\/span><br \/>\n<span style=\"font-size: 14pt;\">Destaca el hecho de que las playas estuvieron cerradas por el Frente Fr\u00edo 8, y m\u00e1s sin embargo, familias enteras eligieron a Tuxpan como su destino.<\/span><br \/>\n<span style=\"font-size: 14pt;\">En los espect\u00e1culos realizados en la plaza C\u00edvica, Tumilco y La Mata, hab\u00eda turistas de Tamaulipas, Nuevo Le\u00f3n, Hidalgo, Estado de M\u00e9xico, CDMX, Puebla, Quer\u00e9taro, etc.<\/span><br \/>\n<span style=\"font-size: 14pt;\">Sabemos que Tuxpan est\u00e1 por firmar convenios de colaboraci\u00f3n en materia tur\u00edstica con varios estados del centro del pa\u00eds, lo que permitir\u00e1 promover a\u00fan m\u00e1s este destino tur\u00edstico.<\/span><br \/>\n<span style=\"font-size: 14pt;\">Tambi\u00e9n existen acuerdos con la Secretar\u00eda de Turismo Federal para llevar a Tuxpan a un siguiente nivel.<\/span><br \/>\n<span style=\"font-size: 14pt;\">Que a Tuxpan le est\u00e9 yendo muy bien no es obra de la casualidad, es resultado del trabajo coordinado de los 3 niveles de gobierno, de los prestadores de servicios y del empuje de la sociedad.<\/span><br \/>\n<span style=\"font-size: 14pt;\">El cierre del 2023 ser\u00e1 m\u00e1s que positivo, no solo en materia tur\u00edstica y cultural, sino tambi\u00e9n en todo lo que tiene que ver con la econom\u00eda.<\/span><br \/>\n<span style=\"font-size: 14pt;\">Los grandes proyectos energ\u00e9ticos que est\u00e1n en marcha en el municipio, est\u00e1n generando miles de empleos bien pagados y esto redundar\u00e1 en una gran derrama econ\u00f3mica el fin de a\u00f1o.<\/span><br \/>\n<span style=\"font-size: 14pt;\">En el 2024 vendr\u00e1n cosas a\u00fan m\u00e1s grandes para Tuxpan\u2026<\/span><\/p>\n","protected":false},"excerpt":{"rendered":"<p>La temporada de vacaciones tiene un destino seguro y sin riesgos en el norte de Veracruz Por \u00c1ngel \u00c1lvaro Pe\u00f1a<\/p>\n","protected":false},"author":4,"featured_media":25446,"comment_status":"closed","ping_status":"closed","sticky":false,"template":"","format":"standard","meta":{"colormag_page_container_layout":"default_layout","colormag_page_sidebar_layout":"default_layout","_jetpack_memberships_contains_paid_content":false,"footnotes":"","jetpack_publicize_message":"","jetpack_publicize_feature_enabled":true,"jetpack_social_post_already_shared":false,"jetpack_social_options":{"image_generator_settings":{"template":"highway","default_image_id":0,"font":"","enabled":false},"version":2}},"categories":[26],"tags":[],"class_list":["post-25445","post","type-post","status-publish","format-standard","has-post-thumbnail","hentry","category-columnistas"],"jetpack_publicize_connections":[],"jetpack_featured_media_url":"https:\/\/i0.wp.com\/politicosaldesnudo.com.mx\/wp-content\/uploads\/2023\/11\/WhatsApp-Image-2023-11-05-at-20.41.53.jpeg?fit=1280%2C854&ssl=1","jetpack-related-posts":[],"jetpack_sharing_enabled":true,"_links":{"self":[{"href":"https:\/\/politicosaldesnudo.com.mx\/index.php\/wp-json\/wp\/v2\/posts\/25445","targetHints":{"allow":["GET"]}}],"collection":[{"href":"https:\/\/politicosaldesnudo.com.mx\/index.php\/wp-json\/wp\/v2\/posts"}],"about":[{"href":"https:\/\/politicosaldesnudo.com.mx\/index.php\/wp-json\/wp\/v2\/types\/post"}],"author":[{"embeddable":true,"href":"https:\/\/politicosaldesnudo.com.mx\/index.php\/wp-json\/wp\/v2\/users\/4"}],"replies":[{"embeddable":true,"href":"https:\/\/politicosaldesnudo.com.mx\/index.php\/wp-json\/wp\/v2\/comments?post=25445"}],"version-history":[{"count":0,"href":"https:\/\/politicosaldesnudo.com.mx\/index.php\/wp-json\/wp\/v2\/posts\/25445\/revisions"}],"wp:featuredmedia":[{"embeddable":true,"href":"https:\/\/politicosaldesnudo.com.mx\/index.php\/wp-json\/wp\/v2\/media\/25446"}],"wp:attachment":[{"href":"https:\/\/politicosaldesnudo.com.mx\/index.php\/wp-json\/wp\/v2\/media?parent=25445"}],"wp:term":[{"taxonomy":"category","embeddable":true,"href":"https:\/\/politicosaldesnudo.com.mx\/index.php\/wp-json\/wp\/v2\/categories?post=25445"},{"taxonomy":"post_tag","embeddable":true,"href":"https:\/\/politicosaldesnudo.com.mx\/index.php\/wp-json\/wp\/v2\/tags?post=25445"}],"curies":[{"name":"wp","href":"https:\/\/api.w.org\/{rel}","templated":true}]}}