{"id":25452,"date":"2023-11-06T01:37:58","date_gmt":"2023-11-06T07:37:58","guid":{"rendered":"https:\/\/politicosaldesnudo.com.mx\/?p=25452"},"modified":"2023-11-06T01:37:58","modified_gmt":"2023-11-06T07:37:58","slug":"sheinbaum-se-va-contra-zedillo-y-calderon","status":"publish","type":"post","link":"https:\/\/politicosaldesnudo.com.mx\/index.php\/2023\/11\/06\/sheinbaum-se-va-contra-zedillo-y-calderon\/","title":{"rendered":"Sheinbaum se va contra Zedillo y Calder\u00f3n"},"content":{"rendered":"<p><span style=\"font-size: 14pt;\">Claudia Sheinbaum Pardo, coordinadora de los Comit\u00e9s de Defensa de la Cuarta Transformaci\u00f3n sostuvo que el pueblo clama en todo el pa\u00eds porque contin\u00fae la cuarta transformaci\u00f3n de la vida p\u00fablica de M\u00e9xico por lo que el pr\u00f3ximo a\u00f1o en junio ganar\u00e1 las elecciones.<\/span><\/p>\n<p><span style=\"font-size: 14pt;\">Sostuvo que el movimiento que encabeza el presidente, Andr\u00e9s Manuel L\u00f3pez Obrador ha avanzado mucho y se va a seguir avanzando porque se lucha por el bienestar, por la democracia y por las libertades.<\/span><\/p>\n<p><span style=\"font-size: 14pt;\">\u201cY que no venga a decirnos (Ernesto) Zedillo o (Felipe) Calder\u00f3n que est\u00e1 en riesgo la democracia, ellos pusieron en riesgo la democracia y nosotros con nuestro movimiento de la cuarta transformaci\u00f3n y el pueblo de M\u00e9xico defendemos la democracia en el pa\u00eds y eso se va a ver el pr\u00f3ximo a\u00f1o que siga habiendo transformaci\u00f3n en M\u00e9xico, ese es el clamor popular\u201d, dijo.<\/span><\/p>\n<p><span style=\"font-size: 14pt;\">Al encabezar un encuentro con militantes del Estado de M\u00e9xico en el municipio de Tultepec, Sheinbaum Pardo afirm\u00f3 que la disyuntiva del pr\u00f3ximo a\u00f1o ser\u00e1 si regresamos al pasado o caminamos con la transformaci\u00f3n el pueblo de M\u00e9xico, pero confi\u00f3 en que seguir\u00e1 la transformaci\u00f3n porque el pueblo ya despert\u00f3.<\/span><\/p>\n<p><span style=\"font-size: 14pt;\">\u201cPues ahora lo que tenemos para el pr\u00f3ximo a\u00f1o es si contin\u00faa la transformaci\u00f3n o regresamos al pasado, vamos a dar continuidad a la transformaci\u00f3n de la vida p\u00fablica de M\u00e9xico. Yo no gan\u00e9 la encuesta para traicionar al pueblo de M\u00e9xico, yo gan\u00e9 la encuesta para seguir transformando nuestro pa\u00eds desde abajo, para fortalecer los programas sociales, para defender la pensi\u00f3n a adultos, para defender las becas de los j\u00f3venes de preparatoria para defender el desarrollo independiente y soberan\u00eda de nuestro pa\u00eds\u201d.<\/span><\/p>\n<p><span style=\"font-size: 14pt;\">\u201cYo no gan\u00e9 esta para arrodillarme frente al poderoso para mirar siempre al pueblo de M\u00e9xico por los que menos tienen por los m\u00e1s humildes, porque para nosotros \u201cel por el bien de todos primero los pobres\u201d, es una m\u00e1xima que vamos a seguir en el siguiente gobierno\u201d.<\/span><\/p>\n<p><span style=\"font-size: 14pt;\">Destac\u00f3 que en 2024 no va permitir que regresen los corruptos, ni los gobiernos que vieron por unos cuantos, pero eso s\u00f3lo se va lograr con el pueblo porque no es una tarea de una persona, ni de un partido o dos o tres sino una tarea de todo M\u00e9xico.<\/span><\/p>\n<p><span style=\"font-size: 14pt;\">En el acto Claudia Sheinbaum estuvo acompa\u00f1ada de la gobernadora del estado de M\u00e9xico, Delfina G\u00f3mez \u00c1lvarez, qui\u00e9n estuvo entre el p\u00fablico, debajo del templete, debido a las limitaciones que ha impuesto el Instituto Nacional Electoral.<\/span><\/p>\n<p><span style=\"font-size: 14pt;\">\u201cQuiero agradecer a una mujer muy especial que se rob\u00f3 el coraz\u00f3n de todos los mexiquenses, hombres y mujeres, que hizo lo que parec\u00eda imposible y que est\u00e1 aqu\u00ed con nosotros, la gobernadora constitucional del estado de M\u00e9xico.<\/span><\/p>\n<p><span style=\"font-size: 14pt;\">\u201cDeber\u00eda estar con nosotros en el templete, pero ya conocen al Instituto Nacional Electoral que siempre busca limitar nuestros eventos y poner trabas y entonces han prohibido que los gobernadores est\u00e9n arriba en el templete, pero es como si estuvi\u00e9ramos que est\u00e1 aqu\u00ed presente con nosotros y est\u00e1 haciendo un gran trabajo al frente del estado de M\u00e9xico\u201d, apunt\u00f3.<\/span><\/p>\n<p><span style=\"font-size: 14pt;\">Ante miles de asistentes, Sheinbaum Pardo hizo un recuento de los malos gobiernos de Carlos Salinas, Ernesto Zedillo, Felipe Calder\u00f3n, Vicente Fox y Enrique Pe\u00f1a Nieto.<\/span><\/p>\n<p><span style=\"font-size: 14pt;\">Refiri\u00f3 que con Salinas de Gortari se privatizaron m\u00e1s de 500 empresas que eran de los mexicanos y mexicanos y cuando termin\u00f3 su mandato dec\u00edan que M\u00e9xico ya era un pa\u00eds desarrollado y nos mintieron y vino una profunda crisis econ\u00f3mica en el 1994 profundizando la desigualdad.<\/span><\/p>\n<p><span style=\"font-size: 14pt;\">Abund\u00f3 que con Zedillo se dio el Fobaproa que le est\u00e1 costando a los mexicanos y mexicanas m\u00e1s de 3 billones de pesos porque decidi\u00f3 rescatar a los de arriba, los bancos y no a los deudores, a los de abajo; adem\u00e1s de privatizar los ferrocarriles. Con Fox se explotaban m\u00e1s de 3 millones de barriles de petr\u00f3leo diarios y no vimos el recurso y no hay una sola obra que recordemos y s\u00f3lo se recuerda por el desafuero de Andr\u00e9s Manuel L\u00f3pez Obrador.<\/span><\/p>\n<p><span style=\"font-size: 14pt;\">De Felipe Calder\u00f3n, dijo, se invent\u00f3 una guerra en M\u00e9xico, la guerra contra el narco que dej\u00f3 muerte, miseria, deuda, corrupci\u00f3n y desaparecidos. Y con Pe\u00f1a Nieto, se acab\u00f3 haciendo m\u00e1s corrupci\u00f3n en M\u00e9xico y privatizaci\u00f3n.<\/span><\/p>\n<p><span style=\"font-size: 14pt;\">La coordinadora de los comit\u00e9s de la cuarta transformaci\u00f3n puntualiz\u00f3 que en 2018 el pueblo despert\u00f3 y vot\u00f3 por L\u00f3pez Obrador y cambi\u00f3 la historia de M\u00e9xico, acabando con la corrupci\u00f3n, creando programas sociales y mirando por el pueblo de M\u00e9xico.<\/span><\/p>\n","protected":false},"excerpt":{"rendered":"<p>Claudia Sheinbaum Pardo, coordinadora de los Comit\u00e9s de Defensa de la Cuarta Transformaci\u00f3n sostuvo que el pueblo clama en todo<\/p>\n","protected":false},"author":4,"featured_media":25453,"comment_status":"closed","ping_status":"closed","sticky":false,"template":"","format":"standard","meta":{"colormag_page_container_layout":"default_layout","colormag_page_sidebar_layout":"default_layout","_jetpack_memberships_contains_paid_content":false,"footnotes":"","jetpack_publicize_message":"","jetpack_publicize_feature_enabled":true,"jetpack_social_post_already_shared":false,"jetpack_social_options":{"image_generator_settings":{"template":"highway","default_image_id":0,"font":"","enabled":false},"version":2}},"categories":[33],"tags":[],"class_list":["post-25452","post","type-post","status-publish","format-standard","has-post-thumbnail","hentry","category-nacional"],"jetpack_publicize_connections":[],"jetpack_featured_media_url":"https:\/\/i0.wp.com\/politicosaldesnudo.com.mx\/wp-content\/uploads\/2023\/11\/claudia-sheinbaum-candidata-quien-es-7-1.jpg?fit=1200%2C800&ssl=1","jetpack-related-posts":[],"jetpack_sharing_enabled":true,"_links":{"self":[{"href":"https:\/\/politicosaldesnudo.com.mx\/index.php\/wp-json\/wp\/v2\/posts\/25452","targetHints":{"allow":["GET"]}}],"collection":[{"href":"https:\/\/politicosaldesnudo.com.mx\/index.php\/wp-json\/wp\/v2\/posts"}],"about":[{"href":"https:\/\/politicosaldesnudo.com.mx\/index.php\/wp-json\/wp\/v2\/types\/post"}],"author":[{"embeddable":true,"href":"https:\/\/politicosaldesnudo.com.mx\/index.php\/wp-json\/wp\/v2\/users\/4"}],"replies":[{"embeddable":true,"href":"https:\/\/politicosaldesnudo.com.mx\/index.php\/wp-json\/wp\/v2\/comments?post=25452"}],"version-history":[{"count":0,"href":"https:\/\/politicosaldesnudo.com.mx\/index.php\/wp-json\/wp\/v2\/posts\/25452\/revisions"}],"wp:featuredmedia":[{"embeddable":true,"href":"https:\/\/politicosaldesnudo.com.mx\/index.php\/wp-json\/wp\/v2\/media\/25453"}],"wp:attachment":[{"href":"https:\/\/politicosaldesnudo.com.mx\/index.php\/wp-json\/wp\/v2\/media?parent=25452"}],"wp:term":[{"taxonomy":"category","embeddable":true,"href":"https:\/\/politicosaldesnudo.com.mx\/index.php\/wp-json\/wp\/v2\/categories?post=25452"},{"taxonomy":"post_tag","embeddable":true,"href":"https:\/\/politicosaldesnudo.com.mx\/index.php\/wp-json\/wp\/v2\/tags?post=25452"}],"curies":[{"name":"wp","href":"https:\/\/api.w.org\/{rel}","templated":true}]}}