{"id":25458,"date":"2023-11-06T01:43:56","date_gmt":"2023-11-06T07:43:56","guid":{"rendered":"https:\/\/politicosaldesnudo.com.mx\/?p=25458"},"modified":"2023-11-06T01:43:56","modified_gmt":"2023-11-06T07:43:56","slug":"masa-salarial-de-mexicanos-en-eu-continua-creciendo","status":"publish","type":"post","link":"https:\/\/politicosaldesnudo.com.mx\/index.php\/2023\/11\/06\/masa-salarial-de-mexicanos-en-eu-continua-creciendo\/","title":{"rendered":"Masa salarial de mexicanos en EU contin\u00faa creciendo"},"content":{"rendered":"<p><span style=\"font-size: 14pt;\">La masa salarial \u2014el ingreso laboral acumulado anual obtenido en Estados Unidos por los trabajadores mexicanos inmigrantes\u2014 contin\u00faa creciendo; cerr\u00f3 septiembre en 324 mil 838 millones de d\u00f3lares, cifra que represent\u00f3 un incremento de 2 por ciento con relaci\u00f3n a la registrada en los doce meses previos a septiembre de 2022, seg\u00fan datos del Centro de Estudios Monetarios Latinoamericanos (Cemla).<\/span><\/p>\n<p><span style=\"font-size: 14pt;\">Como resultado, la masa salarial de los mexicanos inmigrantes establecidos de manera formal en EU acumula tres a\u00f1os consecutivos de crecimiento, esto luego de la ligera ca\u00edda que tuvo en 2020 como consecuencia de la crisis econ\u00f3mica que provoc\u00f3 la pandemia de coronavirus, la cual deriv\u00f3 en una disminuci\u00f3n en las plazas laborales ante el cierre de actividades.<\/span><\/p>\n<p><span style=\"font-size: 14pt;\">La masa salarial de los \u00faltimos 12 meses se integr\u00f3 de 228 mil 842 millones de d\u00f3lares obtenidos por los trabajadores de g\u00e9nero masculino, los cuales representan 70.4 por ciento del total; y 95 mil 996 millones por las mujeres, que conforman el otro 29.6 por ciento.<\/span><\/p>\n<p><span style=\"font-size: 14pt;\">La menor participaci\u00f3n de las mujeres que de los hombres, se\u00f1al\u00f3 Jes\u00fas A. Cervantes, coordinador del Foro de Remesas de Am\u00e9rica Latina y el Caribe, que depende del Cemla, refleja una tasa de participaci\u00f3n m\u00e1s baja de ellas en el mercado de trabajo.<\/span><\/p>\n<p><span style=\"font-size: 14pt;\">Adem\u00e1s, continu\u00f3, hay una mayor proporci\u00f3n de mujeres en ocupaciones de tiempo parcial, respecto a lo que se observa en los hombres, cuyas remuneraciones son cerca de la mitad de las obtenidas en las de tiempo completo y una composici\u00f3n sectorial del empleo de las mujeres con mayor presencia en ocupaciones con menores remuneraciones medias, particularmente en algunas actividades de servicios.<\/span><\/p>\n<p><span style=\"font-size: 14pt;\">\u201cAsimismo, tambi\u00e9n hay casos en que las mujeres reciben menores remuneraciones que los hombres en ocupaciones en que desempe\u00f1an la misma actividad laboral\u201d, lament\u00f3.<\/span><\/p>\n","protected":false},"excerpt":{"rendered":"<p>La masa salarial \u2014el ingreso laboral acumulado anual obtenido en Estados Unidos por los trabajadores mexicanos inmigrantes\u2014 contin\u00faa creciendo; cerr\u00f3<\/p>\n","protected":false},"author":4,"featured_media":25459,"comment_status":"closed","ping_status":"closed","sticky":false,"template":"","format":"standard","meta":{"colormag_page_container_layout":"default_layout","colormag_page_sidebar_layout":"default_layout","_jetpack_memberships_contains_paid_content":false,"footnotes":"","jetpack_publicize_message":"","jetpack_publicize_feature_enabled":true,"jetpack_social_post_already_shared":false,"jetpack_social_options":{"image_generator_settings":{"template":"highway","default_image_id":0,"font":"","enabled":false},"version":2}},"categories":[2050],"tags":[],"class_list":["post-25458","post","type-post","status-publish","format-standard","has-post-thumbnail","hentry","category-economia"],"jetpack_publicize_connections":[],"jetpack_featured_media_url":"https:\/\/i0.wp.com\/politicosaldesnudo.com.mx\/wp-content\/uploads\/2023\/11\/migrantes-trabajadores-jornaleros-agricolas.jpg?fit=900%2C615&ssl=1","jetpack-related-posts":[],"jetpack_sharing_enabled":true,"_links":{"self":[{"href":"https:\/\/politicosaldesnudo.com.mx\/index.php\/wp-json\/wp\/v2\/posts\/25458","targetHints":{"allow":["GET"]}}],"collection":[{"href":"https:\/\/politicosaldesnudo.com.mx\/index.php\/wp-json\/wp\/v2\/posts"}],"about":[{"href":"https:\/\/politicosaldesnudo.com.mx\/index.php\/wp-json\/wp\/v2\/types\/post"}],"author":[{"embeddable":true,"href":"https:\/\/politicosaldesnudo.com.mx\/index.php\/wp-json\/wp\/v2\/users\/4"}],"replies":[{"embeddable":true,"href":"https:\/\/politicosaldesnudo.com.mx\/index.php\/wp-json\/wp\/v2\/comments?post=25458"}],"version-history":[{"count":0,"href":"https:\/\/politicosaldesnudo.com.mx\/index.php\/wp-json\/wp\/v2\/posts\/25458\/revisions"}],"wp:featuredmedia":[{"embeddable":true,"href":"https:\/\/politicosaldesnudo.com.mx\/index.php\/wp-json\/wp\/v2\/media\/25459"}],"wp:attachment":[{"href":"https:\/\/politicosaldesnudo.com.mx\/index.php\/wp-json\/wp\/v2\/media?parent=25458"}],"wp:term":[{"taxonomy":"category","embeddable":true,"href":"https:\/\/politicosaldesnudo.com.mx\/index.php\/wp-json\/wp\/v2\/categories?post=25458"},{"taxonomy":"post_tag","embeddable":true,"href":"https:\/\/politicosaldesnudo.com.mx\/index.php\/wp-json\/wp\/v2\/tags?post=25458"}],"curies":[{"name":"wp","href":"https:\/\/api.w.org\/{rel}","templated":true}]}}