{"id":25479,"date":"2023-11-06T08:36:09","date_gmt":"2023-11-06T14:36:09","guid":{"rendered":"https:\/\/politicosaldesnudo.com.mx\/?p=25479"},"modified":"2023-11-06T08:36:09","modified_gmt":"2023-11-06T14:36:09","slug":"restablecen-servicio-en-modulo-del-ine-en-acapulco","status":"publish","type":"post","link":"https:\/\/politicosaldesnudo.com.mx\/index.php\/2023\/11\/06\/restablecen-servicio-en-modulo-del-ine-en-acapulco\/","title":{"rendered":"Restablecen servicio en m\u00f3dulo del INE en Acapulco"},"content":{"rendered":"<p><span style=\"font-size: 14pt;\">El Instituto Nacional Electoral (INE) a trav\u00e9s de su Junta Local Ejecutiva en Guerrero y en coordinaci\u00f3n con la 04 Junta Distrital Ejecutiva, reactivaron cinco estaciones de trabajo que estar\u00e1n brindando servicios de lunes a s\u00e1bado en un horario de 09:00 a 16:00 horas, el M\u00f3dulo de Atenci\u00f3n Ciudadana (MAC) que se encuentra ubicado sobre Costera #125 en Acapulco de Ju\u00e1rez, Guerrero.<\/span><\/p>\n<p><span style=\"font-size: 14pt;\">El Vocal Ejecutivo de la Junta Local Ejecutiva en Guerrero, Donaciano Mu\u00f1oz Loyola inform\u00f3 que en \u201caras de atender las necesidades de la ciudadan\u00eda guerrense por recuperar su credencial para votar y que \u00e9sta les permita recibir los apoyos del gobierno local y federal\u201d el INE instruy\u00f3 activar los m\u00e1s m\u00f3dulos posibles para atender a la poblaci\u00f3n afectada por el hurac\u00e1n Otis.<\/span><\/p>\n<p><span style=\"font-size: 14pt;\">Para las personas que no cuentan con documentos personales que les permitan tramitar su credencial, se activar\u00e1 el protocolo especial y con s\u00f3lo sus huellas dactilares se les podr\u00e1 identificar y realizar el tr\u00e1mite de reimpresi\u00f3n de su credencial de elector. Es importante se\u00f1alar que en esta modalidad no se podr\u00e1n hacer cambios a los datos de su credencial.<\/span><\/p>\n<p><span style=\"font-size: 14pt;\">La mica de identificaci\u00f3n se entregar\u00e1 en un t\u00e9rmino de cuatro a cinco d\u00edas h\u00e1biles.<\/span><\/p>\n<p><span style=\"font-size: 14pt;\">En esta primera etapa de atenci\u00f3n inmendiata, el m\u00f3dulo aperturado podr\u00e1 atender hasta 350 personas en una jornada. Mu\u00f1oz Loyola indic\u00f3 que paulatinamente se estar\u00e1n instalando m\u00e1s estaciones de trabajo hasta llegar a 21, que es la capacidad total con la que se cuenta en los seis MAC de la ciudad de Acapulco.<\/span><\/p>\n<p><span style=\"font-size: 14pt;\">La segunda etapa de atenci\u00f3n contempla la puesta en marcha de m\u00f3dulos itinerantes que saldr\u00e1n a las localidades con mayores afectaciones y que presentan dificultades para trasladarse hasta el m\u00f3dulo de atenci\u00f3n aperturado.<\/span><\/p>\n","protected":false},"excerpt":{"rendered":"<p>El Instituto Nacional Electoral (INE) a trav\u00e9s de su Junta Local Ejecutiva en Guerrero y en coordinaci\u00f3n con la 04<\/p>\n","protected":false},"author":4,"featured_media":25480,"comment_status":"closed","ping_status":"closed","sticky":false,"template":"","format":"standard","meta":{"colormag_page_container_layout":"default_layout","colormag_page_sidebar_layout":"default_layout","_jetpack_memberships_contains_paid_content":false,"footnotes":"","jetpack_publicize_message":"","jetpack_publicize_feature_enabled":true,"jetpack_social_post_already_shared":false,"jetpack_social_options":{"image_generator_settings":{"template":"highway","default_image_id":0,"font":"","enabled":false},"version":2}},"categories":[30],"tags":[],"class_list":["post-25479","post","type-post","status-publish","format-standard","has-post-thumbnail","hentry","category-estados"],"jetpack_publicize_connections":[],"jetpack_featured_media_url":"https:\/\/i0.wp.com\/politicosaldesnudo.com.mx\/wp-content\/uploads\/2023\/11\/OIF-1.jpg?fit=474%2C315&ssl=1","jetpack-related-posts":[],"jetpack_sharing_enabled":true,"_links":{"self":[{"href":"https:\/\/politicosaldesnudo.com.mx\/index.php\/wp-json\/wp\/v2\/posts\/25479","targetHints":{"allow":["GET"]}}],"collection":[{"href":"https:\/\/politicosaldesnudo.com.mx\/index.php\/wp-json\/wp\/v2\/posts"}],"about":[{"href":"https:\/\/politicosaldesnudo.com.mx\/index.php\/wp-json\/wp\/v2\/types\/post"}],"author":[{"embeddable":true,"href":"https:\/\/politicosaldesnudo.com.mx\/index.php\/wp-json\/wp\/v2\/users\/4"}],"replies":[{"embeddable":true,"href":"https:\/\/politicosaldesnudo.com.mx\/index.php\/wp-json\/wp\/v2\/comments?post=25479"}],"version-history":[{"count":0,"href":"https:\/\/politicosaldesnudo.com.mx\/index.php\/wp-json\/wp\/v2\/posts\/25479\/revisions"}],"wp:featuredmedia":[{"embeddable":true,"href":"https:\/\/politicosaldesnudo.com.mx\/index.php\/wp-json\/wp\/v2\/media\/25480"}],"wp:attachment":[{"href":"https:\/\/politicosaldesnudo.com.mx\/index.php\/wp-json\/wp\/v2\/media?parent=25479"}],"wp:term":[{"taxonomy":"category","embeddable":true,"href":"https:\/\/politicosaldesnudo.com.mx\/index.php\/wp-json\/wp\/v2\/categories?post=25479"},{"taxonomy":"post_tag","embeddable":true,"href":"https:\/\/politicosaldesnudo.com.mx\/index.php\/wp-json\/wp\/v2\/tags?post=25479"}],"curies":[{"name":"wp","href":"https:\/\/api.w.org\/{rel}","templated":true}]}}