{"id":25486,"date":"2023-11-06T11:55:26","date_gmt":"2023-11-06T17:55:26","guid":{"rendered":"https:\/\/politicosaldesnudo.com.mx\/?p=25486"},"modified":"2023-11-06T11:55:26","modified_gmt":"2023-11-06T17:55:26","slug":"colegio-regina-nunez-participa-en-el-lunes-civico","status":"publish","type":"post","link":"https:\/\/politicosaldesnudo.com.mx\/index.php\/2023\/11\/06\/colegio-regina-nunez-participa-en-el-lunes-civico\/","title":{"rendered":"Colegio \u201cRegina N\u00fa\u00f1ez\u201d participa en el Lunes C\u00edvico"},"content":{"rendered":"<p><span style=\"font-size: 14pt;\">Tuxpan, Ver.- Con la participaci\u00f3n de alumnas, alumnos y personal docente del colegio \u201cRegina N\u00fa\u00f1ez\u201d, el gobierno de Tuxpan llev\u00f3 a cabo el Lunes C\u00edvico en los bajos de Presidencia Municipal.<\/span><\/p>\n<p><span style=\"font-size: 14pt;\">En este acto, que busca promover en la ciudadan\u00eda y en la comunidad estudiantil el amor a la patria y fortalecer nuestra identidad nacional, se conmemor\u00f3 el D\u00eda del Ferrocarrilero y el 116 aniversario luctuoso de Jes\u00fas Garc\u00eda Corona, \u201cH\u00e9roe de Nacozari\u201d.<\/span><\/p>\n<p><img data-recalc-dims=\"1\" loading=\"lazy\" decoding=\"async\" class=\"aligncenter size-large wp-image-25488\" src=\"https:\/\/i0.wp.com\/politicosaldesnudo.com.mx\/wp-content\/uploads\/2023\/11\/WhatsApp-Image-2023-11-06-at-10.54.55-2-1024x681.jpeg?resize=800%2C532&#038;ssl=1\" alt=\"\" width=\"800\" height=\"532\" srcset=\"https:\/\/i0.wp.com\/politicosaldesnudo.com.mx\/wp-content\/uploads\/2023\/11\/WhatsApp-Image-2023-11-06-at-10.54.55-2.jpeg?resize=1024%2C681&amp;ssl=1 1024w, https:\/\/i0.wp.com\/politicosaldesnudo.com.mx\/wp-content\/uploads\/2023\/11\/WhatsApp-Image-2023-11-06-at-10.54.55-2.jpeg?resize=300%2C199&amp;ssl=1 300w, https:\/\/i0.wp.com\/politicosaldesnudo.com.mx\/wp-content\/uploads\/2023\/11\/WhatsApp-Image-2023-11-06-at-10.54.55-2.jpeg?resize=768%2C511&amp;ssl=1 768w, https:\/\/i0.wp.com\/politicosaldesnudo.com.mx\/wp-content\/uploads\/2023\/11\/WhatsApp-Image-2023-11-06-at-10.54.55-2.jpeg?w=1280&amp;ssl=1 1280w\" sizes=\"auto, (max-width: 800px) 100vw, 800px\" \/><\/p>\n<p><span style=\"font-size: 14pt;\">En el pres\u00eddium estuvieron el Prof. Jorge Arturo Garc\u00eda Robles, director de Educaci\u00f3n, en representaci\u00f3n del alcalde Jos\u00e9 Manuel Pozos Castro; el regidor comisionado en Educaci\u00f3n, Luis Demetrio L\u00f3pez Mar\u00edn; la regidora Maryanela Monroy Flores.<\/span><\/p>\n<p><span style=\"font-size: 14pt;\">Asimismo, la Profa. Martha Alicia Ochoa Maravilla, directora del Colegio \u201cRegina N\u00fa\u00f1ez\u201d; el Prof. On\u00e9simo P\u00e9rez Ramos, delegado regional de la SEV en Tuxpan, y la directora de Museos y Bibliotecas, Marisol Miquelajauregui Guzm\u00e1n.<\/span><\/p>\n<p><img data-recalc-dims=\"1\" loading=\"lazy\" decoding=\"async\" class=\"aligncenter size-large wp-image-25487\" src=\"https:\/\/i0.wp.com\/politicosaldesnudo.com.mx\/wp-content\/uploads\/2023\/11\/WhatsApp-Image-2023-11-06-at-10.54.55-1-1024x681.jpeg?resize=800%2C532&#038;ssl=1\" alt=\"\" width=\"800\" height=\"532\" srcset=\"https:\/\/i0.wp.com\/politicosaldesnudo.com.mx\/wp-content\/uploads\/2023\/11\/WhatsApp-Image-2023-11-06-at-10.54.55-1.jpeg?resize=1024%2C681&amp;ssl=1 1024w, https:\/\/i0.wp.com\/politicosaldesnudo.com.mx\/wp-content\/uploads\/2023\/11\/WhatsApp-Image-2023-11-06-at-10.54.55-1.jpeg?resize=300%2C199&amp;ssl=1 300w, https:\/\/i0.wp.com\/politicosaldesnudo.com.mx\/wp-content\/uploads\/2023\/11\/WhatsApp-Image-2023-11-06-at-10.54.55-1.jpeg?resize=768%2C511&amp;ssl=1 768w, https:\/\/i0.wp.com\/politicosaldesnudo.com.mx\/wp-content\/uploads\/2023\/11\/WhatsApp-Image-2023-11-06-at-10.54.55-1.jpeg?w=1280&amp;ssl=1 1280w\" sizes=\"auto, (max-width: 800px) 100vw, 800px\" \/><\/p>\n<p><span style=\"font-size: 14pt;\">Las y los estudiantes de 5\u00ba y 6\u00ba grado Yeimi Nicole, Edson Adri\u00e1n, Emery Lili, Lian Kimora, Jos\u00e9 de Jes\u00fas, Ana Victoria y Mayte Madison expusieron las efem\u00e9rides de esta semana, rememorando los sucesos que forman parte de nuestra historia.<\/span><\/p>\n<p><span style=\"font-size: 14pt;\">La alumna G\u00e9nesis Regina present\u00f3 una biograf\u00eda de Jes\u00fas Garc\u00eda Corona; y estudiantes de sexto interpretaron el corrido popular \u201cMaquina 501\u201d.<\/span><\/p>\n<p><span style=\"font-size: 14pt;\">Al evento tambi\u00e9n asistieron personal directivo y administrativo y padres de familia del colegio Regina N\u00fa\u00f1ez; as\u00ed como elementos de la Secretar\u00eda de Marina y de la Polic\u00eda Municipal.<\/span><\/p>\n","protected":false},"excerpt":{"rendered":"<p>Tuxpan, Ver.- Con la participaci\u00f3n de alumnas, alumnos y personal docente del colegio \u201cRegina N\u00fa\u00f1ez\u201d, el gobierno de Tuxpan llev\u00f3<\/p>\n","protected":false},"author":4,"featured_media":25489,"comment_status":"closed","ping_status":"closed","sticky":false,"template":"","format":"standard","meta":{"colormag_page_container_layout":"default_layout","colormag_page_sidebar_layout":"default_layout","_jetpack_memberships_contains_paid_content":false,"footnotes":"","jetpack_publicize_message":"","jetpack_publicize_feature_enabled":true,"jetpack_social_post_already_shared":false,"jetpack_social_options":{"image_generator_settings":{"template":"highway","default_image_id":0,"font":"","enabled":false},"version":2}},"categories":[1082],"tags":[],"class_list":["post-25486","post","type-post","status-publish","format-standard","has-post-thumbnail","hentry","category-tuxpan"],"jetpack_publicize_connections":[],"jetpack_featured_media_url":"https:\/\/i0.wp.com\/politicosaldesnudo.com.mx\/wp-content\/uploads\/2023\/11\/WhatsApp-Image-2023-11-06-at-10.54.55.jpeg?fit=1280%2C851&ssl=1","jetpack-related-posts":[],"jetpack_sharing_enabled":true,"_links":{"self":[{"href":"https:\/\/politicosaldesnudo.com.mx\/index.php\/wp-json\/wp\/v2\/posts\/25486","targetHints":{"allow":["GET"]}}],"collection":[{"href":"https:\/\/politicosaldesnudo.com.mx\/index.php\/wp-json\/wp\/v2\/posts"}],"about":[{"href":"https:\/\/politicosaldesnudo.com.mx\/index.php\/wp-json\/wp\/v2\/types\/post"}],"author":[{"embeddable":true,"href":"https:\/\/politicosaldesnudo.com.mx\/index.php\/wp-json\/wp\/v2\/users\/4"}],"replies":[{"embeddable":true,"href":"https:\/\/politicosaldesnudo.com.mx\/index.php\/wp-json\/wp\/v2\/comments?post=25486"}],"version-history":[{"count":0,"href":"https:\/\/politicosaldesnudo.com.mx\/index.php\/wp-json\/wp\/v2\/posts\/25486\/revisions"}],"wp:featuredmedia":[{"embeddable":true,"href":"https:\/\/politicosaldesnudo.com.mx\/index.php\/wp-json\/wp\/v2\/media\/25489"}],"wp:attachment":[{"href":"https:\/\/politicosaldesnudo.com.mx\/index.php\/wp-json\/wp\/v2\/media?parent=25486"}],"wp:term":[{"taxonomy":"category","embeddable":true,"href":"https:\/\/politicosaldesnudo.com.mx\/index.php\/wp-json\/wp\/v2\/categories?post=25486"},{"taxonomy":"post_tag","embeddable":true,"href":"https:\/\/politicosaldesnudo.com.mx\/index.php\/wp-json\/wp\/v2\/tags?post=25486"}],"curies":[{"name":"wp","href":"https:\/\/api.w.org\/{rel}","templated":true}]}}